{"id":9907,"date":"2013-07-09T08:29:41","date_gmt":"2013-07-09T12:29:41","guid":{"rendered":"http:\/\/www.lecarrefourdesopinions.ca\/?p=9907"},"modified":"2013-07-11T12:20:27","modified_gmt":"2013-07-11T16:20:27","slug":"nos-remerciements-particuliers","status":"publish","type":"post","link":"https:\/\/www.lecarrefourdesopinions.ca\/?p=9907","title":{"rendered":"Nos remerciements particuliers"},"content":{"rendered":"<p>\u00a0<strong>Lyc\u00e9e St.Staszic<\/strong><\/p>\n<p>Pologne, \u00a0\u00a0\u00a0\u00a0\u00a0\u00a0\u00a0\u00a0\u00a0\u00a0\u00a0\u00a0\u00a0\u00a0\u00a0\u00a0\u00a0\u00a0\u00a0\u00a0\u00a0\u00a0\u00a0\u00a0\u00a0\u00a0\u00a0\u00a0\u00a0\u00a0\u00a0\u00a0\u00a0\u00a0\u00a0\u00a0\u00a0\u00a0\u00a0\u00a0\u00a0\u00a0\u00a0\u00a0\u00a0\u00a0\u00a0\u00a0\u00a0\u00a0\u00a0\u00a0\u00a0\u00a0\u00a0\u00a0\u00a0\u00a0\u00a0\u00a0\u00a0\u00a0\u00a0\u00a0\u00a0\u00a0\u00a0\u00a0\u00a0\u00a0\u00a0\u00a0\u00a0\u00a0\u00a0\u00a0\u00a0\u00a0\u00a0\u00a0\u00a0le 26.06.2013<\/p>\n<p>27-400 Ostrowiec w. ul.Kili\u0144skiego 19<\/p>\n<p>\u00a0<img loading=\"lazy\" decoding=\"async\" class=\"alignleft size-thumbnail wp-image-9912\" title=\"logo Staszic\" src=\"http:\/\/www.lecarrefourdesopinions.ca\/wp-content\/uploads\/2013\/07\/logo-Staszic-134x107.jpg\" alt=\"\" width=\"134\" height=\"107\" \/><\/p>\n<p>&nbsp;<\/p>\n<p><strong>Mesdames et Messieurs, Membres de la r\u00e9daction du Carrefour des Opinions.<\/strong><\/p>\n<p>C\u2019est dans le besoin qu\u2019on reconna\u00eet ses vrais amis. Ils sont comme les \u00e9toiles, pas toujours voyants, mais toujours pr\u00e9sents. Chers amis, Nous tenons \u00e0 vous remercier pour tout ce que vous avez fait pour Weronika Iljasow, notre ancienne \u00e9l\u00e8ve. Gr\u00e2ce \u00e0 votre appui, elle a pu s\u2019\u00e9panouir \u00e0 Montr\u00e9al et acqu\u00e9rir de l\u2019exp\u00e9rience. <strong>MERCI POUR VOTRE GRAND COEUR, VOTRE ENORME AIDE ET VOTRE DEVOUEMENT <\/strong>Nous vous en sommes infiniment reconnaissants. En espoir de vous revoir un jour chez nous, \u00e0 Ostrowiec, en Pologne, nous vous remercions encore une fois et nous vous pr\u00e9sentons nos meilleures salutations cordiales.<\/p>\n<p>&nbsp;<\/p>\n<p>\u00a0\u00a0\u00a0\u00a0\u00a0\u00a0\u00a0\u00a0\u00a0\u00a0\u00a0\u00a0\u00a0\u00a0\u00a0\u00a0\u00a0\u00a0\u00a0\u00a0\u00a0\u00a0\u00a0\u00a0\u00a0 <img loading=\"lazy\" decoding=\"async\" class=\"aligncenter size-thumbnail wp-image-9909\" title=\"Podpis Grazyna\" src=\"http:\/\/www.lecarrefourdesopinions.ca\/wp-content\/uploads\/2013\/07\/Podpis-Grazyna-134x82.jpg\" alt=\"\" width=\"134\" height=\"82\" \/>\u00a0\u00a0\u00a0\u00a0\u00a0\u00a0\u00a0\u00a0\u00a0\u00a0\u00a0\u00a0\u00a0\u00a0\u00a0\u00a0\u00a0\u00a0\u00a0\u00a0\u00a0\u00a0\u00a0 Gra\u017cyna Ka\u0142amaga<\/p>\n<p style=\"text-align: left;\">\u00a0\u00a0\u00a0\u00a0\u00a0\u00a0\u00a0\u00a0\u00a0\u00a0\u00a0\u00a0\u00a0\u00a0\u00a0\u00a0\u00a0\u00a0\u00a0\u00a0\u00a0\u00a0 Directrice du Lyc\u00e9e Staszic<\/p>\n<p>\u00a0<img loading=\"lazy\" decoding=\"async\" class=\"alignleft size-thumbnail wp-image-9908\" title=\"podpis Gibalska\" src=\"http:\/\/www.lecarrefourdesopinions.ca\/wp-content\/uploads\/2013\/07\/podpis-Gibalska-134x59.jpg\" alt=\"\" width=\"134\" height=\"61\" \/><\/p>\n<p>&nbsp;<\/p>\n<p>&nbsp;<\/p>\n<p>&nbsp;<\/p>\n<p>Joanna Gibalska<\/p>\n<p>Enseignante de fran\u00e7ais<\/p>\n<p>au Lyc\u00e9e Staszic Ostrowiec\u00a0 &#8211; Pologne<\/p>\n<p>Ostrowiec Pologne<\/p>\n<script type=\"text\/javascript\">\n\nvar addthis_config = {\"data_track_clickback\":false,\"data_track_addressbar\":false,\"data_track_textcopy\":false};\n<\/script><script type=\"text\/javascript\" src=\"\/\/s7.addthis.com\/js\/250\/addthis_widget.js#pubid=f084fdfbcefba74c78dfad3bbc873ffd\"><\/script>","protected":false},"excerpt":{"rendered":"<p>\u00a0Lyc\u00e9e St.Staszic<\/p>\n<p>Pologne, \u00a0\u00a0\u00a0\u00a0\u00a0\u00a0\u00a0\u00a0\u00a0\u00a0\u00a0\u00a0\u00a0\u00a0\u00a0\u00a0\u00a0\u00a0\u00a0\u00a0\u00a0\u00a0\u00a0\u00a0\u00a0\u00a0\u00a0\u00a0\u00a0\u00a0\u00a0\u00a0\u00a0\u00a0\u00a0\u00a0\u00a0\u00a0\u00a0\u00a0\u00a0\u00a0\u00a0\u00a0\u00a0\u00a0\u00a0\u00a0\u00a0\u00a0\u00a0\u00a0\u00a0\u00a0\u00a0\u00a0\u00a0\u00a0\u00a0\u00a0\u00a0\u00a0\u00a0\u00a0\u00a0\u00a0\u00a0\u00a0\u00a0\u00a0\u00a0\u00a0\u00a0\u00a0\u00a0\u00a0\u00a0\u00a0\u00a0\u00a0\u00a0le 26.06.2013<\/p>\n<p>27-400 Ostrowiec w. ul.Kili\u0144skiego 19<\/p>\n<p>\u00a0<\/p>\n<p>&nbsp;<\/p>\n<p>Mesdames et Messieurs, Membres de la r\u00e9daction du Carrefour des Opinions.<\/p>\n<p>C\u2019est dans le besoin qu\u2019on reconna\u00eet ses vrais amis. Ils sont comme les \u00e9toiles, pas &hellip;<\/p>\n","protected":false},"author":1,"featured_media":0,"comment_status":"open","ping_status":"open","sticky":false,"template":"","format":"standard","meta":{"footnotes":""},"categories":[1],"tags":[],"class_list":["post-9907","post","type-post","status-publish","format-standard","hentry","category-accueil"],"_links":{"self":[{"href":"https:\/\/www.lecarrefourdesopinions.ca\/index.php?rest_route=\/wp\/v2\/posts\/9907","targetHints":{"allow":["GET"]}}],"collection":[{"href":"https:\/\/www.lecarrefourdesopinions.ca\/index.php?rest_route=\/wp\/v2\/posts"}],"about":[{"href":"https:\/\/www.lecarrefourdesopinions.ca\/index.php?rest_route=\/wp\/v2\/types\/post"}],"author":[{"embeddable":true,"href":"https:\/\/www.lecarrefourdesopinions.ca\/index.php?rest_route=\/wp\/v2\/users\/1"}],"replies":[{"embeddable":true,"href":"https:\/\/www.lecarrefourdesopinions.ca\/index.php?rest_route=%2Fwp%2Fv2%2Fcomments&post=9907"}],"version-history":[{"count":5,"href":"https:\/\/www.lecarrefourdesopinions.ca\/index.php?rest_route=\/wp\/v2\/posts\/9907\/revisions"}],"predecessor-version":[{"id":9934,"href":"https:\/\/www.lecarrefourdesopinions.ca\/index.php?rest_route=\/wp\/v2\/posts\/9907\/revisions\/9934"}],"wp:attachment":[{"href":"https:\/\/www.lecarrefourdesopinions.ca\/index.php?rest_route=%2Fwp%2Fv2%2Fmedia&parent=9907"}],"wp:term":[{"taxonomy":"category","embeddable":true,"href":"https:\/\/www.lecarrefourdesopinions.ca\/index.php?rest_route=%2Fwp%2Fv2%2Fcategories&post=9907"},{"taxonomy":"post_tag","embeddable":true,"href":"https:\/\/www.lecarrefourdesopinions.ca\/index.php?rest_route=%2Fwp%2Fv2%2Ftags&post=9907"}],"curies":[{"name":"wp","href":"https:\/\/api.w.org\/{rel}","templated":true}]}}