{"id":9890,"date":"2013-07-09T08:32:45","date_gmt":"2013-07-09T12:32:45","guid":{"rendered":"http:\/\/www.lecarrefourdesopinions.ca\/?p=9890"},"modified":"2013-07-09T08:32:45","modified_gmt":"2013-07-09T12:32:45","slug":"des-primaires-souverainistes","status":"publish","type":"post","link":"https:\/\/www.lecarrefourdesopinions.ca\/?p=9890","title":{"rendered":"Des primaires souverainistes"},"content":{"rendered":"<p><strong>Des primaires souverainistes, un subterfuge <\/strong><\/p>\n<p><strong>visant \u00e0 pr\u00e9server l\u2019h\u00e9g\u00e9monie du PQ<\/strong><\/p>\n<p><img decoding=\"async\" class=\"alignleft size-full wp-image-9892\" title=\"Photo Paul Cliche\" src=\"http:\/\/www.lecarrefourdesopinions.ca\/wp-content\/uploads\/2013\/06\/Photo-Paul-Cliche.bmp\" alt=\"\" \/>\u00a0 \u00a0 \u00a0 <span style=\"color: #800000;\"><em>Par Paul Cliche \u00a0 \u00a0 \u00a0 \u00a0 \u00a0<\/em><\/span><\/p>\n<p>&nbsp;<\/p>\n<p style=\"text-align: justify;\">Lanc\u00e9e fin mai\u00a0 dans le cadre du congr\u00e8s de la Convergence nationale, force est de constater, quelques semaines plus tard,\u00a0 que l\u2019id\u00e9e de tenir des primaires souverainistes pour assurer la pr\u00e9sence d\u2019un seul candidat de cette mouvance dans les diff\u00e9rentes circonscriptions, lors des prochaines \u00e9lections g\u00e9n\u00e9rales, ne l\u00e8ve pas m\u00eame si elle fait l\u2019affaire des p\u00e9quistes bien entendu.<\/p>\n<p>&nbsp;<\/p>\n<p style=\"text-align: justify;\">C\u2019est que la plupart des souverainistes, qui ne sont pas membres du parti de Pauline Marois, se rendent\u00a0 compte qu\u2019il s\u2019agit d\u2019un subterfuge pour assurer que le Parti qu\u00e9b\u00e9cois conservera la position h\u00e9g\u00e9monique qu\u2019il a occup\u00e9 jusqu\u2019ici dans le mouvement souverainiste. Un moyen qui serait en fait plus efficace encore que le scrutin majoritaire, -et que le vote strat\u00e9gique induit par ce dernier- pour emp\u00eacher les partis ind\u00e9pendantistes minoritaires \u00a0de faire \u00e9lire des d\u00e9put\u00e9s \u00e0 l\u2019Assembl\u00e9e nationale en proportion des suffrages re\u00e7us comme le rendrait possible un\u00a0 scrutin proportionnel; le tout au profit du Parti qu\u00e9b\u00e9cois \u00e9videmment.<\/p>\n<p>&nbsp;<\/p>\n<p style=\"text-align: justify;\">Ce n\u2019est donc pas avec un exercice aussi antid\u00e9mocratique qu\u2019on pourra assurer l\u2019unit\u00e9 des partis ind\u00e9pendantistes souverainistes. La solution passe plut\u00f4t \u2013mais on ne veut toujours pas le comprendre au PQ- par une r\u00e9forme qui instaurerait un mode de scrutin \u00e0 composante proportionnelle permettant \u00e0 chaque parti souverainiste de faire le plein de ses voix et lui assurerait une repr\u00e9sentation \u00e9quitable au Parlement. Ce n\u2019est qu\u2019une fois les \u00e9lections pass\u00e9es qu\u2019il serait question formellement de coalition en vue de former un gouvernement souverainiste majoritaire m\u00eame si les grandes lignes d\u2019une \u00e9ventuelle entente pourraient \u00eatre d\u00e9voil\u00e9es durant la campagne \u00e9lectorale par souci de transparence envers l\u2019\u00e9lectorat.<\/p>\n<p>&nbsp;<\/p>\n<p style=\"text-align: justify;\">Il est \u00e9vident que \u00e7a ne se d\u00e9roulera pas ainsi lors des prochaines \u00e9lections qui auront probablement lieu le printemps prochain. On peut donc s\u2019attendre \u00e0 une reprise du pouvoir par les lib\u00e9raux qui pourraient bien former un gouvernement majoritaire. Les p\u00e9quistes auraient alors jusqu\u2019aux \u00e9lections suivantes, pr\u00e9vues en 2018, pour admettre que le mouvement souverainiste d\u2019aujourd\u2019hui est pluraliste et cesser de vivre dans le pass\u00e9. Mais 2018, c\u2019est terriblement \u00e9loign\u00e9, ne trouvez-vous pas?<\/p>\n<p>&nbsp;<\/p>\n<p>&nbsp;<\/p>\n<script type=\"text\/javascript\">\n\nvar addthis_config = {\"data_track_clickback\":false,\"data_track_addressbar\":false,\"data_track_textcopy\":false};\n<\/script><script type=\"text\/javascript\" src=\"\/\/s7.addthis.com\/js\/250\/addthis_widget.js#pubid=f084fdfbcefba74c78dfad3bbc873ffd\"><\/script>","protected":false},"excerpt":{"rendered":"<p>Des primaires souverainistes, un subterfuge <\/p>\n<p>visant \u00e0 pr\u00e9server l\u2019h\u00e9g\u00e9monie du PQ<\/p>\n<p>\u00a0 \u00a0 \u00a0 <span style=\"color: #800000;\">Par Paul Cliche \u00a0 \u00a0 \u00a0 \u00a0 \u00a0<\/span><\/p>\n<p>&nbsp;<\/p>\n<p style=\"text-align: justify;\">Lanc\u00e9e fin mai\u00a0 dans le cadre du congr\u00e8s de la Convergence nationale, force est de constater, quelques semaines plus tard,\u00a0 que l\u2019id\u00e9e &hellip;<\/p>\n","protected":false},"author":1,"featured_media":0,"comment_status":"open","ping_status":"open","sticky":false,"template":"","format":"standard","meta":{"footnotes":""},"categories":[1],"tags":[],"class_list":["post-9890","post","type-post","status-publish","format-standard","hentry","category-accueil"],"_links":{"self":[{"href":"https:\/\/www.lecarrefourdesopinions.ca\/index.php?rest_route=\/wp\/v2\/posts\/9890","targetHints":{"allow":["GET"]}}],"collection":[{"href":"https:\/\/www.lecarrefourdesopinions.ca\/index.php?rest_route=\/wp\/v2\/posts"}],"about":[{"href":"https:\/\/www.lecarrefourdesopinions.ca\/index.php?rest_route=\/wp\/v2\/types\/post"}],"author":[{"embeddable":true,"href":"https:\/\/www.lecarrefourdesopinions.ca\/index.php?rest_route=\/wp\/v2\/users\/1"}],"replies":[{"embeddable":true,"href":"https:\/\/www.lecarrefourdesopinions.ca\/index.php?rest_route=%2Fwp%2Fv2%2Fcomments&post=9890"}],"version-history":[{"count":2,"href":"https:\/\/www.lecarrefourdesopinions.ca\/index.php?rest_route=\/wp\/v2\/posts\/9890\/revisions"}],"predecessor-version":[{"id":9924,"href":"https:\/\/www.lecarrefourdesopinions.ca\/index.php?rest_route=\/wp\/v2\/posts\/9890\/revisions\/9924"}],"wp:attachment":[{"href":"https:\/\/www.lecarrefourdesopinions.ca\/index.php?rest_route=%2Fwp%2Fv2%2Fmedia&parent=9890"}],"wp:term":[{"taxonomy":"category","embeddable":true,"href":"https:\/\/www.lecarrefourdesopinions.ca\/index.php?rest_route=%2Fwp%2Fv2%2Fcategories&post=9890"},{"taxonomy":"post_tag","embeddable":true,"href":"https:\/\/www.lecarrefourdesopinions.ca\/index.php?rest_route=%2Fwp%2Fv2%2Ftags&post=9890"}],"curies":[{"name":"wp","href":"https:\/\/api.w.org\/{rel}","templated":true}]}}