{"id":9869,"date":"2013-06-25T09:29:35","date_gmt":"2013-06-25T13:29:35","guid":{"rendered":"http:\/\/www.lecarrefourdesopinions.ca\/?p=9869"},"modified":"2013-06-25T09:29:35","modified_gmt":"2013-06-25T13:29:35","slug":"stendhal-et-mes-saisons-en-enfer-communiste-1","status":"publish","type":"post","link":"https:\/\/www.lecarrefourdesopinions.ca\/?p=9869","title":{"rendered":"STENDHAL ET MES SAISONS EN ENFER COMMUNISTE (1)"},"content":{"rendered":"<p style=\"text-align: justify;\"><strong><em>STENDHAL ET MES SAISONS EN ENFER COMMUNISTE (1)<\/em><\/strong><\/p>\n<p style=\"text-align: justify;\"><strong><em><strong><em><span style=\"color: blue; font-family: Garamond; font-size: large;\"><span style=\"font-style: italic; font-family: Garamond; color: blue; font-size: 13.5pt; font-weight: bold;\"><span style=\"color: #ff0000;\">Article int\u00e9ressant sur le communisme !<\/span><\/p>\n<p><\/span><\/span><\/em><\/strong>\u00a0 <img loading=\"lazy\" decoding=\"async\" class=\"alignleft size-full wp-image-9870\" title=\"photo Tho 2\" src=\"http:\/\/www.lecarrefourdesopinions.ca\/wp-content\/uploads\/2013\/06\/photo-Tho-2.jpg\" alt=\"\" width=\"77\" height=\"91\" \/>\u00a0\u00a0\u00a0\u00a0\u00a0\u00a0 <span style=\"color: #800000;\">Envoy\u00e9 par Lam Cham Tho<\/span>\u00a0<\/em><\/strong><\/p>\n<p style=\"text-align: center;\"><strong><em>\u00a0\u00a0\u00a0\u00a0 <br \/> <\/em><\/strong><strong><em>Professeur <\/em><\/strong><strong><em>Nguy<\/em><\/strong><strong><em>\u1ec5<\/em><\/strong><strong><em>n Kim Qu\u00fd<br \/> \u00a0 <\/em><\/strong><strong><em>\u00a0\u00bb Pour mieux nous ma\u00eetriser, ces salauds exploitaient habilement<br \/> l&rsquo;instinct le plus bas, le plus d\u00e9gradant : \u00a0besoin de manger \u00ab\u00a0.<\/p>\n<p> <\/em><\/strong><strong><em><br \/> \u00a0 \u00a0 Mesdames et Messieurs,<br \/> \u00a0 \u00a0 \u00a0 1. Je ne sais jamais pourquoi j\u2019ai tant aim\u00e9 Stendhal et ses<br \/> romans. Et \u00e7a depuis le lyc\u00e9e o\u00f9 je me plaisais \u00e0 lire et relire les<br \/> pages odorif\u00e9rantes du Rouge et le Noir, de La Chartreuse de<br \/> Parme,malgr\u00e9 l\u2019aversion de mon p\u00e8re, catholique fervent, voire<br \/> extr\u00e9miste. A propos, je me souviens de cette question que me posa \u00e0<br \/> br\u00fble-pourpoint M. Victor del Litto, pr\u00e9sident du Stendhal Club, lors<br \/> de mon dernier s\u00e9jour \u00e0 Grenoble, voil\u00e0 quatre ans: \u201cPourquoi<br \/> aimez-vous Stendhal?\u201d Je demeurai perplexe, ne sachant que r\u00e9pondre.<br \/> Au cours des interviews pour mon poste de professeur, aux \u00c9tats-Unis,<br \/> j\u2019entendais se reposer la m\u00eame question. A vrai dire, j\u2019avoue que<br \/> j\u2019ignorais tout \u00e0 fait les raisons de ma pr\u00e9dilection pour cet<br \/> \u00e9crivain marginal, g\u00e9nial \u2013pourtant tr\u00e8s mal connu, et peut-\u00eatre, tr\u00e8s<br \/> mal aim\u00e9 des lecteurs de son \u00e9poque. Pour moi, en effet, aimer<br \/> Stendhal, c\u2019est comme aimer une femme, ou un homme. On aime, ou on<br \/> n\u2019aime pas, c\u2019est tout. Surtout avec lui, il y eut au d\u00e9but une sorte<br \/> de coup de foudre tr\u00e8s doux. La cristallisation, pour reprendre son<br \/> propre mot dans De l\u2019amour, ne vient que lentement et tr\u00e8s longtemps<br \/> apr\u00e8s. Et un coup de foudre, aucune \u201cvictime\u201d ne l\u2019ignore, \u00e7a ne<br \/> s\u2019explique pas.<br \/> \u00a0 \u00a0 \u00a0Des ann\u00e9es ont pass\u00e9. Et me voici, pourtant, devant la page<br \/> blanche \u00e0 la recherche d\u2019une nouvelle explication possible \u2013ou plut\u00f4t<br \/> impossible. J\u2019aime Stendhal, peut-\u00eatre \u00e0 cause de ses romans, et dans<br \/> ses romans, \u00e0 cause de ses h\u00e9ro\u00efnes immortelles, si belles, si<br \/> tendres, qui ont exerc\u00e9 une s\u00e9duction irr\u00e9sistible non seulement sur<br \/> les h\u00e9ros, leurs amants, et les lecteurs comme moi \u00e0 l\u2019\u00e2me sensible,<br \/> mais encore sur les critiques contemporains les plus s\u00e9v\u00e8res dont Paul<br \/> Val\u00e9ry, Jean-Paul Sartre et Julien Gracq, par exemple, entre beaucoup<br \/> d\u2019autres. J\u2019aime, en plus, dans ses \u0153uvres ce parfum f\u00e9erique si<br \/> enivrant, imp\u00e9rissable comme chez Proust, cette atmosph\u00e8re si<br \/> enchanteresse, a-temporelle, faite de fiction et de r\u00e9el entrem\u00eal\u00e9s,<br \/> transfigur\u00e9s \u2013qui me consolent de bien des \u201c\u00e2pres v\u00e9rit\u00e9s\u201d, selon le<br \/> mot de Stendhal lui-m\u00eame, de la vie, et me font r\u00eaver des cieux plus<br \/> bleus, des sons plus purs pour mes \u00e9ternels hymnes \u00e0 l\u2019amour et \u00e0 la<br \/> beaut\u00e9. \u00a0 \u00a0<\/em><\/strong><\/p>\n<p style=\"text-align: center;\">Suite le 9 juillet<\/p>\n<p style=\"text-align: center;\"><strong><em> \u00a0 \u00a0 \u00a0 \u00a0 \u00a0 \u00a0 \u00a0 \u00a0 \u00a0 <\/em><\/strong><\/p>\n<script type=\"text\/javascript\">\n\nvar addthis_config = {\"data_track_clickback\":false,\"data_track_addressbar\":false,\"data_track_textcopy\":false};\n<\/script><script type=\"text\/javascript\" src=\"\/\/s7.addthis.com\/js\/250\/addthis_widget.js#pubid=f084fdfbcefba74c78dfad3bbc873ffd\"><\/script>","protected":false},"excerpt":{"rendered":"<p style=\"text-align: justify;\">STENDHAL ET MES SAISONS EN ENFER COMMUNISTE (1)<\/p>\n<p style=\"text-align: justify;\"><span style=\"color: blue; font-family: Garamond; font-size: large;\"><span style=\"font-style: italic; font-family: Garamond; color: blue; font-size: 13.5pt; font-weight: bold;\"><span style=\"color: #ff0000;\">Article int\u00e9ressant sur le communisme !<\/span><\/span><\/span><\/p>\n<p>\u00a0 \u00a0\u00a0\u00a0\u00a0\u00a0\u00a0 <span style=\"color: #800000;\">Envoy\u00e9 par Lam Cham Tho<\/span>\u00a0<\/p>\n<p style=\"text-align: center;\">\u00a0\u00a0\u00a0\u00a0  Professeur Nguy\u1ec5n Kim Qu\u00fd \u00a0 \u00a0\u00bb Pour mieux nous ma\u00eetriser, ces salauds exploitaient habilement l&rsquo;instinct le plus bas, le &hellip;<\/p>\n","protected":false},"author":1,"featured_media":0,"comment_status":"open","ping_status":"open","sticky":false,"template":"","format":"standard","meta":{"footnotes":""},"categories":[1],"tags":[],"class_list":["post-9869","post","type-post","status-publish","format-standard","hentry","category-accueil"],"_links":{"self":[{"href":"https:\/\/www.lecarrefourdesopinions.ca\/index.php?rest_route=\/wp\/v2\/posts\/9869","targetHints":{"allow":["GET"]}}],"collection":[{"href":"https:\/\/www.lecarrefourdesopinions.ca\/index.php?rest_route=\/wp\/v2\/posts"}],"about":[{"href":"https:\/\/www.lecarrefourdesopinions.ca\/index.php?rest_route=\/wp\/v2\/types\/post"}],"author":[{"embeddable":true,"href":"https:\/\/www.lecarrefourdesopinions.ca\/index.php?rest_route=\/wp\/v2\/users\/1"}],"replies":[{"embeddable":true,"href":"https:\/\/www.lecarrefourdesopinions.ca\/index.php?rest_route=%2Fwp%2Fv2%2Fcomments&post=9869"}],"version-history":[{"count":5,"href":"https:\/\/www.lecarrefourdesopinions.ca\/index.php?rest_route=\/wp\/v2\/posts\/9869\/revisions"}],"predecessor-version":[{"id":9885,"href":"https:\/\/www.lecarrefourdesopinions.ca\/index.php?rest_route=\/wp\/v2\/posts\/9869\/revisions\/9885"}],"wp:attachment":[{"href":"https:\/\/www.lecarrefourdesopinions.ca\/index.php?rest_route=%2Fwp%2Fv2%2Fmedia&parent=9869"}],"wp:term":[{"taxonomy":"category","embeddable":true,"href":"https:\/\/www.lecarrefourdesopinions.ca\/index.php?rest_route=%2Fwp%2Fv2%2Fcategories&post=9869"},{"taxonomy":"post_tag","embeddable":true,"href":"https:\/\/www.lecarrefourdesopinions.ca\/index.php?rest_route=%2Fwp%2Fv2%2Ftags&post=9869"}],"curies":[{"name":"wp","href":"https:\/\/api.w.org\/{rel}","templated":true}]}}