{"id":9865,"date":"2013-06-25T09:29:59","date_gmt":"2013-06-25T13:29:59","guid":{"rendered":"http:\/\/www.lecarrefourdesopinions.ca\/?p=9865"},"modified":"2013-06-25T09:29:59","modified_gmt":"2013-06-25T13:29:59","slug":"campagne-de-financement-pour-la-force-ouvriere","status":"publish","type":"post","link":"https:\/\/www.lecarrefourdesopinions.ca\/?p=9865","title":{"rendered":"Campagne de financement pour LA FORCE OUVRI\u00c8RE"},"content":{"rendered":"<p>Campagne de financement pour LA FORCE OUVRI\u00c8RE<\/p>\n<p><span style=\"color: #800000;\"><em>\u00a0\u00a0<img decoding=\"async\" class=\"alignleft size-full wp-image-9103\" title=\"Photo Paul Cliche\" src=\"http:\/\/www.lecarrefourdesopinions.ca\/wp-content\/uploads\/2012\/11\/Photo-Paul-Cliche.bmp\" alt=\"\" \/>\u00a0\u00a0\u00a0\u00a0\u00a0\u00a0\u00a0\u00a0 Par Paul Cliche \u00a0 \u00a0 \u00a0 \u00a0 \u00a0 \u00a0 \u00a0 \u00a0<\/em><\/span><\/p>\n<p>Bonjour,<\/p>\n<p>&nbsp;<\/p>\n<p style=\"text-align: justify;\">Le sculpteur de renomm\u00e9e internationale Armand Vaillancourt \u00e9rigera au cours des prochains mois une gigantesque sculpture en hommage au syndicaliste Michel Chartrand qui s&rsquo;appellera La Force ouvri\u00e8re. Elle se dressera dans une clairi\u00e8re du parc r\u00e9gional Michel-Chartrand \u00e0 Longueuil, un magnifique espace de 185 hectares destin\u00e9 au plein air et \u00e0 la conservation. L&rsquo;oeuvre\u00a0monumentale, que l&rsquo;on pourra approcher de pr\u00e8s, illustrera la puissance de la solidarit\u00e9 syndicale et de la force ouvri\u00e8re. Elle sera constitu\u00e9e d&rsquo;une base de b\u00e9ton de 64 pieds par 52 pieds et de l&rsquo;assemblage de 20 immenses plaques d&rsquo;acier pesant plus de 24 tonnes chacune.<\/p>\n<p style=\"text-align: justify;\">\n<p style=\"text-align: justify;\">Une campagne de souscription, patronn\u00e9e par la Conf\u00e9d\u00e9ration des syndicats nationaux (CSN) et dont les porte-paroles sont les artistes Genevi\u00e8ve Rioux et Luc Picard, \u00a0vient d&rsquo;\u00eatre lanc\u00e9e pour permettre la r\u00e9alisation de cette oeuvre monumentale. Pour faire un don, m\u00eame modeste, adressez-le par ch\u00e8que \u00e0 l&rsquo;adresse: Hommage \u00e0 Michel Chartrand, 388 rue St-Jacques, 3e \u00e9tage, Montr\u00e9al, Qc, H2Y 1S1 ou encore \u00e0\u00a0celle de la CSN: Hommage \u00e0 Michel Chartrand, 1601 De Lorimier, C.P. \u00a038. Montr\u00e9al, Qc, H2K 4M5. Pour en savoir davantage, visitez le site internet\u00a0<a href=\"http:\/\/www.laforceouvriere.ca\/\">www.laforceouvriere.ca<\/a><em>\u00a0<\/em>\u00a0ou encore celui de la CSN:\u00a0<a href=\"http:\/\/www.csn.qc.ca\/\">www.csn.qc.ca<\/a><\/p>\n<p>&nbsp;<\/p>\n<p><em><strong>Merci \u00e0 l&rsquo;avance de votre\u00a0g\u00e9n\u00e9rosit\u00e9,<\/strong><\/em><\/p>\n<p><em><strong>Paul Cliche, collaborateur et ami de Michel Chartrand<\/strong><\/em><\/p>\n<p>&nbsp;<\/p>\n<p>Voici une photo de la maquette de l&rsquo;oeuvre donnant une\u00a0id\u00e9e\u00a0de sa hauteur et de sa dimension:<\/p>\n<p>&nbsp;<\/p>\n<p>&nbsp;<\/p>\n<p>&nbsp;<\/p>\n<script type=\"text\/javascript\">\n\nvar addthis_config = {\"data_track_clickback\":false,\"data_track_addressbar\":false,\"data_track_textcopy\":false};\n<\/script><script type=\"text\/javascript\" src=\"\/\/s7.addthis.com\/js\/250\/addthis_widget.js#pubid=f084fdfbcefba74c78dfad3bbc873ffd\"><\/script>","protected":false},"excerpt":{"rendered":"<p>Campagne de financement pour LA FORCE OUVRI\u00c8RE<\/p>\n<p><span style=\"color: #800000;\">\u00a0\u00a0\u00a0\u00a0\u00a0\u00a0\u00a0\u00a0\u00a0\u00a0 Par Paul Cliche \u00a0 \u00a0 \u00a0 \u00a0 \u00a0 \u00a0 \u00a0 \u00a0<\/span><\/p>\n<p>Bonjour,<\/p>\n<p>&nbsp;<\/p>\n<p style=\"text-align: justify;\">Le sculpteur de renomm\u00e9e internationale Armand Vaillancourt \u00e9rigera au cours des prochains mois une gigantesque sculpture en hommage au syndicaliste Michel Chartrand qui s&rsquo;appellera La &hellip;<\/p>\n","protected":false},"author":1,"featured_media":0,"comment_status":"open","ping_status":"open","sticky":false,"template":"","format":"standard","meta":{"footnotes":""},"categories":[1],"tags":[],"class_list":["post-9865","post","type-post","status-publish","format-standard","hentry","category-accueil"],"_links":{"self":[{"href":"https:\/\/www.lecarrefourdesopinions.ca\/index.php?rest_route=\/wp\/v2\/posts\/9865","targetHints":{"allow":["GET"]}}],"collection":[{"href":"https:\/\/www.lecarrefourdesopinions.ca\/index.php?rest_route=\/wp\/v2\/posts"}],"about":[{"href":"https:\/\/www.lecarrefourdesopinions.ca\/index.php?rest_route=\/wp\/v2\/types\/post"}],"author":[{"embeddable":true,"href":"https:\/\/www.lecarrefourdesopinions.ca\/index.php?rest_route=\/wp\/v2\/users\/1"}],"replies":[{"embeddable":true,"href":"https:\/\/www.lecarrefourdesopinions.ca\/index.php?rest_route=%2Fwp%2Fv2%2Fcomments&post=9865"}],"version-history":[{"count":2,"href":"https:\/\/www.lecarrefourdesopinions.ca\/index.php?rest_route=\/wp\/v2\/posts\/9865\/revisions"}],"predecessor-version":[{"id":9886,"href":"https:\/\/www.lecarrefourdesopinions.ca\/index.php?rest_route=\/wp\/v2\/posts\/9865\/revisions\/9886"}],"wp:attachment":[{"href":"https:\/\/www.lecarrefourdesopinions.ca\/index.php?rest_route=%2Fwp%2Fv2%2Fmedia&parent=9865"}],"wp:term":[{"taxonomy":"category","embeddable":true,"href":"https:\/\/www.lecarrefourdesopinions.ca\/index.php?rest_route=%2Fwp%2Fv2%2Fcategories&post=9865"},{"taxonomy":"post_tag","embeddable":true,"href":"https:\/\/www.lecarrefourdesopinions.ca\/index.php?rest_route=%2Fwp%2Fv2%2Ftags&post=9865"}],"curies":[{"name":"wp","href":"https:\/\/api.w.org\/{rel}","templated":true}]}}