{"id":9862,"date":"2013-06-25T09:30:22","date_gmt":"2013-06-25T13:30:22","guid":{"rendered":"http:\/\/www.lecarrefourdesopinions.ca\/?p=9862"},"modified":"2013-06-25T09:30:22","modified_gmt":"2013-06-25T13:30:22","slug":"qui-sommes-nous","status":"publish","type":"post","link":"https:\/\/www.lecarrefourdesopinions.ca\/?p=9862","title":{"rendered":"\u00ab Qui sommes-nous? \u00bb"},"content":{"rendered":"<p align=\"center\"><span style=\"color: #3366ff;\"><strong>\u00ab\u00a0Qui sommes-nous?\u00a0\u00bb<\/strong><\/span><\/p>\n<p><span style=\"color: #800000;\"><em>\u00a0\u00a0\u00a0<img loading=\"lazy\" decoding=\"async\" class=\"alignleft size-full wp-image-9863\" title=\"Serge 1\" src=\"http:\/\/www.lecarrefourdesopinions.ca\/wp-content\/uploads\/2013\/06\/Serge-11.jpg\" alt=\"\" width=\"101\" height=\"112\" \/>\u00a0\u00a0\u00a0\u00a0\u00a0\u00a0 Par Serge H. Mo\u00efse av. \u00a0 \u00a0 \u00a0 \u00a0 \u00a0 \u00a0 \u00a0 \u00a0 \u00a0\u00a0<\/em><\/span><\/p>\n<p>\u00a0\u00a0\u00a0\u00a0\u00a0\u00a0\u00a0 <strong>Un peuple c\u2019est d\u2019abord, un territoire, une population et un gouvernement. A cela s\u2019ajoute naturellement le principal facteur de son d\u00e9veloppement qui est sa culture au sens large du terme.<\/strong><\/p>\n<p style=\"text-align: justify;\">\u00a0\u00a0\u00a0\u00a0\u00a0\u00a0\u00a0 Dans la mesure o\u00f9 nous acceptons ce postulat, force est de nous demander, si oui ou non, nous avons atteint, dans les faits, le statut de peuple, de nation, sociologiquement parlant et loin de la fiction juridique.<\/p>\n<p>&nbsp;<\/p>\n<p style=\"text-align: justify;\">\u00a0\u00a0\u00a0\u00a0\u00a0\u00a0\u00a0 Inutile de remonter le cours de l\u2019histoire que tout le monde conna\u00eet plus ou moins et essayons d\u2019analyser certains ph\u00e9nom\u00e8nes visibles \u00e0 l\u2019\u0153il nu et qui se r\u00e9v\u00e8lent constants en d\u00e9pit des moments et de certains contextes particuliers.<\/p>\n<p>&nbsp;<\/p>\n<p style=\"text-align: justify;\">\u00a0\u00a0\u00a0\u00a0\u00a0\u00a0\u00a0 L\u2019histoire est \u00e9crite par les vainqueurs dit le vieil adage, toutefois, apr\u00e8s la geste de mil huit cent quatre, r\u00e9alis\u00e9e par nos vaillants anc\u00eatres, apr\u00e8s le Bois-Ca\u00efman, le combat de Verti\u00e8res, la reddition des forces d\u2019occupation, l\u2019avons-nous \u00e9crite notre propre histoire? Sommes-nous parvenus \u00e0 la d\u00e9pouiller de ces mythes dont elle a toujours \u00e9t\u00e9 maquill\u00e9e? Tel devrait \u00eatre le cas puisque nous \u00e9tions les h\u00e9ro\u00efques vainqueurs et fondateurs de la premi\u00e8re r\u00e9publique n\u00e8gre du monde.<\/p>\n<p>&nbsp;<\/p>\n<p style=\"text-align: justify;\">\u00a0\u00a0\u00a0\u00a0 \u00a0\u00a0\u00a0Nous avons d\u00fb payer en franc-or, la reconnaissance de notre ind\u00e9pendance acquise au prix du sang! Quand un pr\u00e9sident a os\u00e9 exiger la restitution de ce paiement extorqu\u00e9 par la bouche des canons, mal lui en prit et aujourd\u2019hui, un citoyen de la France noire, le sieur Louis-Georges Tin, d\u00e9cide d\u2019intenter une poursuite judiciaire contre la Caisse des D\u00e9p\u00f4ts et Consignations, esp\u00e9rant que justice sera rendue \u00e0 qui justice est due.<\/p>\n<p>&nbsp;<\/p>\n<p style=\"text-align: justify;\">\u00a0\u00a0\u00a0\u00a0\u00a0\u00a0\u00a0 Bossales et cr\u00e9oles \u00e9gar\u00e9s dans la mer cara\u00efbes, christianis\u00e9s pour les besoins de la production des denr\u00e9es et d\u00e9shumanis\u00e9s par la force des choses, nous n\u2019arrivons pas, deux cent dix ans apr\u00e8s la rupture des chaines aux pieds, \u00e0 nous d\u00e9barrasser de celles si bien enfouies dans nos caboches.<\/p>\n<p>\u00a0\u00a0\u00a0\u00a0\u00a0\u00a0\u00a0<strong> Paradoxe frappant, nos anc\u00eatres ont jur\u00e9 de vivre libre ou de mourir et petit \u00e0 petit, nous semblons dire\u00a0: plut\u00f4t la d\u00e9pendance que la prise en charge de notre propre destin.<\/strong><\/p>\n<p>&nbsp;<\/p>\n<p style=\"text-align: justify;\">\u00a0\u00a0\u00a0\u00a0\u00a0\u00a0\u00a0 Craignant de nous retrouver isol\u00e9s du reste du monde, nous avions d\u00e9cid\u00e9 de conserver la langue et la religion de l\u2019oppresseur. Nous nous sommes tellement impr\u00e9gn\u00e9s de sa science et de sa culture des lumi\u00e8res qu\u2019aujourd\u2019hui, en d\u00e9pit des s\u00e9rieuses mises en garde de nos griots tels qu\u2019Ant\u00e9nor Firmin, Jean Price-Mars, Kl\u00e9ber G. Jacob, Frantz Fanon, pour ne citer que ceux-l\u00e0, \u00a0nous sommes tout, sauf nous-m\u00eames.<\/p>\n<p>&nbsp;<\/p>\n<p style=\"text-align: justify;\">\u00a0\u00a0\u00a0\u00a0\u00a0\u00a0\u00a0 Nous avons, pour notre malheur, confondu scolarisation avec \u00e9ducation, privil\u00e9giant toutes les valeurs culturelles import\u00e9es au d\u00e9triment des n\u00f4tres. Le ma\u00eetre nous a dit que notre religion venue avec nous des pays d\u2019Afrique \u00e9tait porteuse de mal\u00e9dictions et qu\u2019il fallait les \u00e9radiquer. Sans la moindre r\u00e9flexion, t\u00eates baiss\u00e9es comme des moutons de Panurge, nos s\u0153urs et fr\u00e8res, les plus\u00a0\u00ab\u00a0\u00e9duqu\u00e9s\u00a0\u00bb \u00e9videmment, se sont acharn\u00e9s \u00e0 diaboliser les mambos et les hougans. Le catholicisme, oui, le protestantisme, bien s\u00fbr, l\u2019islam pourquoi pas, mais le vaudou, jamais s\u2019exclament encore nos soi-disant \u00e9lites, avec la m\u00eame na\u00efvet\u00e9 et la m\u00eame candeur des ann\u00e9es quarante, lors de la grande \u00ab\u00a0campagne des rejet\u00e9s\u00a0\u00bb que Jacques Roumain et d\u2019autres ont combattu du bec et des ongles. Nous continuons h\u00e9las dans la m\u00eame veine, convaincus que la posture de la main tendue et de l\u2019\u00e9chine bien courb\u00e9e demeure l\u2019unique voie de salut.<\/p>\n<p>&nbsp;<\/p>\n<p>&nbsp;<\/p>\n<p style=\"text-align: justify;\">\u00a0\u00a0\u00a0\u00a0\u00a0\u00a0\u00a0 Nous comptons une kyrielle de docteurs en sciences \u00e9conomiques et nous attendons encore une th\u00e9orie de l\u2019\u00e9conomie ha\u00eftienne, une ribambelle de docteurs en droit et toujours pas un droit vraiment ha\u00eftien, des docteurs en sociologie, il y en a bien quelques uns, mais qu\u2019en est-il de la sociologie ha\u00eftienne? De la recherche, c\u2019est tr\u00e8s bien mais pour les autres, nous pouvons nous en passer, semblent nous dire les titans de l\u2019intellectualit\u00e9 ha\u00eftienne, puisqu\u2019\u00e0 moins de nous tromper, il n\u2019y a que l\u2019Amicale des Juristes qui en fasse avec des moyens tr\u00e8s limit\u00e9s d\u2019ailleurs. \u00a0Par contre, dans le monde des arts, la musique, la danse et la peinture; dans celui des belles lettres, le th\u00e9\u00e2tre, le roman et la po\u00e9sie, nous faisons bonne figure. Franck \u00c9tienne, Dany Laferri\u00e8re, Jacques Roumain et Jacques Stephen Alexis ont fait leur entr\u00e9e dans le Petit Larousse.<\/p>\n<p>&nbsp;<\/p>\n<p>&nbsp;<\/p>\n<p style=\"text-align: justify;\">\u00a0\u00a0\u00a0\u00a0\u00a0\u00a0\u00a0 Premi\u00e8res victimes du f\u00e9odalisme qui s\u2019appelle aujourd\u2019hui, capitalisme n\u00e9olib\u00e9ral, nos \u00ab\u00a0\u00e9conomistologues\u00a0\u00bb, v\u00e9ritables bouffons qui s\u2019ignorent, s\u2019\u00e9vertuent \u00e0 se constituer en prolongement du ma\u00eetre afin de p\u00e9renniser le syst\u00e8me qui ne peut que nous maintenir dans notre statut de d\u00e9pendance au triple point de vue politique, social et \u00e9conomique. Les religions, instruments de domination par excellence, recrutent all\u00e8grement afin de perp\u00e9tuer leur savant lavage de cerveau au sein des victimes elles-m\u00eames. Il faut bien en convenir, c\u2019est g\u00e9nial!<\/p>\n<p>&nbsp;<\/p>\n<p>&nbsp;<\/p>\n<p style=\"text-align: justify;\">\u00a0\u00a0\u00a0\u00a0\u00a0\u00a0\u00a0 Combien de fois avons-nous sollicit\u00e9 l\u2019ing\u00e9rence \u00e9trang\u00e8re, sinon l\u2019occupation pure et simple? Certains historiens rapportent que le pr\u00e9sident Franklin\u00a0 Delano\u00eb Roosevelt aurait affirm\u00e9 ou \u00e9crit que pour r\u00e9gner sur ce petit pays n\u00e8gre, il fallait faire en sorte que les sans souliers fussent toujours en guerre contre les bien chauss\u00e9s. Nos dipl\u00f4m\u00e9s le savent tous et comment non? H\u00e9las, dans leurs comportements quotidiens, sur le terroir comme en terre \u00e9trang\u00e8re, ils pratiquent ce que nos analphab\u00e8tes appellent dans notre succulent vernaculaire le <strong>\u00ab\u00a0chien mang\u00e9 chien<\/strong>\u00a0\u00bb.<\/p>\n<p>&nbsp;<\/p>\n<p>&nbsp;<\/p>\n<p style=\"text-align: justify;\">\u00a0\u00a0\u00a0\u00a0\u00a0\u00a0\u00a0 Il y a de quoi se perdre en conjectures de toutes sortes car, notre parcours, de l\u2019ind\u00e9pendance \u00e0 nos jours laisse perplexes et confus tous ceux qui cherchent \u00e0 discerner les causes lointaines ou imm\u00e9diates d\u2019une telle situation de fait difficilement descriptible.<\/p>\n<p>\u00a0\u00a0\u00a0\u00a0\u00a0\u00a0\u00a0<strong> Et avec l\u2019exode massif \u00e0 partir des ann\u00e9es soixante, exil politique, exil \u00e9conomique, l\u2019identit\u00e9 ha\u00eftienne en a pris pour son rhume, quant au sentiment d\u2019appartenance \u00e0 la patrie commune, il est rel\u00e9gu\u00e9 aux vestiges du pass\u00e9, ce qui n\u2019augure rien de bien bon pour le futur pr\u00e9visible.<\/strong><\/p>\n<p>&nbsp;<\/p>\n<p>&nbsp;<\/p>\n<p style=\"text-align: justify;\">\u00a0\u00a0\u00a0\u00a0\u00a0\u00a0 Si nous avions tant soit peu conscience de notre ha\u00eftianit\u00e9 et du retard que nous accusons par rapport au monde moderne, nous serions tous anim\u00e9s de ce m\u00eame \u00e9lan de solidarit\u00e9, les uns envers les autres, ramant dans la m\u00eame direction avec pour unique objectif, le sauvetage national.<\/p>\n<p>&nbsp;<\/p>\n<p>&nbsp;<\/p>\n<p style=\"text-align: justify;\">\u00a0\u00a0\u00a0\u00a0\u00a0\u00a0\u00a0 H\u00e9las, et le constat est bel et bien fait, nombreux sont nos compatriotes apatrides trop heureux de s\u2019acoquiner avec l\u2019\u00e9tranger, qui profitent sans vergogne, de cette nouvelle industrie, celle de la mis\u00e8re de nos s\u0153urs et fr\u00e8res.<\/p>\n<p style=\"text-align: justify;\">\u00a0\u00a0\u00a0\u00a0\u00a0\u00a0\u00a0 Nous r\u00e9clamons \u00e0 corps et \u00e0 cri l\u2019av\u00e8nement d\u2019un \u00c9tat de droit dans un pays o\u00f9 en chaque ressortissant il y a un \u00ab\u00a0macoute\u00a0\u00bb qui sommeille.<\/p>\n<p>&nbsp;<\/p>\n<p>&nbsp;<\/p>\n<p style=\"text-align: justify;\">\u00a0\u00a0\u00a0\u00a0\u00a0\u00a0\u00a0 Nos technocrates bard\u00e9s de dipl\u00f4mes, pouvant entretenir un auditoire s\u00e9lect pendant des heures \u00e0 disserter de long en large des sujets de leurs savantes \u00e9tudes, sont incapables d\u2019utiliser ces connaissances pointues afin d\u2019appr\u00e9hender le r\u00e9el ha\u00eftien dans sa sp\u00e9cificit\u00e9 propre, et essayer d\u2019innover c&rsquo;est-\u00e0-dire, adapter ces formules qui font recette en terre \u00e9trang\u00e8re, \u00e0 notre dimension de petit pays du quart monde appauvri et corrompu.<\/p>\n<p style=\"text-align: justify;\">\u00a0\u00a0\u00a0\u00a0\u00a0\u00a0\u00a0 Qu\u2019on ne se m\u00e9prenne point, notre propos n\u2019a rien \u00e0 voir avec une quelconque \u00ab\u00a0campagne de rejet\u00e9s\u00a0\u00bb contre la scolarisation. Ce que nous appelons de tous nos v\u0153ux, c\u2019est certes la fin des mythes, de ce bluff contreproductif et une r\u00e9forme de la formation \u00e0 l\u2019instar de ce que pr\u00e9conisent le philosophe Edgard Morin et le professeur Andr\u00e9 Marcotte \u00e0 travers le Mouvement Humanisation initi\u00e9 depuis trois ans d\u00e9j\u00e0, afin que les futurs dipl\u00f4m\u00e9s ne soient plus des robots mais des femmes et des hommes avec ouverture d\u2019esprit et une vision certaine de ce que doit \u00eatre la vie des humains en qu\u00eate d\u2019\u00e9panouissement et du vrai bonheur.<\/p>\n<p>&nbsp;<\/p>\n<p>&nbsp;<\/p>\n<p style=\"text-align: justify;\">\u00a0\u00a0\u00a0\u00a0\u00a0\u00a0\u00a0<strong> Nous demeurons convaincu que tout n\u2019est pas encore perdu, mais qu\u2019une remise en question s\u2019impose quant \u00e0 notre mode de penser et d\u2019agir et qu\u2019il est donc plus que temps de nous demander\u00a0: Qui sommes nous et o\u00f9 allons nous?<\/strong><\/p>\n<p>\u00a0\u00a0\u00a0\u00a0\u00a0\u00a0\u00a0\u00a0\u00a0\u00a0\u00a0\u00a0\u00a0\u00a0\u00a0\u00a0\u00a0\u00a0\u00a0\u00a0\u00a0\u00a0\u00a0\u00a0\u00a0\u00a0\u00a0\u00a0\u00a0\u00a0<wbr>\u00a0\u00a0\u00a0\u00a0\u00a0\u00a0\u00a0\u00a0\u00a0\u00a0\u00a0\u00a0\u00a0\u00a0\u00a0\u00a0\u00a0\u00a0\u00a0\u00a0\u00a0\u00a0\u00a0\u00a0\u00a0\u00a0\u00a0\u00a0\u00a0\u00a0 \u00a0\u00a0\u00a0\u00a0\u00a0\u00a0\u00a0<\/wbr><\/p>\n<p>\u00a0\u00a0\u00a0\u00a0\u00a0\u00a0\u00a0\u00a0\u00a0\u00a0\u00a0\u00a0\u00a0\u00a0\u00a0\u00a0\u00a0\u00a0\u00a0\u00a0\u00a0\u00a0\u00a0\u00a0\u00a0\u00a0\u00a0\u00a0\u00a0\u00a0<wbr>\u00a0\u00a0\u00a0\u00a0\u00a0\u00a0\u00a0\u00a0\u00a0\u00a0\u00a0\u00a0\u00a0\u00a0\u00a0\u00a0\u00a0\u00a0\u00a0\u00a0\u00a0\u00a0\u00a0\u00a0\u00a0\u00a0\u00a0\u00a0\u00a0\u00a0<wbr>\u00a0\u00a0\u00a0\u00a0\u00a0\u00a0\u00a0 <\/wbr><\/wbr><\/p>\n<p>&nbsp;<\/p>\n<p>&nbsp;<\/p>\n<script type=\"text\/javascript\">\n\nvar addthis_config = {\"data_track_clickback\":false,\"data_track_addressbar\":false,\"data_track_textcopy\":false};\n<\/script><script type=\"text\/javascript\" src=\"\/\/s7.addthis.com\/js\/250\/addthis_widget.js#pubid=f084fdfbcefba74c78dfad3bbc873ffd\"><\/script>","protected":false},"excerpt":{"rendered":"<p align=\"center\"><span style=\"color: #3366ff;\">\u00ab\u00a0Qui sommes-nous?\u00a0\u00bb<\/span><\/p>\n<p><span style=\"color: #800000;\">\u00a0\u00a0\u00a0\u00a0\u00a0\u00a0\u00a0\u00a0\u00a0 Par Serge H. Mo\u00efse av. \u00a0 \u00a0 \u00a0 \u00a0 \u00a0 \u00a0 \u00a0 \u00a0 \u00a0\u00a0<\/span><\/p>\n<p>\u00a0\u00a0\u00a0\u00a0\u00a0\u00a0\u00a0 Un peuple c\u2019est d\u2019abord, un territoire, une population et un gouvernement. A cela s\u2019ajoute naturellement le principal facteur de son d\u00e9veloppement qui est sa culture au sens large &hellip;<\/p>\n","protected":false},"author":1,"featured_media":0,"comment_status":"open","ping_status":"open","sticky":false,"template":"","format":"standard","meta":{"footnotes":""},"categories":[1],"tags":[],"class_list":["post-9862","post","type-post","status-publish","format-standard","hentry","category-accueil"],"_links":{"self":[{"href":"https:\/\/www.lecarrefourdesopinions.ca\/index.php?rest_route=\/wp\/v2\/posts\/9862","targetHints":{"allow":["GET"]}}],"collection":[{"href":"https:\/\/www.lecarrefourdesopinions.ca\/index.php?rest_route=\/wp\/v2\/posts"}],"about":[{"href":"https:\/\/www.lecarrefourdesopinions.ca\/index.php?rest_route=\/wp\/v2\/types\/post"}],"author":[{"embeddable":true,"href":"https:\/\/www.lecarrefourdesopinions.ca\/index.php?rest_route=\/wp\/v2\/users\/1"}],"replies":[{"embeddable":true,"href":"https:\/\/www.lecarrefourdesopinions.ca\/index.php?rest_route=%2Fwp%2Fv2%2Fcomments&post=9862"}],"version-history":[{"count":2,"href":"https:\/\/www.lecarrefourdesopinions.ca\/index.php?rest_route=\/wp\/v2\/posts\/9862\/revisions"}],"predecessor-version":[{"id":9887,"href":"https:\/\/www.lecarrefourdesopinions.ca\/index.php?rest_route=\/wp\/v2\/posts\/9862\/revisions\/9887"}],"wp:attachment":[{"href":"https:\/\/www.lecarrefourdesopinions.ca\/index.php?rest_route=%2Fwp%2Fv2%2Fmedia&parent=9862"}],"wp:term":[{"taxonomy":"category","embeddable":true,"href":"https:\/\/www.lecarrefourdesopinions.ca\/index.php?rest_route=%2Fwp%2Fv2%2Fcategories&post=9862"},{"taxonomy":"post_tag","embeddable":true,"href":"https:\/\/www.lecarrefourdesopinions.ca\/index.php?rest_route=%2Fwp%2Fv2%2Ftags&post=9862"}],"curies":[{"name":"wp","href":"https:\/\/api.w.org\/{rel}","templated":true}]}}