{"id":9856,"date":"2013-06-16T12:00:56","date_gmt":"2013-06-16T16:00:56","guid":{"rendered":"http:\/\/www.lecarrefourdesopinions.ca\/?p=9856"},"modified":"2013-06-16T12:00:56","modified_gmt":"2013-06-16T16:00:56","slug":"madame-karine-mousseau","status":"publish","type":"post","link":"https:\/\/www.lecarrefourdesopinions.ca\/?p=9856","title":{"rendered":"Madame Karine MOUSSEAU"},"content":{"rendered":"<p>Fort-de-France, le 16 Juin 2013<\/p>\n<p><strong><em>\u00a0<\/em><\/strong><\/p>\n<p><span style=\"color: #800000;\"><strong>Madame Karine MOUSSEAU,<\/strong><\/span><\/p>\n<p><span style=\"color: #800000;\"><strong>\u00a0<img loading=\"lazy\" decoding=\"async\" class=\"alignleft size-full wp-image-9857\" title=\"Karine MOUSSEAU\" src=\"http:\/\/www.lecarrefourdesopinions.ca\/wp-content\/uploads\/2013\/06\/Karine-MOUSSEAU.jpg\" alt=\"\" width=\"60\" height=\"75\" \/><\/strong><\/span><\/p>\n<p><span style=\"color: #800000;\"><strong>Merci pour la Qualit\u00e9 de votre Accueil.<\/strong><\/span><\/p>\n<p><span style=\"color: #800000;\"><strong>\u00a0<\/strong><\/span><\/p>\n<p><span style=\"color: #800000;\"><strong>Cette Chronique vous est respectueusement d\u00e9di\u00e9e, avec nos V\u0153ux que vous r\u00e9ussissiez en toute chose.<\/strong><\/span><\/p>\n<p>&nbsp;<\/p>\n<p>\u0116ric E.G. NOGARD<\/p>\n<p>&nbsp;<\/p>\n<p>&nbsp;<\/p>\n<p align=\"center\"><strong><em>Petit Marc de Caf\u00e9, dis nous la V\u00e9rit\u00e9.<\/em><\/strong><\/p>\n<p align=\"center\"><strong>====<\/strong><\/p>\n<p>&nbsp;<\/p>\n<p><span style=\"color: #800000;\">\u00ab\u00a0<em>Madame, je voudrais que mon vin f\u00fbt meilleur\u00a0:\u00a0\u00a0\u00a0\u00a0\u00a0\u00a0\u00a0\u00a0\u00a0\u00a0\u00a0\u00a0\u00a0\u00a0 <\/em><\/span><\/p>\n<p><span style=\"color: #800000;\"><em>N\u00e9anmoins, tel qu\u2019il est, je vous l\u2019offre de grand c\u0153ur<\/em>\u00a0\u00bb.<\/span><\/p>\n<p>&nbsp;<\/p>\n<p align=\"center\"><strong>***\u00a0\u00a0\u00a0\u00a0 ***\u00a0\u00a0\u00a0\u00a0 ***<\/strong><\/p>\n<p>&nbsp;<\/p>\n<p>Une fois encore, l\u2019U.M.P.-Martinique nous a fait la gentillesse de nous inviter \u00e0 sa R\u00e9union Politique tenue il y a quelques instants, en ce 15 juin 2013.<\/p>\n<p>&nbsp;<\/p>\n<p>Une r\u00e9union tenue en la charmante Ville du Fran\u00e7ois, sous le Toit d\u2019une Franciscaine dont l\u2019Hospitalit\u00e9 nous fit comprendre le D\u00e9fi de J\u00e9sus \u00e0 qui jetterait la Pierre \u00e0 la Samaritaine qu\u2019il rencontra un jour dit-on, au bord d\u2019une Fontaine.<\/p>\n<p>&nbsp;<\/p>\n<p>Cette Franciscaine, ne serait-elle pas une B\u00e9n\u00e9diction pour la Ville du Fran\u00e7ois.<\/p>\n<p>&nbsp;<\/p>\n<p>Et, jusqu\u2019\u00e0 la plus humble commune de l\u2019\u00cele, du plus faible au plus fort, du plus pauvre au plus riche, qu\u2019on soit Fille ou Gar\u00e7on, quels que soient son clan ou ses croyances.<\/p>\n<p>&nbsp;<\/p>\n<p>Qui, selon nous, h\u00e9siterait un seul instant, \u00e0 donner toute sa confiance et son entier soutien \u00e0 cette Franciscaine, \u00e0 tout ce que pourrait entreprendre une Dame de tant de Qualit\u00e9s.<\/p>\n<p>&nbsp;<\/p>\n<p>&nbsp;<\/p>\n<p>Et voil\u00e0 que chacun sait ce qui nous a conduit \u00e0 consulter notre Marc de Caf\u00e9 \u00e0 qui, du m\u00eame coup, nous avons fait part de nos Inqui\u00e9tudes sur le Compte de l\u2019U.M.P.-Martinique, en lui disant par avance\u00a0: Ti sia Concesso\u00a0!<\/p>\n<p>&nbsp;<\/p>\n<p align=\"center\">\u00ab\u00a0<em>Petit Marc de Caf\u00e9\u00a0!.. Dis-nous la V\u00e9rit\u00e9<\/em>\u00a0\u00bb.<\/p>\n<p>&nbsp;<\/p>\n<p>&#8211;\u00a0\u00a0\u00a0\u00a0\u00a0\u00a0 La V\u00e9rit\u00e9, la voil\u00e0, inutile de la cacher, elle est pr\u00e8s d\u2019\u00e9clater\u00a0:<\/p>\n<p>&nbsp;<\/p>\n<ul>\n<li>Winner est l\u2019H\u00f4tesse Franciscaine.<\/li>\n<\/ul>\n<p>&nbsp;<\/p>\n<p>Rien ne lui manque pour gagner et pour faire prosp\u00e9rer dans le bonheur tous ceux qui mettront leur Confiance en Elle.<\/p>\n<p>&nbsp;<\/p>\n<p>Sa Stature est celle du LEADER qui conviendrait tant \u00e0 la Ville du Fran\u00e7ois qu\u2019\u00e0 l\u2019\u00cele de la Martinique.<\/p>\n<p>&nbsp;<\/p>\n<p>Elle est une Gagnante, on peut miser sur Elle, she is a Winner.<\/p>\n<p>&nbsp;<\/p>\n<p>&nbsp;<\/p>\n<ul>\n<li>Loser est l\u2019U.M.P.-Martinique\u2026<\/li>\n<\/ul>\n<p>&nbsp;<\/p>\n<p>A-t-on id\u00e9e, pour se faire requinquer, d\u2019avoir recours comme il le fait, \u00e0 ceux-l\u00e0 m\u00eames qui ont fait de lui un pitoyable Cul-de-jatte.<\/p>\n<p>&nbsp;<\/p>\n<p>F\u00a0\u00a0 S\u2019il faut que lui aussi il \u00e9voque C\u00c9SAIRE, autant passer par LETCHIMY, par PACQUIT ou par le Gri-gri du Psychologue\u00a0!.. N\u2019en sont-ils pas les Saints ap\u00f4tre et LISE le JUDA.<\/p>\n<p>&nbsp;<\/p>\n<p>F\u00a0\u00a0 S\u2019il faut qu\u2019il parle d\u2019\u00c9thique en m\u00ealant \u00e0 son Monde des Torpilleurs de Banques, autant dire, le Pire des DALTON Brothers, pour qui, ou pour quoi prend-il les bonnes gens.<\/p>\n<p>&nbsp;<\/p>\n<p>F\u00a0\u00a0 S\u2019il faut qu\u2019il ouvre son poulailler \u00e0 ces renards \u00e0 queue coup\u00e9e et d\u00e8s-lors, par quoi les prendrait-on au cas o\u00f9 on les surprendrait, le doigt l\u00e0 o\u00f9 il ne faut pas\u00a0!<\/p>\n<p>&nbsp;<\/p>\n<p>Sans compter que de l\u2019aveu de l\u2019U.M.P.-France, le Lascar aurait tir\u00e9 les cons\u00e9quences de ce pour quoi M\u00c9LANCHON ne le m\u00e9nagerait pas de son Balai.<\/p>\n<p>&nbsp;<\/p>\n<p>Loser soit donc l\u2019U.M.P.-Martinique\u00a0!<\/p>\n<p>&nbsp;<\/p>\n<p>&nbsp;<\/p>\n<p>Pour ce qui est de BORLOO, s\u2019il a jug\u00e9 bon de se faire rouler dans la farine, il ne tardera pas \u00e0 faire trempette dans l\u2019Huile de la Po\u00eale del peor hombre que fu\u00e9 en el mundo.<\/p>\n<p>&nbsp;<\/p>\n<p>\u00ab\u00a0<em>Petit Marc de Caf\u00e9\u2026 et quoi encore<\/em>\u00a0\u00bb.<\/p>\n<p>&nbsp;<\/p>\n<p>&#8211;\u00a0\u00a0\u00a0\u00a0\u00a0\u00a0 <strong><em>N\u2019est-ce pas assez pour aujourd\u2019hui<\/em><\/strong>.<\/p>\n<p>\u00a0<span id=\"sample-permalink\">www.lecarrefourdesopinions.ca\/?p=9856<\/span><\/p>\n<p>\u00c9ric E.G. NOGARD<\/p>\n<p>&nbsp;<\/p>\n<p><span style=\"text-decoration: underline;\">N.B.\u00a0:<\/span> Si notre Chronique vous int\u00e9resse, pourquoi ne pas l\u2019aider \u00e0 survivre, elle nous r\u00e9clame chaque jour davantage de Sacrifices et nous fait prendre plus de Risques. Par avance, MERCI pour votre Soutien.<\/p>\n<p><em>\u00a0<\/em><\/p>\n<p align=\"center\"><strong>Ne Peut \u00eatre reproduit &#8211; m\u00eame partiellement &#8211;\u00a0 sans l\u2019autorisation de l\u2019Auteur.<\/strong><strong><em><\/em><\/strong><\/p>\n<p>&nbsp;<\/p>\n<script type=\"text\/javascript\">\n\nvar addthis_config = {\"data_track_clickback\":false,\"data_track_addressbar\":false,\"data_track_textcopy\":false};\n<\/script><script type=\"text\/javascript\" src=\"\/\/s7.addthis.com\/js\/250\/addthis_widget.js#pubid=f084fdfbcefba74c78dfad3bbc873ffd\"><\/script>","protected":false},"excerpt":{"rendered":"<p>Fort-de-France, le 16 Juin 2013<\/p>\n<p>\u00a0<\/p>\n<p><span style=\"color: #800000;\">Madame Karine MOUSSEAU,<\/span><\/p>\n<p><span style=\"color: #800000;\">\u00a0<\/span><\/p>\n<p><span style=\"color: #800000;\">Merci pour la Qualit\u00e9 de votre Accueil.<\/span><\/p>\n<p><span style=\"color: #800000;\">\u00a0<\/span><\/p>\n<p><span style=\"color: #800000;\">Cette Chronique vous est respectueusement d\u00e9di\u00e9e, avec nos V\u0153ux que vous r\u00e9ussissiez en toute chose.<\/span><\/p>\n<p>&nbsp;<\/p>\n<p>\u0116ric E.G. NOGARD<\/p>\n<p>&nbsp;<\/p>\n<p>&nbsp;<\/p>\n<p align=\"center\">Petit &hellip;<\/p>\n","protected":false},"author":1,"featured_media":0,"comment_status":"open","ping_status":"open","sticky":false,"template":"","format":"standard","meta":{"footnotes":""},"categories":[1],"tags":[],"class_list":["post-9856","post","type-post","status-publish","format-standard","hentry","category-accueil"],"_links":{"self":[{"href":"https:\/\/www.lecarrefourdesopinions.ca\/index.php?rest_route=\/wp\/v2\/posts\/9856","targetHints":{"allow":["GET"]}}],"collection":[{"href":"https:\/\/www.lecarrefourdesopinions.ca\/index.php?rest_route=\/wp\/v2\/posts"}],"about":[{"href":"https:\/\/www.lecarrefourdesopinions.ca\/index.php?rest_route=\/wp\/v2\/types\/post"}],"author":[{"embeddable":true,"href":"https:\/\/www.lecarrefourdesopinions.ca\/index.php?rest_route=\/wp\/v2\/users\/1"}],"replies":[{"embeddable":true,"href":"https:\/\/www.lecarrefourdesopinions.ca\/index.php?rest_route=%2Fwp%2Fv2%2Fcomments&post=9856"}],"version-history":[{"count":3,"href":"https:\/\/www.lecarrefourdesopinions.ca\/index.php?rest_route=\/wp\/v2\/posts\/9856\/revisions"}],"predecessor-version":[{"id":9860,"href":"https:\/\/www.lecarrefourdesopinions.ca\/index.php?rest_route=\/wp\/v2\/posts\/9856\/revisions\/9860"}],"wp:attachment":[{"href":"https:\/\/www.lecarrefourdesopinions.ca\/index.php?rest_route=%2Fwp%2Fv2%2Fmedia&parent=9856"}],"wp:term":[{"taxonomy":"category","embeddable":true,"href":"https:\/\/www.lecarrefourdesopinions.ca\/index.php?rest_route=%2Fwp%2Fv2%2Fcategories&post=9856"},{"taxonomy":"post_tag","embeddable":true,"href":"https:\/\/www.lecarrefourdesopinions.ca\/index.php?rest_route=%2Fwp%2Fv2%2Ftags&post=9856"}],"curies":[{"name":"wp","href":"https:\/\/api.w.org\/{rel}","templated":true}]}}