{"id":9846,"date":"2013-06-25T09:30:47","date_gmt":"2013-06-25T13:30:47","guid":{"rendered":"http:\/\/www.lecarrefourdesopinions.ca\/?p=9846"},"modified":"2013-06-25T09:30:47","modified_gmt":"2013-06-25T13:30:47","slug":"je-crois","status":"publish","type":"post","link":"https:\/\/www.lecarrefourdesopinions.ca\/?p=9846","title":{"rendered":"\u00ab Je crois \u00bb"},"content":{"rendered":"<p align=\"center\"><span style=\"color: #3366ff;\"><strong>\u00ab\u00a0Je crois\u00a0\u00bb<\/strong><\/span><\/p>\n<p align=\"center\">\u00a0\u00a0\u00a0<img loading=\"lazy\" decoding=\"async\" class=\"alignleft size-full wp-image-9847\" title=\"Serge 1\" src=\"http:\/\/www.lecarrefourdesopinions.ca\/wp-content\/uploads\/2013\/06\/Serge-1.jpg\" alt=\"\" width=\"101\" height=\"112\" \/><\/p>\n<p align=\"center\">\n<p align=\"center\"><span style=\"color: #800000;\"><em>Par <\/em><\/span><em><span class=\"gD\"><span style=\"color: #800000;\">Serge H. Mo\u00efse \u00a0 \u00a0 \u00a0 \u00a0 \u00a0 \u00a0 \u00a0 \u00a0 \u00a0 \u00a0 \u00a0 \u00a0 \u00a0 \u00a0 \u00a0 \u00a0 \u00a0 \u00a0 \u00a0 \u00a0 \u00a0 \u00a0\u00a0<img loading=\"lazy\" decoding=\"async\" class=\"size-thumbnail wp-image-9848 alignright\" title=\"fleures 8 007\" src=\"http:\/\/www.lecarrefourdesopinions.ca\/wp-content\/uploads\/2013\/06\/fleures-8-007-134x107.jpg\" alt=\"\" width=\"134\" height=\"107\" \/><\/span> <\/span><\/em><\/p>\n<p style=\"text-align: center;\" align=\"center\">Que l\u2019amiti\u00e9 sinc\u00e8re<\/p>\n<p align=\"center\">Des \u00eatres qui sont chers<\/p>\n<p align=\"center\">Vaut bien plus que de l\u2019or<\/p>\n<p align=\"center\">Que l\u2019on perd sans remords<\/p>\n<p align=\"center\"><strong>Je crois<\/strong><\/p>\n<p align=\"center\">Que la grande solidarit\u00e9<\/p>\n<p align=\"center\">Au sein de notre humanit\u00e9<\/p>\n<p align=\"center\">Devrait nous rassembler<\/p>\n<p align=\"center\">Pour mieux nous renforcer<\/p>\n<p align=\"center\"><strong>Je crois<\/strong><\/p>\n<p align=\"center\">Qu\u2019une chaude am\u00e9nit\u00e9<\/p>\n<p align=\"center\">Symboliserait la n\u00e9cessit\u00e9<\/p>\n<p align=\"center\">De resserrer les liens r\u00e9els<\/p>\n<p align=\"center\">Du coude \u00e0 coude fraternel<\/p>\n<p align=\"center\"><strong>Je crois<\/strong><\/p>\n<p align=\"center\">Que la douce convivialit\u00e9<\/p>\n<p align=\"center\">A travers la grande cit\u00e9<\/p>\n<p align=\"center\">R\u00e9chaufferait les c\u0153urs<\/p>\n<p align=\"center\">Et dans tous les secteurs<\/p>\n<p align=\"center\"><strong>Je crois<\/strong><\/p>\n<p align=\"center\">Que nos dieux tut\u00e9laires<\/p>\n<p align=\"center\">Sauront bien nous abstraire<\/p>\n<p align=\"center\">De cette situation grabataire<\/p>\n<p align=\"center\">Dont nous sommes tributaires<\/p>\n<p align=\"center\"><strong>Je crois<\/strong><\/p>\n<p align=\"center\">Que lorsqu\u2019entre nous enfin<\/p>\n<p align=\"center\">En nous prenant par la main<\/p>\n<p align=\"center\">Et reformater notre embl\u00e8me<\/p>\n<p align=\"center\">Nous nous dirons\u00a0: Je t\u2019aime<\/p>\n<p align=\"center\"><strong>Je crois<\/strong><\/p>\n<p align=\"center\">Qu\u2019\u00e0 force de singer les autres<\/p>\n<p align=\"center\">On se transforme en ap\u00f4tres<\/p>\n<p align=\"center\">De tout ce qui se fait ailleurs<\/p>\n<p align=\"center\">Pour notre tr\u00e8s grand malheur<\/p>\n<p align=\"center\"><strong>Je crois<\/strong><\/p>\n<p align=\"center\">Que faire du m\u2019as-tu vu<\/p>\n<p align=\"center\">S\u2019av\u00e8re un complexe de plus<\/p>\n<p align=\"center\">Dont il faudrait se d\u00e9faire<\/p>\n<p align=\"center\">Pour trouver ses vrais rep\u00e8res<\/p>\n<p align=\"center\"><strong>Je crois<\/strong><\/p>\n<p align=\"center\">Que notre acculturation<\/p>\n<p align=\"center\">A emp\u00each\u00e9 toute la nation<\/p>\n<p align=\"center\">D\u2019essayer au moins d\u2019innover<\/p>\n<p align=\"center\">En fonction de ses sp\u00e9cificit\u00e9s<\/p>\n<p align=\"center\"><strong>Je crois<\/strong><\/p>\n<p align=\"center\">Qu\u2019un enfant qui a faim<\/p>\n<p align=\"center\">Et qui nous tend la main<\/p>\n<p align=\"center\">M\u00e9rite mieux qu\u2019une obole<\/p>\n<p align=\"center\">Encore moins une parabole<\/p>\n<p align=\"center\"><strong>Je crois<\/strong><\/p>\n<p align=\"center\">Qu\u2019une maman sans emploi<\/p>\n<p align=\"center\">Ne pourra plus avoir la foi<\/p>\n<p align=\"center\">Quand il faut qu\u2019elle pleure<\/p>\n<p align=\"center\">Puisque son enfant se meurt<\/p>\n<p align=\"center\"><strong>Je crois<\/strong><\/p>\n<p align=\"center\">Que les jeunes dipl\u00f4m\u00e9s<\/p>\n<p align=\"center\">Oblig\u00e9s de s\u2019expatrier<\/p>\n<p align=\"center\">Afin de gagner leur vie<\/p>\n<p align=\"center\">S\u2019ennuient de leur patrie<\/p>\n<p align=\"center\"><strong>Je crois<\/strong><\/p>\n<p align=\"center\">Que d\u2019autres jeunes par contre<\/p>\n<p align=\"center\">Ne viennent pas \u00e0 leur rencontre<\/p>\n<p align=\"center\">Se r\u00e9clamant du pays d\u2019accueil<\/p>\n<p align=\"center\">L\u2019alma mater en fera son deuil<\/p>\n<p align=\"center\"><strong>Je crois<\/strong><\/p>\n<p align=\"center\">Que livr\u00e9s \u00e0 eux-m\u00eames<\/p>\n<p align=\"center\">Dans cette pauvret\u00e9 extr\u00eame<\/p>\n<p align=\"center\">Ces pauvres en toute confusion<\/p>\n<p align=\"center\">Frisent la d\u00e9shumanisation<\/p>\n<p align=\"center\"><strong>Je crois<\/strong><\/p>\n<p align=\"center\">Qu\u2019au-del\u00e0 de toute esp\u00e9rance<\/p>\n<p align=\"center\">Il nous faut de la transcendance<\/p>\n<p align=\"center\">Pour saisir la chance qui passe<\/p>\n<p align=\"center\">Et ne point perdre la face<\/p>\n<p align=\"center\"><strong>Je crois<\/strong><\/p>\n<p align=\"center\">Que la vraie chaleur humaine<\/p>\n<p align=\"center\">Dissipera beaucoup de peine<\/p>\n<p align=\"center\">Chez ceux qui en ont besoin<\/p>\n<p align=\"center\">Pour parcourir leur chemin<\/p>\n<p align=\"center\"><strong>Je crois<\/strong><\/p>\n<p align=\"center\">Que l\u2019amour est le grand roi<\/p>\n<p align=\"center\">Nous devons respecter sa loi<\/p>\n<p align=\"center\">De nous seuls s\u0153urs et fr\u00e8res<\/p>\n<p align=\"center\">D\u00e9pend la fin de notre calvaire<\/p>\n<p align=\"center\">\n<p>&nbsp;<\/p>\n<script type=\"text\/javascript\">\n\nvar addthis_config = {\"data_track_clickback\":false,\"data_track_addressbar\":false,\"data_track_textcopy\":false};\n<\/script><script type=\"text\/javascript\" src=\"\/\/s7.addthis.com\/js\/250\/addthis_widget.js#pubid=f084fdfbcefba74c78dfad3bbc873ffd\"><\/script>","protected":false},"excerpt":{"rendered":"<p align=\"center\"><span style=\"color: #3366ff;\">\u00ab\u00a0Je crois\u00a0\u00bb<\/span><\/p>\n<p align=\"center\">\u00a0\u00a0\u00a0<\/p>\n<p align=\"center\">\n<p align=\"center\"><span style=\"color: #800000;\">Par <\/span><span class=\"gD\"><span style=\"color: #800000;\">Serge H. Mo\u00efse \u00a0 \u00a0 \u00a0 \u00a0 \u00a0 \u00a0 \u00a0 \u00a0 \u00a0 \u00a0 \u00a0 \u00a0 \u00a0 \u00a0 \u00a0 \u00a0 \u00a0 \u00a0 \u00a0 \u00a0 \u00a0 \u00a0\u00a0<\/span> <\/span><\/p>\n<p style=\"text-align: center;\" align=\"center\">Que l\u2019amiti\u00e9 sinc\u00e8re<\/p>\n<p align=\"center\">Des \u00eatres qui sont chers<\/p>\n<p align=\"center\">Vaut bien plus que de l\u2019or<\/p>\n<p align=\"center\">Que l\u2019on perd sans remords<\/p>\n<p align=\"center\">Je crois<\/p>\n<p align=\"center\">Que la grande solidarit\u00e9<\/p>\n<p align=\"center\">Au sein de notre &hellip;<\/p>\n","protected":false},"author":1,"featured_media":0,"comment_status":"open","ping_status":"open","sticky":false,"template":"","format":"standard","meta":{"footnotes":""},"categories":[1],"tags":[],"class_list":["post-9846","post","type-post","status-publish","format-standard","hentry","category-accueil"],"_links":{"self":[{"href":"https:\/\/www.lecarrefourdesopinions.ca\/index.php?rest_route=\/wp\/v2\/posts\/9846","targetHints":{"allow":["GET"]}}],"collection":[{"href":"https:\/\/www.lecarrefourdesopinions.ca\/index.php?rest_route=\/wp\/v2\/posts"}],"about":[{"href":"https:\/\/www.lecarrefourdesopinions.ca\/index.php?rest_route=\/wp\/v2\/types\/post"}],"author":[{"embeddable":true,"href":"https:\/\/www.lecarrefourdesopinions.ca\/index.php?rest_route=\/wp\/v2\/users\/1"}],"replies":[{"embeddable":true,"href":"https:\/\/www.lecarrefourdesopinions.ca\/index.php?rest_route=%2Fwp%2Fv2%2Fcomments&post=9846"}],"version-history":[{"count":4,"href":"https:\/\/www.lecarrefourdesopinions.ca\/index.php?rest_route=\/wp\/v2\/posts\/9846\/revisions"}],"predecessor-version":[{"id":9888,"href":"https:\/\/www.lecarrefourdesopinions.ca\/index.php?rest_route=\/wp\/v2\/posts\/9846\/revisions\/9888"}],"wp:attachment":[{"href":"https:\/\/www.lecarrefourdesopinions.ca\/index.php?rest_route=%2Fwp%2Fv2%2Fmedia&parent=9846"}],"wp:term":[{"taxonomy":"category","embeddable":true,"href":"https:\/\/www.lecarrefourdesopinions.ca\/index.php?rest_route=%2Fwp%2Fv2%2Fcategories&post=9846"},{"taxonomy":"post_tag","embeddable":true,"href":"https:\/\/www.lecarrefourdesopinions.ca\/index.php?rest_route=%2Fwp%2Fv2%2Ftags&post=9846"}],"curies":[{"name":"wp","href":"https:\/\/api.w.org\/{rel}","templated":true}]}}