{"id":9821,"date":"2013-06-11T22:12:33","date_gmt":"2013-06-12T02:12:33","guid":{"rendered":"http:\/\/www.lecarrefourdesopinions.ca\/?p=9821"},"modified":"2013-06-13T12:11:42","modified_gmt":"2013-06-13T16:11:42","slug":"membres-de-la-famille-et-amies","status":"publish","type":"post","link":"https:\/\/www.lecarrefourdesopinions.ca\/?p=9821","title":{"rendered":"Membres de la famille et ami(e)s"},"content":{"rendered":"<p><strong>Membres de la famille et ami(e)s,<\/strong><\/p>\n<p>\u00a0<strong>Messe d&rsquo;action de gr\u00e2ce pour Antoine Alavo, samedi 15 juin \u00e0 11 h 00<\/strong><\/p>\n<p style=\"text-align: center;\"><img loading=\"lazy\" decoding=\"async\" class=\"aligncenter size-thumbnail wp-image-9823\" title=\"tulipes\" src=\"http:\/\/www.lecarrefourdesopinions.ca\/wp-content\/uploads\/2013\/06\/tulipes-134x107.jpg\" alt=\"\" width=\"134\" height=\"107\" \/><\/p>\n<p style=\"text-align: justify;\">\n<p style=\"text-align: justify;\">\u00a0<strong>Suite au d\u00e9c\u00e8s \u00e0 Dakar (S\u00e9n\u00e9gal) \u00e0 l&rsquo;\u00e2ge de 85 ans d\u2019Antoine Alavo, Papa d\u2019Yves Alavo et de Guy-Joseph Alavo (deux des fils vivant au Qu\u00e9bec), dont les fun\u00e9railles ont d\u00e9j\u00e0 eu lieu, nous organisons pour la famille et les amis de Montr\u00e9al, samedi 15 juin \u00e0 11 h 00 en l&rsquo;\u00e9glise St-Alphonse d&rsquo;Youville d&rsquo;Ahuntsic (Boulevard Cr\u00e9mazie, angle Lajeunesse), une messe d&rsquo;action de gr\u00e2ce.<\/strong><\/p>\n<p style=\"text-align: justify;\">\n<p>\u00a0<img loading=\"lazy\" decoding=\"async\" class=\"aligncenter size-full wp-image-9842\" title=\"Signet ANTOINE ALAVO (1)\" src=\"http:\/\/www.lecarrefourdesopinions.ca\/wp-content\/uploads\/2013\/06\/Signet-ANTOINE-ALAVO-1.jpg\" alt=\"\" width=\"595\" height=\"245\" srcset=\"https:\/\/www.lecarrefourdesopinions.ca\/wp-content\/uploads\/2013\/06\/Signet-ANTOINE-ALAVO-1.jpg 595w, https:\/\/www.lecarrefourdesopinions.ca\/wp-content\/uploads\/2013\/06\/Signet-ANTOINE-ALAVO-1-300x123.jpg 300w, https:\/\/www.lecarrefourdesopinions.ca\/wp-content\/uploads\/2013\/06\/Signet-ANTOINE-ALAVO-1-400x164.jpg 400w\" sizes=\"auto, (max-width: 595px) 100vw, 595px\" \/><\/p>\n<p style=\"text-align: justify;\"><strong>Vous \u00eates invit\u00e9s \u00e0 vivre ce moment en hommage \u00e0 ce pionnier, p\u00e8re, grand-p\u00e8re et arri\u00e8re grand p\u00e8re, homme de foi.\u00a0 Apr\u00e8s la messe, la famille vous recevra pour un brunch \u00e0 sa r\u00e9sidence du 8981, avenue de Chateaubriand <a href=\"tel:%28514-387-6283\" target=\"_blank\">(514-387-6283<\/a>). \u00a0Merci de vous joindre \u00e0 nous.<\/strong><\/p>\n<script type=\"text\/javascript\">\n\nvar addthis_config = {\"data_track_clickback\":false,\"data_track_addressbar\":false,\"data_track_textcopy\":false};\n<\/script><script type=\"text\/javascript\" src=\"\/\/s7.addthis.com\/js\/250\/addthis_widget.js#pubid=f084fdfbcefba74c78dfad3bbc873ffd\"><\/script>","protected":false},"excerpt":{"rendered":"<p>Membres de la famille et ami(e)s,<\/p>\n<p>\u00a0Messe d&rsquo;action de gr\u00e2ce pour Antoine Alavo, samedi 15 juin \u00e0 11 h 00<\/p>\n<p style=\"text-align: center;\">\n<p style=\"text-align: justify;\">\n<p style=\"text-align: justify;\">\u00a0Suite au d\u00e9c\u00e8s \u00e0 Dakar (S\u00e9n\u00e9gal) \u00e0 l&rsquo;\u00e2ge de 85 ans d\u2019Antoine Alavo, Papa d\u2019Yves Alavo et &hellip;<\/p>\n","protected":false},"author":1,"featured_media":0,"comment_status":"open","ping_status":"open","sticky":false,"template":"","format":"standard","meta":{"footnotes":""},"categories":[1],"tags":[],"class_list":["post-9821","post","type-post","status-publish","format-standard","hentry","category-accueil"],"_links":{"self":[{"href":"https:\/\/www.lecarrefourdesopinions.ca\/index.php?rest_route=\/wp\/v2\/posts\/9821","targetHints":{"allow":["GET"]}}],"collection":[{"href":"https:\/\/www.lecarrefourdesopinions.ca\/index.php?rest_route=\/wp\/v2\/posts"}],"about":[{"href":"https:\/\/www.lecarrefourdesopinions.ca\/index.php?rest_route=\/wp\/v2\/types\/post"}],"author":[{"embeddable":true,"href":"https:\/\/www.lecarrefourdesopinions.ca\/index.php?rest_route=\/wp\/v2\/users\/1"}],"replies":[{"embeddable":true,"href":"https:\/\/www.lecarrefourdesopinions.ca\/index.php?rest_route=%2Fwp%2Fv2%2Fcomments&post=9821"}],"version-history":[{"count":5,"href":"https:\/\/www.lecarrefourdesopinions.ca\/index.php?rest_route=\/wp\/v2\/posts\/9821\/revisions"}],"predecessor-version":[{"id":9845,"href":"https:\/\/www.lecarrefourdesopinions.ca\/index.php?rest_route=\/wp\/v2\/posts\/9821\/revisions\/9845"}],"wp:attachment":[{"href":"https:\/\/www.lecarrefourdesopinions.ca\/index.php?rest_route=%2Fwp%2Fv2%2Fmedia&parent=9821"}],"wp:term":[{"taxonomy":"category","embeddable":true,"href":"https:\/\/www.lecarrefourdesopinions.ca\/index.php?rest_route=%2Fwp%2Fv2%2Fcategories&post=9821"},{"taxonomy":"post_tag","embeddable":true,"href":"https:\/\/www.lecarrefourdesopinions.ca\/index.php?rest_route=%2Fwp%2Fv2%2Ftags&post=9821"}],"curies":[{"name":"wp","href":"https:\/\/api.w.org\/{rel}","templated":true}]}}