{"id":9810,"date":"2013-06-11T22:12:51","date_gmt":"2013-06-12T02:12:51","guid":{"rendered":"http:\/\/www.lecarrefourdesopinions.ca\/?p=9810"},"modified":"2013-06-11T22:12:51","modified_gmt":"2013-06-12T02:12:51","slug":"en-arriver-la-oh-la-la","status":"publish","type":"post","link":"https:\/\/www.lecarrefourdesopinions.ca\/?p=9810","title":{"rendered":"En arriver l\u00e0, Oh la la !.."},"content":{"rendered":"<p align=\"center\"><strong><em>En arriver l\u00e0, Oh la la\u00a0!..<\/em><\/strong><strong><em><\/em><\/strong><\/p>\n<p style=\"text-align: justify;\" align=\"center\"><strong>\u00a0 \u00a0 <\/strong><span style=\"color: #800000;\"><em>Par \u00c9ric E.G. NOGARD<\/em><\/span><\/p>\n<p>&nbsp;<\/p>\n<p><img loading=\"lazy\" decoding=\"async\" class=\"alignleft size-medium wp-image-9811\" title=\"FA13915  FRANCE ABROGATION DU DELIT D OFFENSE AU CHEF DE L ETAT\" src=\"http:\/\/www.lecarrefourdesopinions.ca\/wp-content\/uploads\/2013\/06\/FA13915-FRANCE-ABROGATION-DU-DELIT-D-OFFENSE-AU-CHEF-DE-L-ETAT-256x300.jpg\" alt=\"\" width=\"256\" height=\"300\" srcset=\"https:\/\/www.lecarrefourdesopinions.ca\/wp-content\/uploads\/2013\/06\/FA13915-FRANCE-ABROGATION-DU-DELIT-D-OFFENSE-AU-CHEF-DE-L-ETAT-256x300.jpg 256w, https:\/\/www.lecarrefourdesopinions.ca\/wp-content\/uploads\/2013\/06\/FA13915-FRANCE-ABROGATION-DU-DELIT-D-OFFENSE-AU-CHEF-DE-L-ETAT-400x467.jpg 400w, https:\/\/www.lecarrefourdesopinions.ca\/wp-content\/uploads\/2013\/06\/FA13915-FRANCE-ABROGATION-DU-DELIT-D-OFFENSE-AU-CHEF-DE-L-ETAT.jpg 501w\" sizes=\"auto, (max-width: 256px) 100vw, 256px\" \/>La Cinqui\u00e8me R\u00e9publique Fran\u00e7aise a pu en arriver l\u00e0, Oh la la.<\/p>\n<p>&nbsp;<\/p>\n<p>D\u00e9sormais, nul d\u00e9lit d\u2019offense au Chef de l\u2019\u0116tat, qu\u2019on lui intime \u00ab\u00a0Casse toi pov\u2019con\u00a0\u00bb.<\/p>\n<p>&nbsp;<\/p>\n<p>Lui signifier \u00ab\u00a0Casse toi\u00a0\u00bb et rench\u00e9rir \u00ab\u00a0Pauvre Con\u00a0\u00bb sans en \u00eatre inqui\u00e9t\u00e9 et m\u00eame, se faire applaudir, en sommes-nous arriv\u00e9s l\u00e0.<\/p>\n<p>&nbsp;<\/p>\n<p>D\u00e9sormais, le D\u00e9lit d\u2019Offense au Chef de l\u2019\u00c9tat est Abrog\u00e9.<\/p>\n<p>&nbsp;<\/p>\n<p>Autant dire que l\u2019Offense n\u2019existe plus, la voil\u00e0 devenue une gentillesse, que la F\u00eate Commence, avec nos V\u0153ux de Bon Plaisir Messieurs-Dames.<\/p>\n<p>&nbsp;<\/p>\n<p>Et, d\u2019ailleurs, quelle histoire de Messieurs, et quelle histoire de Dames, comme si le temps du Tout\u2019Monde n\u2019\u00e9tait pas bel et bien arriv\u00e9, ou comme si, comme dans le \u00ab\u00a0Triangle des Bermudes\u00a0\u00bb, nos boussoles n\u2019\u00e9taient pas devenues Folles.<\/p>\n<p>&nbsp;<\/p>\n<p>En v\u00e9rit\u00e9, la jolie \u00ab\u00a0Boulette\u00a0\u00bb de \u00ab\u00a0Martinique Province Fran\u00e7aise d\u2019Am\u00e9rique\u00a0\u00bb dans l\u2019un de ses derniers Commentaires \u00e0 un Twitter\u00a0:<\/p>\n<p>&nbsp;<\/p>\n<p>\u00ab\u00a0<em>N\u2019oubliez pas que Monsieur HOLLANDE est quand m\u00eame Votre Pr\u00e9sident pour avoir \u00e9t\u00e9 \u00c9lu par le Peuple Fran\u00e7ais, au nom de sa R\u00e9publique, et que d\u00e8s-lors, \u00e0 moins d\u2019outrager la France, son Repr\u00e9sentant son Drapeau, et vous m\u00eame, vous vous devez envers lui, d\u2019un peu de Retenue<\/em>\u00a0\u00bb\u00a0!..<\/p>\n<p>&nbsp;<\/p>\n<p>O\u00a0! La Boulette des boulettes, ou alors, que sommes-nous devenus, comment avons-nous pu en arriver l\u00e0.<\/p>\n<p>&nbsp;<\/p>\n<p>Cherchons.<\/p>\n<p>&nbsp;<\/p>\n<p>Cherchons et trouvons un Pays de la Terre qui puisse nous comprendre dans notre Abrogation du D\u00e9lit d\u2019Offense au Chef de l\u2019\u00c9tat, suite \u00e0 un \u00ab\u00a0Casse-toi pauvre Con\u00a0\u00bb, assen\u00e9 en Public.<\/p>\n<p>&nbsp;<\/p>\n<p>Peut-\u00eatre ce Pays serait-il la Nasyon Souveraine de Matnic o\u00f9, pas plus tard qu\u2019hier, on \u00e9tait mis \u00e0 la porte de son Emploi, sans la moindre indemnit\u00e9, au pr\u00e9texte qu\u2019on aurait\u00a0:<\/p>\n<p>&nbsp;<\/p>\n<p>\u00ab\u00a0Pouss\u00e9 la Porte de son employeur \u2013 quel employeur \u2013 alors qu\u2019il \u00e9tait en Conf\u00e9rence, et quelle Conf\u00e9rence\u00a0\u00bb.<\/p>\n<p>&nbsp;<\/p>\n<p>Quant \u00e0 la raison de l\u2019Offense faite \u00e0 cette \u00c9minence, rien que pour avoir pouss\u00e9 sa porte alors qu\u2019elle tenait Conf\u00e9rence, Nul n\u2019a voulu en Conna\u00eetre.<\/p>\n<p>&nbsp;<\/p>\n<p>O\u00f9 est donc pass\u00e9 MONTESQUIEU, Monsieur de MONTESQUIEU.<\/p>\n<p>&nbsp;<\/p>\n<p>N\u2019est-ce pas lui qui a dit ce que nous croyons pouvoir traduire par notre \u00ab\u00a0<em>Tout est selon le lieu, selon le temps, selon le monde\u00a0<\/em>\u00bb.<\/p>\n<p style=\"text-align: justify;\">\u00a0<img loading=\"lazy\" decoding=\"async\" class=\"size-full wp-image-9812\" title=\"Louis XVI\" src=\"http:\/\/www.lecarrefourdesopinions.ca\/wp-content\/uploads\/2013\/06\/Louis-XVI.jpg\" alt=\"\" width=\"135\" height=\"140\" \/><img loading=\"lazy\" decoding=\"async\" class=\"aligncenter size-thumbnail wp-image-9814\" title=\"Guillotine_Best\" src=\"http:\/\/www.lecarrefourdesopinions.ca\/wp-content\/uploads\/2013\/06\/Guillotine_Best1-134x107.jpg\" alt=\"\" width=\"134\" height=\"107\" \/><img loading=\"lazy\" decoding=\"async\" class=\"alignright size-thumbnail wp-image-9815\" title=\"Fran\u00e7ois HOLLANDE\" src=\"http:\/\/www.lecarrefourdesopinions.ca\/wp-content\/uploads\/2013\/06\/Fran\u00e7ois-HOLLANDE-134x107.jpg\" alt=\"\" width=\"134\" height=\"107\" \/><\/p>\n<p>&nbsp;<\/p>\n<p>&nbsp;<\/p>\n<p>&nbsp;<\/p>\n<p>Et disons-nous qu\u2019\u00e0 bien consid\u00e9rer\u00a0:<\/p>\n<p>&nbsp;<\/p>\n<p><img loading=\"lazy\" decoding=\"async\" class=\"alignleft size-medium wp-image-9816\" title=\"platoc\" src=\"http:\/\/www.lecarrefourdesopinions.ca\/wp-content\/uploads\/2013\/06\/platoc-300x300.jpg\" alt=\"\" width=\"300\" height=\"300\" srcset=\"https:\/\/www.lecarrefourdesopinions.ca\/wp-content\/uploads\/2013\/06\/platoc-300x300.jpg 300w, https:\/\/www.lecarrefourdesopinions.ca\/wp-content\/uploads\/2013\/06\/platoc-400x400.jpg 400w, https:\/\/www.lecarrefourdesopinions.ca\/wp-content\/uploads\/2013\/06\/platoc.jpg 720w\" sizes=\"auto, (max-width: 300px) 100vw, 300px\" \/>&#8211;\u00a0\u00a0\u00a0\u00a0\u00a0\u00a0 Ou la France n\u2019est plus dans l\u2019Hexagone. O\u00f9 donc serait-elle pass\u00e9e.<\/p>\n<p>&nbsp;<\/p>\n<p>&#8211;\u00a0\u00a0\u00a0\u00a0\u00a0\u00a0 Ou le Temps de la Cinqui\u00e8me R\u00e9publique serait r\u00e9volu. Alors vite la Sixi\u00e8me.<\/p>\n<p>&nbsp;<\/p>\n<p>&#8211;\u00a0\u00a0\u00a0\u00a0\u00a0\u00a0 Ou la Soci\u00e9t\u00e9 Fran\u00e7aise aurait tout simplement \u00ab\u00a0vir\u00e9\u00a0\u00bb au Tout\u2019Monde, alors l\u00e0, let\u2019s lay down our arms and surrender to Anarchism ans Confusion.<\/p>\n<p>&nbsp;<\/p>\n<p>Louis le CAPET aura p\u00e9ri for nothing si nous en sommes arriv\u00e9s l\u00e0\u2026 Oh la la.<\/p>\n<p>&nbsp;<\/p>\n<p>\u00c9ric E.G. NOGARD<\/p>\n<p>(<em>Chronique r\u00e9dig\u00e9e \u00e0 Fort-de-France, le 20 Mai 2013<\/em>)<\/p>\n<p>&nbsp;<\/p>\n<p><span style=\"text-decoration: underline;\">N.B.\u00a0:<\/span> Si notre Chronique vous int\u00e9resse, pourquoi ne pas l\u2019aider \u00e0 survivre, elle nous r\u00e9clame chaque jour davantage de Sacrifices et nous fait prendre plus de Risques. Par avance, MERCI pour votre Soutien.<\/p>\n<p><em>\u00a0<\/em><\/p>\n<p align=\"center\"><strong>Ne Peut \u00eatre reproduit &#8211; m\u00eame partiellement &#8211;\u00a0 sans l\u2019autorisation de l\u2019Auteur.<\/strong><strong><em><\/em><\/strong><\/p>\n<p>&nbsp;<\/p>\n<script type=\"text\/javascript\">\n\nvar addthis_config = {\"data_track_clickback\":false,\"data_track_addressbar\":false,\"data_track_textcopy\":false};\n<\/script><script type=\"text\/javascript\" src=\"\/\/s7.addthis.com\/js\/250\/addthis_widget.js#pubid=f084fdfbcefba74c78dfad3bbc873ffd\"><\/script>","protected":false},"excerpt":{"rendered":"<p align=\"center\">En arriver l\u00e0, Oh la la\u00a0!..<\/p>\n<p style=\"text-align: justify;\" align=\"center\">\u00a0 \u00a0 <span style=\"color: #800000;\">Par \u00c9ric E.G. NOGARD<\/span><\/p>\n<p>&nbsp;<\/p>\n<p>La Cinqui\u00e8me R\u00e9publique Fran\u00e7aise a pu en arriver l\u00e0, Oh la la.<\/p>\n<p>&nbsp;<\/p>\n<p>D\u00e9sormais, nul d\u00e9lit d\u2019offense au Chef de l\u2019\u0116tat, qu\u2019on lui intime \u00ab\u00a0&hellip;<\/p>\n","protected":false},"author":1,"featured_media":0,"comment_status":"open","ping_status":"open","sticky":false,"template":"","format":"standard","meta":{"footnotes":""},"categories":[1],"tags":[],"class_list":["post-9810","post","type-post","status-publish","format-standard","hentry","category-accueil"],"_links":{"self":[{"href":"https:\/\/www.lecarrefourdesopinions.ca\/index.php?rest_route=\/wp\/v2\/posts\/9810","targetHints":{"allow":["GET"]}}],"collection":[{"href":"https:\/\/www.lecarrefourdesopinions.ca\/index.php?rest_route=\/wp\/v2\/posts"}],"about":[{"href":"https:\/\/www.lecarrefourdesopinions.ca\/index.php?rest_route=\/wp\/v2\/types\/post"}],"author":[{"embeddable":true,"href":"https:\/\/www.lecarrefourdesopinions.ca\/index.php?rest_route=\/wp\/v2\/users\/1"}],"replies":[{"embeddable":true,"href":"https:\/\/www.lecarrefourdesopinions.ca\/index.php?rest_route=%2Fwp%2Fv2%2Fcomments&post=9810"}],"version-history":[{"count":2,"href":"https:\/\/www.lecarrefourdesopinions.ca\/index.php?rest_route=\/wp\/v2\/posts\/9810\/revisions"}],"predecessor-version":[{"id":9827,"href":"https:\/\/www.lecarrefourdesopinions.ca\/index.php?rest_route=\/wp\/v2\/posts\/9810\/revisions\/9827"}],"wp:attachment":[{"href":"https:\/\/www.lecarrefourdesopinions.ca\/index.php?rest_route=%2Fwp%2Fv2%2Fmedia&parent=9810"}],"wp:term":[{"taxonomy":"category","embeddable":true,"href":"https:\/\/www.lecarrefourdesopinions.ca\/index.php?rest_route=%2Fwp%2Fv2%2Fcategories&post=9810"},{"taxonomy":"post_tag","embeddable":true,"href":"https:\/\/www.lecarrefourdesopinions.ca\/index.php?rest_route=%2Fwp%2Fv2%2Ftags&post=9810"}],"curies":[{"name":"wp","href":"https:\/\/api.w.org\/{rel}","templated":true}]}}