{"id":9796,"date":"2013-06-11T22:15:42","date_gmt":"2013-06-12T02:15:42","guid":{"rendered":"http:\/\/www.lecarrefourdesopinions.ca\/?p=9796"},"modified":"2013-06-11T22:15:42","modified_gmt":"2013-06-12T02:15:42","slug":"loin-de-porter-une-vision-davenir-lelection-de-coderre-laisserait-plutot","status":"publish","type":"post","link":"https:\/\/www.lecarrefourdesopinions.ca\/?p=9796","title":{"rendered":"Loin de porter une vision d\u2019avenir,  l\u2019\u00e9lection de Coderre laisserait plut\u00f4t &#8230;&#8230;&#8230;."},"content":{"rendered":"<p><span style=\"color: #3366ff;\"><strong>Loin de porter une vision d\u2019avenir, <\/strong><\/span><\/p>\n<p><span style=\"color: #3366ff;\"><strong>l\u2019\u00e9lection de Coderre laisserait plut\u00f4t <\/strong><\/span><\/p>\n<p><span style=\"color: #3366ff;\"><strong>pr\u00e9sager un retour au client\u00e9lisme d\u2019antan<\/strong><\/span><\/p>\n<p><strong>\u00a0<\/strong><\/p>\n<p><em><img decoding=\"async\" class=\"alignleft size-full wp-image-9103\" title=\"Photo Paul Cliche\" src=\"http:\/\/www.lecarrefourdesopinions.ca\/wp-content\/uploads\/2012\/11\/Photo-Paul-Cliche.bmp\" alt=\"\" \/><span style=\"color: #800000;\">Par Paul Cliche<\/span><\/em><span style=\"color: #800000;\"><a title=\"\" href=\"#_edn1\"><span style=\"color: #800000;\"><em>[i<\/em>]<\/span><\/a>\u00a0<\/span><\/p>\n<p>&nbsp;<\/p>\n<p style=\"text-align: justify;\">Souhaitant chambarder le syst\u00e8me de partis pr\u00e9valant \u00e0 Montr\u00e9al depuis plusieurs d\u00e9cennies, l\u2019aspirant maire Denis Coderre n\u2019a cesse de marteler l\u2019unique point qui lui tienne jusqu\u2019ici de programme: \u00abL\u2019H\u00f4tel de Ville n\u2019est pas un Parlement.\u00a0C\u2019est une administration\u00bb. Voil\u00e0 pourquoi l\u2019\u00ab\u00c9quipe Coderre pour Montr\u00e9al\u00bb se d\u00e9fend bien d\u2019\u00eatre un parti politique. Dans l\u2019esprit de son cr\u00e9ateur, cette d\u00e9nomination n\u2019est en effet qu\u2019une banni\u00e8re permettant de profiter des avantages qu\u2019accorde la loi \u00e9lectorale qu\u00e9b\u00e9coise aux groupes qui re\u00e7oivent une reconnaissance officielle du directeur g\u00e9n\u00e9ral des \u00e9lections.<\/p>\n<p>&nbsp;<\/p>\n<p style=\"text-align: justify;\">Mais, en 2013, ceux qui consid\u00e8rent les municipalit\u00e9s comme de simples fournisseuses de services de proximit\u00e9 ont tout faux. M\u00eame si le statut juridique de ces derni\u00e8res demeure toujours inchang\u00e9 et qu\u2019elles sont encore l\u00e9galement des cr\u00e9atures du gouvernement provincial, leur r\u00f4le s\u2019est en r\u00e9alit\u00e9 compl\u00e8tement transform\u00e9 depuis quelques d\u00e9cennies. De simples corps administratifs elles sont devenues des gouvernements locaux qui g\u00e8rent la plus grande partie des infrastructures publiques. Elles sont devenues \u00e9galement un lieu n\u00e9vralgique pour le d\u00e9veloppement \u00e9conomique et l\u2019am\u00e9nagement urbain. Elles agissent souvent aussi comme d\u2019importants diffuseurs culturels. Bref, leur r\u00f4le couvre presque toutes les sph\u00e8res de l\u2019activit\u00e9 politique.<\/p>\n<p><strong>\u00a0<\/strong><\/p>\n<p><strong>\u00a0<\/strong><\/p>\n<p><strong>Les partis politiques: des outils incontournables<\/strong><\/p>\n<p>&nbsp;<\/p>\n<p style=\"text-align: justify;\">Dans un tel contexte, les partis politiques sont des outils incontournables pour servir de catalyseurs aux nombreuses et complexes interactions qui affectent le fonctionnement d\u2019une ville \u00a0aujourd\u2019hui. Comme l\u2019a \u00e9crit Michel Venne, directeur g\u00e9n\u00e9ral de l\u2019Institut de Nouveau Monde, ils sont des organisations qui d\u00e9battent des enjeux politiques, les rendent int\u00e9ressants, les mettent en \u00e9vidence, attirent l\u2019attention des citoyens, stimulent la discussion. Leur existence assure\u00a0 \u00e9galement la pr\u00e9sence au conseil municipal d\u2019une opposition mieux structur\u00e9e; ce qui est une condition de base du d\u00e9bat d\u00e9mocratique.<\/p>\n<p>&nbsp;<\/p>\n<p style=\"text-align: justify;\">En voulant limiter la Ville de Montr\u00e9al \u00e0 la simple fonction de fournisseuse de services de proximit\u00e9, le ci-devant d\u00e9put\u00e9 lib\u00e9ral\u00a0 de Bourassa \u00e0 la Chambre des Communes s\u2019affiche dor\u00e9navant comme le porte-\u00e9tendard de ceux qui, au Qu\u00e9bec, veulent bannir les partis politiques des villes sous pr\u00e9texte que le r\u00f4le jou\u00e9 par ces derni\u00e8res serait neutre. Pourtant les partis constituent des forums efficaces pour permettre aux citoyens de se faire entendre et pour que les \u00e9lecteurs puissent trancher entre les visions id\u00e9ologiques que lui proposent les diff\u00e9rentes formations qui briguent leurs suffrages, et ce dans des domaines aussi vitaux que la justice sociale, l\u2019am\u00e9nagement, l\u2019\u00e9conomie, le logement, l\u2019environnement, la culture.<\/p>\n<p>&nbsp;<\/p>\n<p style=\"text-align: justify;\">Le prochain maire de Montr\u00e9al devra aussi am\u00e9nager des espaces permettant au plus grand nombre possible de citoyens de prendre part aux discussions et aux d\u00e9cisions politiques. Cela devrait se traduire par la mise en place de conseils de quartier et par l\u2019implantation de budgets participatifs au niveau des arrondissements. Autre priorit\u00e9: il devra mettre de l\u2019ordre dans les structures d\u2019une ville balkanis\u00e9e en partie \u00e0 cause de maires d\u2019arrondissements qui, se comportant comme des roitelets,\u00a0 tiennent le pouvoir central en otage. Le nombre d\u2019arrondissements (19) devra aussi \u00eatre r\u00e9duit et leurs fronti\u00e8res red\u00e9coup\u00e9es de fa\u00e7on plus fonctionnelle. Quant au nombre d\u2019\u00e9lus (103) il devra subir une coupure drastique. Mais surtout le mode de scrutin devra \u00eatre r\u00e9form\u00e9 en profondeur pour que toutes les formations en lice soient trait\u00e9es avec \u00e9quit\u00e9 en mati\u00e8re de repr\u00e9sentation et que le vote de chaque \u00e9lecteur compte.<\/p>\n<p>&nbsp;<\/p>\n<p><strong>Une conception menant au client\u00e9lisme<\/strong><\/p>\n<p>&nbsp;<\/p>\n<p style=\"text-align: justify;\">Jusqu\u2019ici, le candidat Coderre s\u2019est bien gard\u00e9 de faire le moindre \u00e9nonc\u00e9\u00a0 programmatique. On peut m\u00eame douter que son groupe adopte sa plateforme \u00e9lectorale de fa\u00e7on d\u00e9mocratique tellement il souhaite que les projecteurs de l\u2019actualit\u00e9 restent constamment braqu\u00e9s sur son personnage.<\/p>\n<p>&nbsp;<\/p>\n<p style=\"text-align: justify;\">Mais son image de politicien\u00a0 ratoureux impr\u00e8gne d\u00e9j\u00e0 l\u2019atmosph\u00e8re pr\u00e9-\u00e9lectorale. Ainsi, il a r\u00e9ussi une premi\u00e8re op\u00e9ration de racolage en attirant dans ses rangs la mairesse\u00a0 transfuge de l\u2019arrondissement Rivi\u00e8res des Praires-Pointe aux Trembles qui \u00e9tait reconnue jusqu\u2019ici pour sa probit\u00e9. Il lui a confi\u00e9 la responsabilit\u00e9 de v\u00e9rifier l\u2019\u00e9thique des aspirants candidats. Pourtant Chantal Rouleau, loin de t\u00e9moigner de valeurs \u00e0 la hauteur de sa r\u00e9putation, n\u2019a fourni qu\u2019une seule\u00a0 raison pour expliquer son appui surprenant \u00e0 M. Coderre: quitter les mar\u00e9cages de l\u2019opposition pour l\u2019autoroute du pouvoir. Quel opportunisme! Puis elle s\u2019est empress\u00e9e de d\u00e9cerner un certificat d\u2019\u00e9thique \u00e0 son nouveau chef. Quelle farce!<\/p>\n<p>&nbsp;<\/p>\n<p>Le candidat Coderre a aussi lanc\u00e9 un appel du pied aux cols bleus de la Ville en laissant miroiter l\u2019embauche d\u2019un contingent important de fonctionnaires suite \u00e0 l\u2019abandon de la sous-traitance.<\/p>\n<p>&nbsp;<\/p>\n<p style=\"text-align: justify;\">Surtout, il faut r\u00e9aliser que la conception pr\u00e9conis\u00e9e par le candidat populiste Coderre \u00a0-\u00e9mule du maire Labeaume de Qu\u00e9bec- m\u00e8nerait directement au client\u00e9lisme. On sait qu\u2019il s\u2019agit d\u2019une sorte de maladie d\u00e9mocratique o\u00f9 un politicien cherche \u00e0 \u00e9largir son influence par des proc\u00e9d\u00e9s d\u00e9magogiques d\u2019attribution de privil\u00e8ges. On trouve cette pratique, qui voisine souvent la corruption, dans les pays les moins avanc\u00e9s en mati\u00e8re de m\u0153urs politiques.<\/p>\n<p>&nbsp;<\/p>\n<p style=\"text-align: justify;\">Les Montr\u00e9alais retourneraient alors quelques d\u00e9cennies en arri\u00e8re plus pr\u00e9cis\u00e9ment \u00e0 l\u2019\u00e9poque o\u00f9 le maire Jean Drapeau r\u00e9gnait en autocrate sur l\u2019H\u00f4tel de Ville sous la banni\u00e8re d\u2019un Parti civique fantoche. Ils reviendraient aussi aux administrations peu glorieuses des pr\u00e9d\u00e9cesseurs de ce dernier, celles des Camillien Houde, Adh\u00e9mar Raynault, Sarto Fournier et les autres du m\u00eame acabit qui se sont succ\u00e9d\u00e9s au pouvoir durant la premi\u00e8re moiti\u00e9 du XXe si\u00e8cle.<\/p>\n<p>&nbsp;<\/p>\n<p style=\"text-align: justify;\">Enfin, \u00e0 ceux qui, faisant preuve de mauvaise foi,\u00a0 pr\u00e9tendent que la corruption est attribuable \u00e0 l\u2019existence des partis, on doit faire remarquer que des enveloppes brunes ont servi \u00e0 financer l\u2019\u00e9lection de candidats ind\u00e9pendants dans maintes municipalit\u00e9s et que des \u00e9lections cl\u00e9s en main ont \u00e9galement \u00e9t\u00e9 organis\u00e9es dans des villes o\u00f9 il n\u2019y avait pas de partis.<\/p>\n<div>\n<hr align=\"left\" size=\"1\" width=\"33%\" \/>\n<div>\n<p><a title=\"\" href=\"#_ednref1\">[i]<\/a><span style=\"color: #800000;\"> Paul Cliche est un ex-conseiller municipal\u00a0 sous l\u2019\u00e9tiquette du Rassemblement des citoyens de Montr\u00e9al (RCM) et il a agi comme pr\u00e9sident du Front d\u2019action politique (FRAP) lors des \u00e9lections de 1970 \u00e0 Montr\u00e9al..<\/span><\/p>\n<\/div>\n<\/div>\n<script type=\"text\/javascript\">\n\nvar addthis_config = {\"data_track_clickback\":false,\"data_track_addressbar\":false,\"data_track_textcopy\":false};\n<\/script><script type=\"text\/javascript\" src=\"\/\/s7.addthis.com\/js\/250\/addthis_widget.js#pubid=f084fdfbcefba74c78dfad3bbc873ffd\"><\/script>","protected":false},"excerpt":{"rendered":"<p><span style=\"color: #3366ff;\">Loin de porter une vision d\u2019avenir, <\/span><\/p>\n<p><span style=\"color: #3366ff;\">l\u2019\u00e9lection de Coderre laisserait plut\u00f4t <\/span><\/p>\n<p><span style=\"color: #3366ff;\">pr\u00e9sager un retour au client\u00e9lisme d\u2019antan<\/span><\/p>\n<p>\u00a0<\/p>\n<p><span style=\"color: #800000;\">Par Paul Cliche<\/span><span style=\"color: #800000;\"><span style=\"color: #800000;\">[i]<\/span>\u00a0<\/span><\/p>\n<p>&nbsp;<\/p>\n<p style=\"text-align: justify;\">Souhaitant chambarder le syst\u00e8me de partis pr\u00e9valant \u00e0 Montr\u00e9al depuis plusieurs d\u00e9cennies, l\u2019aspirant maire Denis &hellip;<\/p>\n","protected":false},"author":1,"featured_media":0,"comment_status":"open","ping_status":"open","sticky":false,"template":"","format":"standard","meta":{"footnotes":""},"categories":[1],"tags":[],"class_list":["post-9796","post","type-post","status-publish","format-standard","hentry","category-accueil"],"_links":{"self":[{"href":"https:\/\/www.lecarrefourdesopinions.ca\/index.php?rest_route=\/wp\/v2\/posts\/9796","targetHints":{"allow":["GET"]}}],"collection":[{"href":"https:\/\/www.lecarrefourdesopinions.ca\/index.php?rest_route=\/wp\/v2\/posts"}],"about":[{"href":"https:\/\/www.lecarrefourdesopinions.ca\/index.php?rest_route=\/wp\/v2\/types\/post"}],"author":[{"embeddable":true,"href":"https:\/\/www.lecarrefourdesopinions.ca\/index.php?rest_route=\/wp\/v2\/users\/1"}],"replies":[{"embeddable":true,"href":"https:\/\/www.lecarrefourdesopinions.ca\/index.php?rest_route=%2Fwp%2Fv2%2Fcomments&post=9796"}],"version-history":[{"count":2,"href":"https:\/\/www.lecarrefourdesopinions.ca\/index.php?rest_route=\/wp\/v2\/posts\/9796\/revisions"}],"predecessor-version":[{"id":9831,"href":"https:\/\/www.lecarrefourdesopinions.ca\/index.php?rest_route=\/wp\/v2\/posts\/9796\/revisions\/9831"}],"wp:attachment":[{"href":"https:\/\/www.lecarrefourdesopinions.ca\/index.php?rest_route=%2Fwp%2Fv2%2Fmedia&parent=9796"}],"wp:term":[{"taxonomy":"category","embeddable":true,"href":"https:\/\/www.lecarrefourdesopinions.ca\/index.php?rest_route=%2Fwp%2Fv2%2Fcategories&post=9796"},{"taxonomy":"post_tag","embeddable":true,"href":"https:\/\/www.lecarrefourdesopinions.ca\/index.php?rest_route=%2Fwp%2Fv2%2Ftags&post=9796"}],"curies":[{"name":"wp","href":"https:\/\/api.w.org\/{rel}","templated":true}]}}