{"id":9746,"date":"2013-06-04T09:12:26","date_gmt":"2013-06-04T13:12:26","guid":{"rendered":"http:\/\/www.lecarrefourdesopinions.ca\/?p=9746"},"modified":"2013-06-04T09:12:26","modified_gmt":"2013-06-04T13:12:26","slug":"mise-en-garde","status":"publish","type":"post","link":"https:\/\/www.lecarrefourdesopinions.ca\/?p=9746","title":{"rendered":"\u00ab Mise en Garde \u00bb"},"content":{"rendered":"<p align=\"center\"><strong><span style=\"color: #000000;\">\u00ab\u00a0Mise en Garde\u00a0\u00bb<\/span><\/strong><\/p>\n<p style=\"text-align: left;\" align=\"center\">\u00a0 <img loading=\"lazy\" decoding=\"async\" class=\"alignleft size-thumbnail wp-image-9064\" title=\"Serge 1\" src=\"http:\/\/www.lecarrefourdesopinions.ca\/wp-content\/uploads\/2012\/10\/Serge-1-101x107.jpg\" alt=\"\" width=\"101\" height=\"107\" \/>\u00a0 \u00a0 \u00a0 <span style=\"color: #800000;\"><em>Par<\/em><\/span><span style=\"color: #000000;\"><span style=\"color: #800000;\"><em> Me Serge H. Mo\u00efse<\/em> <\/span>\u00a0 \u00a0 \u00a0 \u00a0 \u00a0\u00a0<\/span><\/p>\n<p style=\"text-align: justify;\"><span style=\"color: #000000;\">\u00a0\u00a0\u00a0\u00a0\u00a0\u00a0\u00a0\u00a0\u00a0\u00a0\u00a0\u00a0\u00a0\u00a0\u00a0 Les beaux slogans font encore leur petit effet et permettent aux plus optimistes de conserver l\u2019espoir en des lendemains meilleurs. Ils r\u00e9clament des opposants qu\u2019ils accordent une chance au pays \u00ab\u00a0entendez au gouvernement\u00a0\u00bb, comme pour faire oublier \u00e0 ces derniers que la finalit\u00e9 d\u2019un parti politique, c\u2019est la prise du pouvoir, conform\u00e9ment aux r\u00e8gles d\u00e9mocratiques pr\u00e9\u00e9tablies. Ce n\u2019est certes pas souvent le cas en Ha\u00efti, d\u2019autant que les conditions objectives pour l\u2019\u00e9tablissement d\u2019un Etat de Droit brillent par leur absence depuis toujours. Au point o\u00f9 l\u2019on en est, on serait en droit de se demander s\u2019il existe vraiment des secteurs politiques ou autres, qui souhaitent vraiment l\u2019av\u00e8nement de la d\u00e9mocratie dans ce coin de pays.<\/span><\/p>\n<p style=\"text-align: justify;\">\n<p style=\"text-align: justify;\"><span style=\"color: #000000;\">\u00a0\u00a0\u00a0\u00a0\u00a0\u00a0\u00a0 Poser la question risque de foutre en rogne tous les d\u00e9magogues, bluffeurs et contempteurs de la nation. Ils ont tous \u00e9t\u00e9 d\u00e9masqu\u00e9s depuis belle lurette. Ils ne sont plus aussi dangereux que dans le temps, mais leur capacit\u00e9 de nuisance demeure encore relativement \u00e9lev\u00e9e.<\/span><\/p>\n<p style=\"text-align: justify;\"><span style=\"color: #000000;\">\u00a0\u00a0\u00a0\u00a0\u00a0\u00a0\u00a0 Ceci \u00e9tant dit, sinon r\u00e9p\u00e9t\u00e9 pour la \u00e9ni\u00e8me fois, Il est temps que la fameuse boutade \u00ab\u00a0plus \u00e7a change, plus c\u2019est pareil\u00a0\u00bb cesse de se justifier eu \u00e9gard aux affaires ha\u00eftiennes.<\/span><\/p>\n<p style=\"text-align: justify;\">\n<p style=\"text-align: justify;\"><span style=\"color: #000000;\">\u00a0\u00a0\u00a0\u00a0\u00a0\u00a0\u00a0 Les documents semblent attester qu\u2019au pays de Dessalines, de\u00a0 P\u00e9tion et de Christophe, les comp\u00e9tences ne manquent pas, \u00e0 l\u2019int\u00e9rieur comme en diaspora, o\u00f9 \u00e0 chaque coin de rue on a la chance de rencontrer un doctorant d\u00e9tenteur de la v\u00e9rit\u00e9 tranquille.<\/span><\/p>\n<p style=\"text-align: justify;\"><span style=\"color: #000000;\">\u00a0\u00a0\u00a0\u00a0\u00a0\u00a0\u00a0 Chacun de ces messieurs ou dames charrie dans ses paperasses, un plan qu\u2019il suffirait d\u2019ex\u00e9cuter \u00e0 la lettre et les yeux ferm\u00e9s afin d\u2019extirper ce \u00ab\u00a0singulier petit pays\u00a0\u00bb de ses profondeurs abyssales une fois pour toutes.<\/span><\/p>\n<p style=\"text-align: justify;\">\n<p style=\"text-align: justify;\"><span style=\"color: #000000;\">\u00a0\u00a0\u00a0\u00a0\u00a0\u00a0\u00a0 L\u2019ironie de la chose c\u2019est que chacun de ses plans peut facilement se retrouver sur Google, n\u2019\u00e9tant qu\u2019un copier-coller de ce qui s\u2019est d\u00e9j\u00e0 dit ou fait ailleurs, avec plus ou moins de succ\u00e8s, sans tenir compte des sp\u00e9cificit\u00e9s propres \u00e0 notre probl\u00e9matique, en l\u2019occurrence, le pays le plus corrompu et cons\u00e9quemment le plus pauvre de l\u2019h\u00e9misph\u00e8re.<\/span><\/p>\n<p style=\"text-align: justify;\">\n<p style=\"text-align: justify;\"><span style=\"color: #000000;\">\u00a0\u00a0\u00a0\u00a0\u00a0\u00a0\u00a0 Il y a \u00e0 peine quelques ann\u00e9es, nos petits cousins gaulois, dans leur grande g\u00e9n\u00e9rosit\u00e9, nous ont gratifi\u00e9s du concept moderne de \u00ab\u00a0projets structurants\u00a0\u00bb. Nos intellos ne jurent que par ces deux vocables magiques, h\u00e9las sans se soucier de leur fournir un contenu, impliquant les acteurs des communaut\u00e9s vis\u00e9es et porteur de progr\u00e8s et de prosp\u00e9rit\u00e9 pour la m\u00e8re patrie.<\/span><\/p>\n<p><span style=\"color: #000000;\">\u00a0\u00a0\u00a0\u00a0\u00a0\u00a0 <strong>\u00ab\u00a0 Imiter oui! Singer mille fois non!\u00a0\u00bb<\/strong><\/span><\/p>\n<p style=\"text-align: justify;\"><span style=\"color: #000000;\">\u00a0\u00a0\u00a0\u00a0\u00a0\u00a0\u00a0 La refondation du pays ne se fera pas tant que pr\u00e9vaudra ce comportement de \u00ab\u00a0yes men\u00a0\u00bb, toujours pr\u00eat \u00e0 d\u00e9biter ce qui vient d\u2019ailleurs \u00e0 l\u2019instar de perroquets bien dress\u00e9s.<\/span><\/p>\n<p style=\"text-align: justify;\"><span style=\"color: #000000;\">\u00a0\u00a0\u00a0\u00a0\u00a0\u00a0\u00a0 Les croyances absurdes, politiques ou religieuses, qui nous maintiennent dans les m\u00e9andres de la d\u00e9pendance nous ont d\u00e9j\u00e0 r\u00e9duits \u00e0 une peau de chagrin. Refaire l\u2019image du pays ne saurait \u00eatre l\u2019affaire de propagandes tapageuses et malheureusement creuses qui font rire de nous plus qu\u2019autre chose.<\/span><\/p>\n<p style=\"text-align: justify;\">\n<p style=\"text-align: justify;\"><span style=\"color: #000000;\">\u00a0\u00a0\u00a0\u00a0\u00a0\u00a0\u00a0 Nous sommes peut-\u00eatre \u00e0 notre dernier quart de tour. Plus tard risque d\u2019\u00eatre trop tard. Les querelles pro ou antigouvernementales frisent l\u2019infantilisme de la part de certains de nos leaders politiques, tant au sein du gouvernement que dans l\u2019opposition, \u00e0 court d\u2019une v\u00e9ritable vision nationale et qui ne pensent qu\u2019aux int\u00e9r\u00eats de leurs petites personnes et\/ou de leurs clans.<\/span><\/p>\n<p style=\"text-align: justify;\"><span style=\"color: #000000;\">\u00a0\u00a0\u00a0\u00a0\u00a0\u00a0\u00a0 Les int\u00e9r\u00eats sup\u00e9rieurs de la nation commandent que toutes les \u00e9nergies soient band\u00e9es afin de r\u00e9pondre ad\u00e9quatement aux urgences de l\u2019heure, ind\u00e9pendamment des th\u00e9ories sulfureuses gargaris\u00e9es sur toutes les stations de radio. Lesquelles, engendrent plus de confusion que de clart\u00e9 dans l\u2019esprit des millions d\u2019affam\u00e9s qui ne r\u00e9clament que des \u00ab\u00a0emplois\u00a0\u00bb. <\/span><\/p>\n<p style=\"text-align: justify;\"><span style=\"color: #000000;\">\u00a0\u00a0\u00a0\u00a0\u00a0\u00a0\u00a0 En effet, la capacit\u00e9 de pouvoir travailler afin de subvenir \u00e0 leurs besoins, \u00e0 ceux de leurs familles et cons\u00e9quemment, participer activement au d\u00e9veloppement de la patrie commune.<\/span><\/p>\n<p style=\"text-align: justify;\"><span style=\"color: #000000;\">\u00a0\u00a0\u00a0\u00a0\u00a0\u00a0\u00a0 Des millions de bras robustes attendent impatiemment\u00a0: \u00ab\u00a0pelles, pinces et picois\u00a0\u00bb, pour se remettre au travail dans la dignit\u00e9 et refaire de la paysannerie le fer de lance du d\u00e9veloppement national, par l\u2019agriculture et l\u2019\u00e9levage, le tout greff\u00e9e d\u2019une agro-industrie mettant en valeur nos produits tropicaux pour lesquels un vaste march\u00e9 existe et attend d\u00e9j\u00e0 d\u2019\u00eatre bien desservi.<\/span><\/p>\n<p style=\"text-align: justify;\"><span style=\"color: #000000;\">\u00a0\u00a0\u00a0\u00a0\u00a0\u00a0\u00a0 Au risque d\u2019\u00eatre tax\u00e9 d\u2019attard\u00e9 mental, nous prenons le risque de questionner l\u2019utilisation de tracteurs, de pelles m\u00e9caniques et de bulldozers qui remplacent malencontreusement la main de l\u2019homme, dans un souci tout \u00e0 fait inhumain d\u2019efficacit\u00e9.<\/span><\/p>\n<p style=\"text-align: justify;\"><span style=\"color: #000000;\">\u00a0\u00a0\u00a0\u00a0\u00a0\u00a0\u00a0 Ceux-l\u00e0 qui ont invent\u00e9 ces machines y ont pens\u00e9 \u00e0 un certain stade de leur d\u00e9veloppement, ce qui est loin d\u2019\u00eatre notre cas. Encore qu\u2019aujourd\u2019hui, avec la crise financi\u00e8re internationale et un taux de ch\u00f4mage qui fait friser les cheveux soyeux des ma\u00eetres du nouveau monde et avec l\u2019\u00e9conomie n\u00e9olib\u00e9rale qui donne froid dans le dos, tout est remis en question, sauf dans la premi\u00e8re r\u00e9publique n\u00e8gre.<\/span><\/p>\n<p style=\"text-align: justify;\"><span style=\"color: #000000;\">\u00a0\u00a0\u00a0\u00a0\u00a0\u00a0\u00a0 Est-il \u00e0 ce point impossible pour le gouvernement, de s\u2019asseoir avec les quelques partis politiques s\u00e9rieux, les autres secteurs vitaux de la nation, au lendemain de la comm\u00e9moration de notre bicolore, symbole d\u2019union et de fraternit\u00e9, en vue d\u2019\u00e9tablir ce climat consensuel, pour nous aider \u00e0 envisager une sortie de crise profitable \u00e0 tous, sans exclusive ni r\u00e9serve?<\/span><\/p>\n<p style=\"text-align: justify;\">\n<p style=\"text-align: justify;\"><span style=\"color: #000000;\">\u00a0\u00a0\u00a0\u00a0\u00a0\u00a0\u00a0 Un de nos amis, psychanalyste en herbe, nous a sugg\u00e9r\u00e9 que le tremblement de terre aurait tellement secou\u00e9 nos compatriotes, dans leurs biens, dans leur \u00e2me et leurs cerveaux qu\u2019il leur a \u00e9t\u00e9 extr\u00eamement difficile de se ressaisir et de se prendre en main. Nous voulons bien lui accorder le b\u00e9n\u00e9fice du doute. Mais trois ans apr\u00e8s, les premiers signes de r\u00e9habilitation devraient \u00eatre perceptibles, m\u00eame par les observateurs les moins avertis. H\u00e9las cela semble ne pas \u00eatre le cas!<\/span><\/p>\n<p style=\"text-align: justify;\">\n<p style=\"text-align: justify;\"><span style=\"color: #000000;\">\u00a0\u00a0\u00a0\u00a0\u00a0\u00a0\u00a0 S\u2019il s\u2019est d\u00e9velopp\u00e9 une quelconque psychose aggravant les d\u00e9viances pr\u00e9existantes, cette expertise ne relevant pas de notre champ de comp\u00e9tence, nous n\u2019oserons pas \u00e9laborer l\u00e0-dessus, esp\u00e9rant tout de m\u00eame que les voix autoris\u00e9es accourront aupr\u00e8s de ceux-l\u00e0 qui pourraient avoir besoin de leur science, car l\u2019heure est grave et tout le monde se doit de mettre la main \u00e0 la p\u00e2te.<\/span><\/p>\n<p style=\"text-align: justify;\">\n<p style=\"text-align: justify;\"><span style=\"color: #000000;\">\u00a0\u00a0\u00a0\u00a0\u00a0\u00a0\u00a0 Est-il besoin de rappeler que dans l\u2019\u00e9tat actuel de la situation au pays, aucun parti politique ou secteur ne peut \u00e0 lui seul r\u00e9soudre en tout ou en partie ce casse-t\u00eate \u00e0 nul autre pareil. Il faut indubitablement la participation active de tous les enfants d\u2019Ha\u00efti, tant \u00e0 l\u2019int\u00e9rieur qu\u2019\u00e0 l\u2019ext\u00e9rieur du terroir national. Ceci \u00e9tant vite dit, encore faut-il offrir \u00e0 ces enfants, les opportunit\u00e9s de passer de la parole aux actes, \u00e0 travers des projets inclusifs \u00e0 la port\u00e9e de tous et vraiment g\u00e9n\u00e9rateurs de ce minimum de bien \u00eatre, sans lequel il s\u2019av\u00e8re difficile, sinon impossible, de pratiquer la vertu.<\/span><\/p>\n<p style=\"text-align: justify;\">\n<p style=\"text-align: justify;\"><span style=\"color: #000000;\">\u00a0\u00a0\u00a0\u00a0\u00a0\u00a0\u00a0 En conclusion et c\u2019est en m\u00eame temps une fervente pri\u00e8re adress\u00e9e \u00e0 tous et chacun d\u2019entre nous. Un grand philosophe dont le nom nous \u00e9chappe a laiss\u00e9 entendre que les mains de Dieu sont celles des hommes.<\/span><\/p>\n<p style=\"text-align: justify;\">\n<p style=\"text-align: justify;\"><span style=\"color: #000000;\">\u00a0\u00a0\u00a0\u00a0\u00a0\u00a0\u00a0\u00a0 S\u2019il en est ainsi, prenons-nous donc par la main afin d\u2019\u00e9viter le pire qui nous guette chaque jour davantage et ensemble parachevons l\u2019\u0153uvre de nos anc\u00eatres qui ont r\u00e9alis\u00e9 la r\u00e9volution arm\u00e9e, en peaufinant la r\u00e9volution culturelle et \u00e9conomique. Ce faisant nous n\u2019aurons pas d\u00e9m\u00e9rit\u00e9 de la patrie.<\/span><\/p>\n<p><span style=\"color: #000000;\">\u00a0\u00a0\u00a0\u00a0\u00a0\u00a0\u00a0\u00a0\u00a0\u00a0\u00a0\u00a0\u00a0\u00a0\u00a0\u00a0\u00a0\u00a0\u00a0\u00a0\u00a0\u00a0\u00a0\u00a0\u00a0\u00a0\u00a0\u00a0\u00a0\u00a0<wbr>\u00a0\u00a0\u00a0\u00a0\u00a0\u00a0\u00a0\u00a0\u00a0\u00a0\u00a0\u00a0\u00a0\u00a0\u00a0\u00a0\u00a0\u00a0\u00a0\u00a0\u00a0\u00a0\u00a0\u00a0\u00a0\u00a0\u00a0\u00a0\u00a0\u00a0<wbr>\u00a0\u00a0\u00a0\u00a0\u00a0\u00a0 <br \/><\/wbr><\/wbr><\/span><\/p>\n<p><span style=\"color: #000000;\">\u00a0\u00a0\u00a0\u00a0\u00a0\u00a0\u00a0\u00a0\u00a0\u00a0\u00a0\u00a0\u00a0\u00a0\u00a0\u00a0\u00a0\u00a0\u00a0\u00a0\u00a0\u00a0\u00a0\u00a0\u00a0\u00a0\u00a0\u00a0\u00a0\u00a0<wbr>\u00a0\u00a0\u00a0\u00a0\u00a0\u00a0\u00a0\u00a0\u00a0\u00a0\u00a0\u00a0\u00a0\u00a0\u00a0\u00a0\u00a0\u00a0\u00a0\u00a0\u00a0 \u00a0\u00a0\u00a0\u00a0\u00a0\u00a0\u00a0\u00a0\u00a0\u00a0\u00a0\u00a0\u00a0\u00a0 <br \/><\/wbr><\/span><\/p>\n<p><span style=\"color: #000000;\">\u00a0<\/span><\/p>\n<script type=\"text\/javascript\">\n\nvar addthis_config = {\"data_track_clickback\":false,\"data_track_addressbar\":false,\"data_track_textcopy\":false};\n<\/script><script type=\"text\/javascript\" src=\"\/\/s7.addthis.com\/js\/250\/addthis_widget.js#pubid=f084fdfbcefba74c78dfad3bbc873ffd\"><\/script>","protected":false},"excerpt":{"rendered":"<p align=\"center\"><span style=\"color: #000000;\">\u00ab\u00a0Mise en Garde\u00a0\u00bb<\/span><\/p>\n<p style=\"text-align: left;\" align=\"center\">\u00a0 \u00a0 \u00a0 \u00a0 <span style=\"color: #800000;\">Par<\/span><span style=\"color: #000000;\"><span style=\"color: #800000;\"> Me Serge H. Mo\u00efse <\/span>\u00a0 \u00a0 \u00a0 \u00a0 \u00a0\u00a0<\/span><\/p>\n<p style=\"text-align: justify;\"><span style=\"color: #000000;\">\u00a0\u00a0\u00a0\u00a0\u00a0\u00a0\u00a0\u00a0\u00a0\u00a0\u00a0\u00a0\u00a0\u00a0\u00a0 Les beaux slogans font encore leur petit effet et permettent aux plus optimistes de conserver l\u2019espoir en des lendemains meilleurs. Ils r\u00e9clament des opposants qu\u2019ils accordent une <\/span>&hellip;<\/p>\n","protected":false},"author":1,"featured_media":0,"comment_status":"open","ping_status":"open","sticky":false,"template":"","format":"standard","meta":{"footnotes":""},"categories":[1],"tags":[],"class_list":["post-9746","post","type-post","status-publish","format-standard","hentry","category-accueil"],"_links":{"self":[{"href":"https:\/\/www.lecarrefourdesopinions.ca\/index.php?rest_route=\/wp\/v2\/posts\/9746","targetHints":{"allow":["GET"]}}],"collection":[{"href":"https:\/\/www.lecarrefourdesopinions.ca\/index.php?rest_route=\/wp\/v2\/posts"}],"about":[{"href":"https:\/\/www.lecarrefourdesopinions.ca\/index.php?rest_route=\/wp\/v2\/types\/post"}],"author":[{"embeddable":true,"href":"https:\/\/www.lecarrefourdesopinions.ca\/index.php?rest_route=\/wp\/v2\/users\/1"}],"replies":[{"embeddable":true,"href":"https:\/\/www.lecarrefourdesopinions.ca\/index.php?rest_route=%2Fwp%2Fv2%2Fcomments&post=9746"}],"version-history":[{"count":2,"href":"https:\/\/www.lecarrefourdesopinions.ca\/index.php?rest_route=\/wp\/v2\/posts\/9746\/revisions"}],"predecessor-version":[{"id":9806,"href":"https:\/\/www.lecarrefourdesopinions.ca\/index.php?rest_route=\/wp\/v2\/posts\/9746\/revisions\/9806"}],"wp:attachment":[{"href":"https:\/\/www.lecarrefourdesopinions.ca\/index.php?rest_route=%2Fwp%2Fv2%2Fmedia&parent=9746"}],"wp:term":[{"taxonomy":"category","embeddable":true,"href":"https:\/\/www.lecarrefourdesopinions.ca\/index.php?rest_route=%2Fwp%2Fv2%2Fcategories&post=9746"},{"taxonomy":"post_tag","embeddable":true,"href":"https:\/\/www.lecarrefourdesopinions.ca\/index.php?rest_route=%2Fwp%2Fv2%2Ftags&post=9746"}],"curies":[{"name":"wp","href":"https:\/\/api.w.org\/{rel}","templated":true}]}}