{"id":9744,"date":"2013-06-04T09:12:54","date_gmt":"2013-06-04T13:12:54","guid":{"rendered":"http:\/\/www.lecarrefourdesopinions.ca\/?p=9744"},"modified":"2013-06-04T09:12:54","modified_gmt":"2013-06-04T13:12:54","slug":"la-candidature-de-coderre","status":"publish","type":"post","link":"https:\/\/www.lecarrefourdesopinions.ca\/?p=9744","title":{"rendered":"La candidature de Coderre:"},"content":{"rendered":"<p><span style=\"color: #00ffff;\"><strong>La candidature de Coderre:<\/strong><\/span><\/p>\n<p><strong>catastrophe appr\u00e9hend\u00e9e aux \u00e9lections de novembre<\/strong><\/p>\n<p><strong>\u00a0\u00a0<img decoding=\"async\" class=\"alignleft size-full wp-image-9103\" title=\"Photo Paul Cliche\" src=\"http:\/\/www.lecarrefourdesopinions.ca\/wp-content\/uploads\/2012\/11\/Photo-Paul-Cliche.bmp\" alt=\"\" \/> \u00a0\u00a0<\/strong><em><span style=\"color: #800000;\"> Par Paul Cliche\u00a0<\/span> &#8211;<\/em><em><span style=\"color: #800000;\">Ex-conseiller municipal \u00e0 Montr\u00e9al sous l&rsquo;\u00e9tiquette RCM.<\/span><br \/> \u00a0\u00a0\u00a0\u00a0\u00a0\u00a0\u00a0\u00a0 <\/em><\/p>\n<p style=\"text-align: justify;\">Comme il fallait s\u2019y attendre, certains chroniqueurs et \u00e9ditorialistes accueillent favorablement la candidature de Denis Coderre \u00e0 la mairie de Montr\u00e9al. Ces derniers notent qu\u2019il s\u2019agit d\u2019un homme jouissant d\u2019une longue exp\u00e9rience politique et qui est dot\u00e9 de qualit\u00e9s personnelles, comme la d\u00e9termination et le dynamisme, dont il pourrait faire profiter la Ville. Montr\u00e9al pourrait alors se targuer d\u2019avoir \u00e0 sa t\u00eate un maire aussi color\u00e9 et populiste que Labeaume \u00e0 Qu\u00e9bec. D\u2019autres observateurs, r\u00e9solument optimistes, pr\u00e9disent d\u2019ores et d\u00e9j\u00e0 que ce dernier aura la voie libre pour occuper la fonction de premier magistrat le 3 novembre prochain puisque ses adversaires ne feraient pas le poids \u00e9lectoralement.<\/p>\n<p style=\"text-align: justify;\">\n<p style=\"text-align: justify;\">Heureusement, il reste suffisamment de temps avant le scrutin pour \u00a0que les \u00e9lecteurs r\u00e9fl\u00e9chissent s\u00e9rieusement afin de faire un choix qu\u2019ils ne regretteraient pas par la suite. Au-del\u00e0 de son manque de connaissances des dossiers municipaux et du peu d\u2019int\u00e9r\u00eat qu\u2019il a manifest\u00e9 envers ces questions jusqu\u2019ici, M. Coderre a expliqu\u00e9 qu\u2019il met un parti sur pied un parti seulement pour pouvoir profiter des avantages mon\u00e9taires que conf\u00e8re la loi \u00e9lectorale. Par la suite, sa formation se d\u00e9membrerait puisque, pr\u00e9tend-t-il, l\u2019administration municipale n\u2019\u00e9tant pas un gouvernement rien ne justifie la pr\u00e9sence de partis. Beau sophisme qui conduirait \u00e0 un client\u00e9lisme d\u00e9brid\u00e9 nous ramenant directement aux exc\u00e8s de la p\u00e9riode noire remontant aux ann\u00e9es 1930 et 1940 des maires Camilien Houde et consorts.<\/p>\n<p style=\"text-align: justify;\">\n<p style=\"text-align: justify;\">Mais ce qui inqui\u00e8te le plus c\u2019est que M. Coderre renvoie implacablement l\u2019image d\u2019un politicien traditionnel et opportuniste. Son nom a notamment \u00e9t\u00e9 mentionn\u00e9 plusieurs fois devant la commission Gomery sur le scandale des commandites, en 2004, pour ses relations d\u2019amiti\u00e9, malgr\u00e9 son statut de ministre, avec le pr\u00e9sident de l\u2019agence de publicit\u00e9 Everest qui y a \u00e9t\u00e9 mise en cause. Pr\u00e8s de son organisation \u00e9lectorale comme d\u00e9put\u00e9 lib\u00e9ral de Bourassa il compte \u00e9galement plusieurs entrepreneurs en construction ayant parad\u00e9 devant la commission Charbonneau ces derniers mois. Cet entourage d\u00e9l\u00e9t\u00e8re ne peut gu\u00e8re inspirer confiance.<\/p>\n<p>&nbsp;<\/p>\n<p style=\"text-align: justify;\">Souhaitons de tout coeur qu\u2019une administration Coderre ne succ\u00e8de pas aux d\u00e9bilitantes administrations Bourque et Tremblay qui ont s\u00e9vi dans la m\u00e9tropole pendant presque deux d\u00e9cennies. Sinon les Montr\u00e9alais, en incorrigibles masochistes, se pr\u00e9pareraient d\u2019autres ann\u00e9es d\u2019am\u00e8res d\u00e9ceptions qui n\u00e9cessiteraient peut-\u00eatre, en bout de compte, la tenue d\u2019une nouvelle commission d\u2019enqu\u00eate sur son administration. Ce serait la troisi\u00e8me depuis 1952. Montr\u00e9al serait alors devenu un cas incurable.<\/p>\n<p>&nbsp;<\/p>\n<p><img decoding=\"async\" class=\"aligncenter size-full wp-image-9669\" title=\"BMR 2\" src=\"http:\/\/www.lecarrefourdesopinions.ca\/wp-content\/uploads\/2013\/04\/BMR-2.bmp\" alt=\"\" \/><\/p>\n<p><strong><br \/><\/strong><\/p>\n<p>&nbsp;<\/p>\n<p>&nbsp;<\/p>\n<p>&nbsp;<\/p>\n<script type=\"text\/javascript\">\n\nvar addthis_config = {\"data_track_clickback\":false,\"data_track_addressbar\":false,\"data_track_textcopy\":false};\n<\/script><script type=\"text\/javascript\" src=\"\/\/s7.addthis.com\/js\/250\/addthis_widget.js#pubid=f084fdfbcefba74c78dfad3bbc873ffd\"><\/script>","protected":false},"excerpt":{"rendered":"<p><span style=\"color: #00ffff;\">La candidature de Coderre:<\/span><\/p>\n<p>catastrophe appr\u00e9hend\u00e9e aux \u00e9lections de novembre<\/p>\n<p>\u00a0\u00a0 \u00a0\u00a0<span style=\"color: #800000;\"> Par Paul Cliche\u00a0<\/span> &#8211;<span style=\"color: #800000;\">Ex-conseiller municipal \u00e0 Montr\u00e9al sous l&rsquo;\u00e9tiquette RCM.<\/span> \u00a0\u00a0\u00a0\u00a0\u00a0\u00a0\u00a0\u00a0 <\/p>\n<p style=\"text-align: justify;\">Comme il fallait s\u2019y attendre, certains chroniqueurs et \u00e9ditorialistes accueillent favorablement la candidature de Denis Coderre &hellip;<\/p>\n","protected":false},"author":1,"featured_media":0,"comment_status":"open","ping_status":"open","sticky":false,"template":"","format":"standard","meta":{"footnotes":""},"categories":[1],"tags":[],"class_list":["post-9744","post","type-post","status-publish","format-standard","hentry","category-accueil"],"_links":{"self":[{"href":"https:\/\/www.lecarrefourdesopinions.ca\/index.php?rest_route=\/wp\/v2\/posts\/9744","targetHints":{"allow":["GET"]}}],"collection":[{"href":"https:\/\/www.lecarrefourdesopinions.ca\/index.php?rest_route=\/wp\/v2\/posts"}],"about":[{"href":"https:\/\/www.lecarrefourdesopinions.ca\/index.php?rest_route=\/wp\/v2\/types\/post"}],"author":[{"embeddable":true,"href":"https:\/\/www.lecarrefourdesopinions.ca\/index.php?rest_route=\/wp\/v2\/users\/1"}],"replies":[{"embeddable":true,"href":"https:\/\/www.lecarrefourdesopinions.ca\/index.php?rest_route=%2Fwp%2Fv2%2Fcomments&post=9744"}],"version-history":[{"count":4,"href":"https:\/\/www.lecarrefourdesopinions.ca\/index.php?rest_route=\/wp\/v2\/posts\/9744\/revisions"}],"predecessor-version":[{"id":9807,"href":"https:\/\/www.lecarrefourdesopinions.ca\/index.php?rest_route=\/wp\/v2\/posts\/9744\/revisions\/9807"}],"wp:attachment":[{"href":"https:\/\/www.lecarrefourdesopinions.ca\/index.php?rest_route=%2Fwp%2Fv2%2Fmedia&parent=9744"}],"wp:term":[{"taxonomy":"category","embeddable":true,"href":"https:\/\/www.lecarrefourdesopinions.ca\/index.php?rest_route=%2Fwp%2Fv2%2Fcategories&post=9744"},{"taxonomy":"post_tag","embeddable":true,"href":"https:\/\/www.lecarrefourdesopinions.ca\/index.php?rest_route=%2Fwp%2Fv2%2Ftags&post=9744"}],"curies":[{"name":"wp","href":"https:\/\/api.w.org\/{rel}","templated":true}]}}