{"id":9741,"date":"2013-06-11T22:14:44","date_gmt":"2013-06-12T02:14:44","guid":{"rendered":"http:\/\/www.lecarrefourdesopinions.ca\/?p=9741"},"modified":"2013-06-11T22:14:44","modified_gmt":"2013-06-12T02:14:44","slug":"interview-donnee-par-madame-marine-le-pen-a-paris-match","status":"publish","type":"post","link":"https:\/\/www.lecarrefourdesopinions.ca\/?p=9741","title":{"rendered":"Interview donn\u00e9e par Madame Marine LE-PEN \u00e0 Paris-Match."},"content":{"rendered":"<p align=\"center\"><strong><em>Interview donn\u00e9e par Madame Marine LE-PEN \u00e0 Paris-Match.<\/em><\/strong><strong><em><\/em><\/strong><\/p>\n<p align=\"center\"><strong>====<\/strong><\/p>\n<p>&nbsp;<\/p>\n<p><span style=\"color: #800000;\"><strong>En notre qualit\u00e9 de Chroniqueur, Nous communiquons \u00e0 nos Lecteurs le Contenu de cette r\u00e9cente interview donn\u00e9e par Madame Marine LE-PEN \u00e0 Paris-Match.<\/strong><\/span><\/p>\n<p>&nbsp;<\/p>\n<p>\u00a0<img loading=\"lazy\" decoding=\"async\" class=\"alignleft size-thumbnail wp-image-9122\" title=\"Photo Eric Nogard 4\" src=\"http:\/\/www.lecarrefourdesopinions.ca\/wp-content\/uploads\/2012\/11\/Photo-Eric-Nogard-4-134x107.jpg\" alt=\"\" width=\"134\" height=\"107\" \/>\u00a0 <span style=\"color: #800000;\"><em>\u00c9ric E.G. NOGARD<\/em><\/span><\/p>\n<p>&nbsp;<\/p>\n<p align=\"center\">***\u00a0\u00a0\u00a0\u00a0 ***\u00a0\u00a0\u00a0\u00a0 ***<\/p>\n<p>&nbsp;<\/p>\n<p>&nbsp;<\/p>\n<p><strong>Marine LE PEN : \u00ab\u00a0Si j&rsquo;\u00e9tais pr\u00e9sidente.\u00a0\u00bb <\/strong><\/p>\n<p><strong><br \/> C<em>et entretien figure dans le num\u00e9ro de cette semaine de Paris-Match. Il a \u00e9t\u00e9 r\u00e9alis\u00e9 par Mariana Gr\u00e9pinet.<\/em><\/strong><\/p>\n<p> <strong>Paris-Match : Chef de l\u2019\u00c9tat, quelles mesures prendriez-vous imm\u00e9diatement ?<\/strong><\/p>\n<p> <strong>MLP :<\/strong> Je fermerais les fronti\u00e8res.<\/p>\n<p> Je ferais un moratoire sur l\u2019immigration.<\/p>\n<p> Puisque nous avons 5 millions de ch\u00f4meurs,il n\u2019y a aucune raison d\u2019importer des ch\u00f4meurs suppl\u00e9mentaires. <br \/> Je mettrais en place une politique dissuasive d\u2019immigration, c\u2019est-\u00e0-dire que je lancerais un signal tr\u00e8s clair aux \u00e9trangers. <br \/> Nous n\u2019avons plus les moyens de prendre en charge pour eux l\u2019\u00e9ducation, les soins, les allocations familiales\u2026 <br \/> Je changerais le code de la nationalit\u00e9 pour supprimer le droit du sol. <br \/> La nationalit\u00e9 fran\u00e7aise s\u2019h\u00e9rite ou se m\u00e9rite.<br \/> J\u2019appliquerais aussi les lois en mati\u00e8re de d\u00e9ch\u00e9ance de la nationalit\u00e9. <br \/> Ceux \u00e0 qui nous avons eu la g\u00e9n\u00e9rosit\u00e9 d\u2019accorder la nationalit\u00e9 fran\u00e7aise doivent pouvoir la perdre s\u2019ils ne respectent aucune des r\u00e8gles de notre pays.<br \/> Je r\u00e9tablirais ce que Nicolas Sarkozy a appel\u00e9 fallacieusement \u00ab la double peine \u00bb. <br \/> Un \u00e9tranger qui a commis un crime ou un d\u00e9lit pourrait \u00eatre renvoy\u00e9 dans son pays.<\/p>\n<p> <strong>Fran\u00e7ois Fillon a r\u00e9cemment inaugur\u00e9 une mosqu\u00e9e \u00e0 Argenteuil. <\/strong><br \/> <strong>Que feriez-vous ?<\/strong><\/p>\n<p> la\u00efcit\u00e9 ferme, saine et juste. <br \/> Les mosqu\u00e9es ne doivent pas \u00eatre financ\u00e9es avec des fonds publics.<br \/> J\u2019interdirais aussi les financements \u00e9trangers Les lieux de culte doivent \u00eatre financ\u00e9s par les fid\u00e8les. <br \/> Je chasserai de l\u2019\u00e9cole toute revendication communautariste ou religieuse, et je bannirais ces revendications en inscrivant, dans la Constitution, que la R\u00e9publique ne reconna\u00eet aucune communaut\u00e9.<\/p>\n<p> <strong>Vous pr\u00f4neriez un retour au protectionnisme &#8230;<\/strong><\/p>\n<p> J\u2019appelle cela le patriotisme \u00e9conomique. <br \/> Je suis pour une taxe aux fronti\u00e8res, qui financerait en partie les retraites et permettrait de lutter contre la concurrence d\u00e9loyale que repr\u00e9sente l\u2019importation de produits issus de pays qui n\u2019ont pas les m\u00eames charges ni les m\u00eames r\u00e8gles que nous. <br \/> Mais surtout, je ferais des \u00e9conomies.<br \/> Il faut lutter contre la fraude sociale.<br \/> Et puis, il y a le co\u00fbt de l\u2019immigration qui se chiffre en dizaines de milliards d\u2019euros par an. <\/p>\n<p> <strong>Que feriez-vous pour relancer la croissance ?<\/strong><\/p>\n<p><strong><br \/> <\/strong>Il faut retrouver la ma\u00eetrise de notre monnaie. L\u2019euro est condamn\u00e9. <br \/> Il faut mettre en place une \u00ab d\u00e9privatisation \u00bb de l\u2019argent public et r\u00e9tablir la Banque de France dans sa capacit\u00e9 de financer l\u2019\u00c9tat.<br \/> Une des choses qui nous ruine, c\u2019est le recours aux emprunts aupr\u00e8s des march\u00e9s financiers internationaux.<\/p>\n<p> <strong>Parmi les sympathisants frontistes, les ouvriers et employ\u00e9s vous pl\u00e9biscitent.<\/strong><\/p>\n<p> <strong>Que feriez-vous pour eux ?<\/strong><\/p>\n<p> Ils b\u00e9n\u00e9ficieront du r\u00e9tablissement des fronti\u00e8res, puisque 64 % des emplois industriels ont disparu en dix ans \u00e0 cause de la concurrence internationale.<\/p>\n<p> <strong>Face \u00e0 ceux que vous appelez les<\/strong> <strong>\u00ab banksters \u00bb, quelles mesures mettriez-vous en place ?<\/strong><\/p>\n<p> Il faut taxer la sp\u00e9culation, revenir \u00e0 la finance \u00e0 la fran\u00e7aise. <br \/> L\u2019entreprise doit pouvoir s\u2019appuyer sur un capital qui ne soit pas sp\u00e9culatif. <br \/> Lorsque vous ach\u00e8terez des actions, si vous les revendez le lendemain, vous paierez tellement d\u2019imp\u00f4ts que \u00e7a n\u2019aura plus d\u2019int\u00e9r\u00eat.<br \/> Plus vous conserverez longtemps vos actions, moins vous paierez d\u2019imp\u00f4ts.<\/p>\n<p> <strong>Que proposeriez-vous contre les violences dans les banlieues ?<\/strong><\/p>\n<p> Il faut revoir de fond en comble la politique contre l\u2019ins\u00e9curit\u00e9. <br \/> Premi\u00e8rement, on manque de places de prison, ce qui fait que notre syst\u00e8me carc\u00e9ral est une v\u00e9ritable honte.<br \/> En attendant la construction de nouvelles prisons, je transformerais les h\u00f4pitaux et les casernes, que l\u2019\u00c9tat est en train de vendre, en centres carc\u00e9raux, \u00e9ventuellement ouverts. <br \/> Deuxi\u00e8mement, je donnerais des instructions pour que les peines prononc\u00e9es soient \u00e0 la hauteur des m\u00e9faits commis. <br \/> Il y a un effondrement de l\u2019\u00e9chelle des peines qui fait que la sanction n\u2019est plus crainte. <br \/> J\u2019imposerais la perp\u00e9tuit\u00e9 r\u00e9elle et d\u00e9finitive, <br \/> et organiserais un r\u00e9f\u00e9rendum sur la peine de mort. <br \/> Enfin, je prot\u00e9gerais la police et je lui donnerais des moyens pour remettre de l\u2019ordre dans notre pays. <br \/> Il faut aller dans les banlieues mettre les ca\u00efds hors d\u2019\u00e9tat \u00a0de nuire. <br \/> Je ferais voter la pr\u00e9somption de l\u00e9gitime d\u00e9fense pour les forces de police.<br \/> Parce qu\u2019un \u00c9tat dans lequel les policiers ne peuvent plus se d\u00e9fendre est un \u00c9tat qui n\u2019a plus qu\u2019\u00e0 tirer l\u2019\u00e9chelle.<\/p>\n<p> Un \u00c9tat qui a peur est un \u00c9tat qui est mort &#8230;<\/p>\n<p><strong>\u00a0<\/strong><\/p>\n<p align=\"center\"><strong>***\u00a0\u00a0\u00a0\u00a0 ***\u00a0\u00a0\u00a0\u00a0 ***<\/strong><\/p>\n<p>&nbsp;<\/p>\n<p><span style=\"text-decoration: underline;\">N.B.\u00a0:<\/span> <em><span style=\"color: #800000;\">Si notre Chronique vous int\u00e9resse, pourquoi ne pas l\u2019aider \u00e0 survivre, elle nous r\u00e9clame chaque jour davantage de Sacrifices et nous fait prendre plus de Risques. Par avance, MERCI pour votre Soutien.<\/span><\/em><\/p>\n<p><em>\u00a0<\/em><\/p>\n<p>\u00c9ric E.G. NOGARD<\/p>\n<p><em>\u00a0<\/em><\/p>\n<p align=\"center\"><strong><img decoding=\"async\" class=\"aligncenter size-full wp-image-9669\" title=\"BMR 2\" src=\"http:\/\/www.lecarrefourdesopinions.ca\/wp-content\/uploads\/2013\/04\/BMR-2.bmp\" alt=\"\" \/><\/strong><strong><em><\/em><\/strong><\/p>\n<p>&nbsp;<\/p>\n<script type=\"text\/javascript\">\n\nvar addthis_config = {\"data_track_clickback\":false,\"data_track_addressbar\":false,\"data_track_textcopy\":false};\n<\/script><script type=\"text\/javascript\" src=\"\/\/s7.addthis.com\/js\/250\/addthis_widget.js#pubid=f084fdfbcefba74c78dfad3bbc873ffd\"><\/script>","protected":false},"excerpt":{"rendered":"<p align=\"center\">Interview donn\u00e9e par Madame Marine LE-PEN \u00e0 Paris-Match.<\/p>\n<p align=\"center\">====<\/p>\n<p>&nbsp;<\/p>\n<p><span style=\"color: #800000;\">En notre qualit\u00e9 de Chroniqueur, Nous communiquons \u00e0 nos Lecteurs le Contenu de cette r\u00e9cente interview donn\u00e9e par Madame Marine LE-PEN \u00e0 Paris-Match.<\/span><\/p>\n<p>&nbsp;<\/p>\n<p>\u00a0\u00a0 <span style=\"color: #800000;\">\u00c9ric E.G. NOGARD<\/span>&hellip;<\/p>\n","protected":false},"author":1,"featured_media":0,"comment_status":"open","ping_status":"open","sticky":false,"template":"","format":"standard","meta":{"footnotes":""},"categories":[1],"tags":[],"class_list":["post-9741","post","type-post","status-publish","format-standard","hentry","category-accueil"],"_links":{"self":[{"href":"https:\/\/www.lecarrefourdesopinions.ca\/index.php?rest_route=\/wp\/v2\/posts\/9741","targetHints":{"allow":["GET"]}}],"collection":[{"href":"https:\/\/www.lecarrefourdesopinions.ca\/index.php?rest_route=\/wp\/v2\/posts"}],"about":[{"href":"https:\/\/www.lecarrefourdesopinions.ca\/index.php?rest_route=\/wp\/v2\/types\/post"}],"author":[{"embeddable":true,"href":"https:\/\/www.lecarrefourdesopinions.ca\/index.php?rest_route=\/wp\/v2\/users\/1"}],"replies":[{"embeddable":true,"href":"https:\/\/www.lecarrefourdesopinions.ca\/index.php?rest_route=%2Fwp%2Fv2%2Fcomments&post=9741"}],"version-history":[{"count":3,"href":"https:\/\/www.lecarrefourdesopinions.ca\/index.php?rest_route=\/wp\/v2\/posts\/9741\/revisions"}],"predecessor-version":[{"id":9829,"href":"https:\/\/www.lecarrefourdesopinions.ca\/index.php?rest_route=\/wp\/v2\/posts\/9741\/revisions\/9829"}],"wp:attachment":[{"href":"https:\/\/www.lecarrefourdesopinions.ca\/index.php?rest_route=%2Fwp%2Fv2%2Fmedia&parent=9741"}],"wp:term":[{"taxonomy":"category","embeddable":true,"href":"https:\/\/www.lecarrefourdesopinions.ca\/index.php?rest_route=%2Fwp%2Fv2%2Fcategories&post=9741"},{"taxonomy":"post_tag","embeddable":true,"href":"https:\/\/www.lecarrefourdesopinions.ca\/index.php?rest_route=%2Fwp%2Fv2%2Ftags&post=9741"}],"curies":[{"name":"wp","href":"https:\/\/api.w.org\/{rel}","templated":true}]}}