{"id":9527,"date":"2013-03-19T16:20:08","date_gmt":"2013-03-19T20:20:08","guid":{"rendered":"http:\/\/www.lecarrefourdesopinions.ca\/?p=9527"},"modified":"2013-03-19T16:20:08","modified_gmt":"2013-03-19T20:20:08","slug":"algerie-espoirs-et-traumatismes","status":"publish","type":"post","link":"https:\/\/www.lecarrefourdesopinions.ca\/?p=9527","title":{"rendered":"Alg\u00e9rie : Espoirs et traumatismes."},"content":{"rendered":"<p><span style=\"color: #3366ff;\"><strong>Alg\u00e9rie\u00a0: Espoirs et traumatismes.<\/strong><\/span><\/p>\n<p><em>\u00a0<img loading=\"lazy\" decoding=\"async\" class=\"alignleft size-thumbnail wp-image-9114\" title=\"photo J.P.Kozminski\" src=\"http:\/\/www.lecarrefourdesopinions.ca\/wp-content\/uploads\/2012\/11\/photo-J.P.Kozminski-134x107.jpg\" alt=\"\" width=\"134\" height=\"107\" \/>\u00a0\u00a0\u00a0\u00a0\u00a0\u00a0\u00a0\u00a0\u00a0\u00a0\u00a0\u00a0\u00a0\u00a0\u00a0\u00a0 <span style=\"color: #800000;\">Par Jean-Paul Kozminski \u00a0 \u00a0 \u00a0 \u00a0 \u00a0 \u00a0 \u00a0 \u00a0 \u00a0\u00a0<\/span><\/em><\/p>\n<p style=\"text-align: justify;\">Pour tous ces jeunes gens, filles et gar\u00e7ons, entra\u00een\u00e9s dans cette tourmente d\u2019\u00e9motions, de sentiment d\u2019appartenance, de survie, d\u2019identit\u00e9, de patriotisme, de foi dans son pays, quel qu\u2019il soit, de trahison, de tortures, d\u2019abandon, de massacres, ce cinquanti\u00e8me anniversaire de l\u2019ind\u00e9pendance alg\u00e9rienne a marqu\u00e9 un retour douloureux sur un pass\u00e9 glorieux pour les uns, de trahison et de tristesse pour les autres, de recueillement, de souvenirs d\u2019\u00eatres chers disparus, de sang vers\u00e9, pour certains en vain, pour d\u2019autres?<\/p>\n<p style=\"text-align: justify;\">\n<p style=\"text-align: justify;\">\n<p style=\"text-align: justify;\">Cela en valait-il la peine? La nation alg\u00e9rienne est peut-\u00eatre \u00e0 un tournant qui, s\u2019il est bien n\u00e9goci\u00e9, pourrait ouvrir, enfin, la porte d\u2019un avenir dont l\u2019horizon semblait toujours s\u2019\u00e9loigner. Nous avons toujours cru en son potentiel \u00e9norme. Que l\u2019on pense aux richesses de son sol, de son sous-sol, de la richesse de sa culture, des valeurs de ses citoyens, l\u2019Alg\u00e9rie est un pays mal exploit\u00e9 et mal dirig\u00e9. Cette vieille direction politique issue du FLN aurait d\u00fb pr\u00e9parer la rel\u00e8ve au lieu de garder ses privil\u00e8ges. Ces vieux \u2018r\u00e9sistants\u2019 et parfois opportunistes, ont trahi les aspirations et les r\u00eaves de l\u2019ind\u00e9pendance.<\/p>\n<p style=\"text-align: justify;\">\n<p style=\"text-align: justify;\">\n<p style=\"text-align: justify;\">Sans oublier tous les grands sacrifices des anciens, il est temps de faire une autre r\u00e9volution. Le temps est venu\u00a0: en 2014, la pr\u00e9sidentielle sera un rendez-vous avec l\u2019Histoire. Les jeunes introduisent une mentalit\u00e9 qui se renouvelle gr\u00e2ce \u00e0 une ouverture sur le monde (internet, r\u00e9seaux sociaux). Beaucoup veulent quitter un pays qu\u2019ils aiment, par manque de travail et de possibilit\u00e9s d\u2019avancement, de pouvoir se marier et avoir maison. N\u2019oublions pas que l\u2019Alg\u00e9rie n\u2019a pas de dettes. Les changements qui se dessinent doivent permettre aux jeunes de rester et de travailler dans leur pays et non d\u2019\u00e9migrer.<\/p>\n<p style=\"text-align: justify;\">\n<p style=\"text-align: justify;\">\n<p style=\"text-align: justify;\">Une certaine frange de la soci\u00e9t\u00e9, pas encore tr\u00e8s nombreuse, tire le pays vers une modernisation des comportements vis-\u00e0-vis des femmes qui commencent, gr\u00e2ce \u00e0 leur courage et leur d\u00e9termination, \u00e0 int\u00e9grer l\u2019espace public, universitaire, essayant d\u2019\u00e9chapper aux tabous de la pression sociale. Seulement dans les grandes villes, pour l\u2019instant. Le code civil a \u00e9t\u00e9 chang\u00e9 pour permettre aux femmes une certaine \u00e9mancipation vis-\u00e0-vis des hommes, au moins c\u2019est un commencement.<\/p>\n<p style=\"text-align: justify;\">\n<p style=\"text-align: justify;\">\n<p style=\"text-align: justify;\">La jeunesse alg\u00e9rienne n\u2019est plus r\u00e9sign\u00e9e. Elle veut atteindre cet horizon et laisse aux \u2018anciens\u2019 le soin de ch\u00e9rir un pass\u00e9, certes glorieux, mais qui est un frein au dynamisme de cette jeune population. Alors, 2014, sera-t-elle l\u2019ann\u00e9e d\u2019une autre r\u00e9volution?<\/p>\n<script type=\"text\/javascript\">\n\nvar addthis_config = {\"data_track_clickback\":false,\"data_track_addressbar\":false,\"data_track_textcopy\":false};\n<\/script><script type=\"text\/javascript\" src=\"\/\/s7.addthis.com\/js\/250\/addthis_widget.js#pubid=f084fdfbcefba74c78dfad3bbc873ffd\"><\/script>","protected":false},"excerpt":{"rendered":"<p><span style=\"color: #3366ff;\">Alg\u00e9rie\u00a0: Espoirs et traumatismes.<\/span><\/p>\n<p>\u00a0\u00a0\u00a0\u00a0\u00a0\u00a0\u00a0\u00a0\u00a0\u00a0\u00a0\u00a0\u00a0\u00a0\u00a0\u00a0\u00a0 <span style=\"color: #800000;\">Par Jean-Paul Kozminski \u00a0 \u00a0 \u00a0 \u00a0 \u00a0 \u00a0 \u00a0 \u00a0 \u00a0\u00a0<\/span><\/p>\n<p style=\"text-align: justify;\">Pour tous ces jeunes gens, filles et gar\u00e7ons, entra\u00een\u00e9s dans cette tourmente d\u2019\u00e9motions, de sentiment d\u2019appartenance, de survie, d\u2019identit\u00e9, de patriotisme, de foi dans son pays, quel qu\u2019il soit, &hellip;<\/p>\n","protected":false},"author":1,"featured_media":0,"comment_status":"open","ping_status":"open","sticky":false,"template":"","format":"standard","meta":{"footnotes":""},"categories":[1],"tags":[],"class_list":["post-9527","post","type-post","status-publish","format-standard","hentry","category-accueil"],"_links":{"self":[{"href":"https:\/\/www.lecarrefourdesopinions.ca\/index.php?rest_route=\/wp\/v2\/posts\/9527","targetHints":{"allow":["GET"]}}],"collection":[{"href":"https:\/\/www.lecarrefourdesopinions.ca\/index.php?rest_route=\/wp\/v2\/posts"}],"about":[{"href":"https:\/\/www.lecarrefourdesopinions.ca\/index.php?rest_route=\/wp\/v2\/types\/post"}],"author":[{"embeddable":true,"href":"https:\/\/www.lecarrefourdesopinions.ca\/index.php?rest_route=\/wp\/v2\/users\/1"}],"replies":[{"embeddable":true,"href":"https:\/\/www.lecarrefourdesopinions.ca\/index.php?rest_route=%2Fwp%2Fv2%2Fcomments&post=9527"}],"version-history":[{"count":4,"href":"https:\/\/www.lecarrefourdesopinions.ca\/index.php?rest_route=\/wp\/v2\/posts\/9527\/revisions"}],"predecessor-version":[{"id":9536,"href":"https:\/\/www.lecarrefourdesopinions.ca\/index.php?rest_route=\/wp\/v2\/posts\/9527\/revisions\/9536"}],"wp:attachment":[{"href":"https:\/\/www.lecarrefourdesopinions.ca\/index.php?rest_route=%2Fwp%2Fv2%2Fmedia&parent=9527"}],"wp:term":[{"taxonomy":"category","embeddable":true,"href":"https:\/\/www.lecarrefourdesopinions.ca\/index.php?rest_route=%2Fwp%2Fv2%2Fcategories&post=9527"},{"taxonomy":"post_tag","embeddable":true,"href":"https:\/\/www.lecarrefourdesopinions.ca\/index.php?rest_route=%2Fwp%2Fv2%2Ftags&post=9527"}],"curies":[{"name":"wp","href":"https:\/\/api.w.org\/{rel}","templated":true}]}}