{"id":9525,"date":"2013-03-19T16:19:53","date_gmt":"2013-03-19T20:19:53","guid":{"rendered":"http:\/\/www.lecarrefourdesopinions.ca\/?p=9525"},"modified":"2013-03-19T16:19:53","modified_gmt":"2013-03-19T20:19:53","slug":"ces-damnes","status":"publish","type":"post","link":"https:\/\/www.lecarrefourdesopinions.ca\/?p=9525","title":{"rendered":"\u00ab Ces damn\u00e9s \u00bb"},"content":{"rendered":"<p align=\"center\"><span style=\"color: #3366ff;\"><strong>\u00ab\u00a0Ces damn\u00e9s\u00a0\u00bb<\/strong><\/span><\/p>\n<p style=\"text-align: left;\" align=\"center\"><em>\u00a0 \u00a0\u00a0<img loading=\"lazy\" decoding=\"async\" class=\"alignleft size-thumbnail wp-image-9064\" title=\"Serge 1\" src=\"http:\/\/www.lecarrefourdesopinions.ca\/wp-content\/uploads\/2012\/10\/Serge-1-101x107.jpg\" alt=\"\" width=\"101\" height=\"107\" \/> <span style=\"color: #800000;\">Par Serge H. Mo\u00efse<\/span><\/em><\/p>\n<p align=\"center\">Il est vrai que la pauvret\u00e9<\/p>\n<p align=\"center\">Ne s\u2019av\u00e8re pas une fatalit\u00e9<\/p>\n<p align=\"center\">Dites-le donc aux Ha\u00eftiens<\/p>\n<p align=\"center\">Qui la vivent au quotidien<\/p>\n<p align=\"center\">II<\/p>\n<p align=\"center\">Depuis toutes ces ann\u00e9es<\/p>\n<p align=\"center\">A ne chanter que mis\u00e9r\u00e9r\u00e9<\/p>\n<p align=\"center\">Les convaincre du contraire<\/p>\n<p align=\"center\">Il y aurait beaucoup \u00e0 faire<\/p>\n<p align=\"center\">III<\/p>\n<p align=\"center\">Ils n\u2019ont connu que la faim<\/p>\n<p align=\"center\">Et n\u2019aspirent qu\u2019\u00e0 cette fin<\/p>\n<p align=\"center\">\u00a0Qui viendrait en son temps<\/p>\n<p align=\"center\">\u00c9liminer ce dur\u00a0 ch\u00e2timent<\/p>\n<p align=\"center\">IV<\/p>\n<p align=\"center\">Ils seront encore accroch\u00e9s<\/p>\n<p align=\"center\">A ce grand livre de v\u00e9rit\u00e9s<\/p>\n<p align=\"center\">Qui les a h\u00e9las condamn\u00e9s<\/p>\n<p align=\"center\">A vivre dans la domesticit\u00e9<\/p>\n<p align=\"center\">V<\/p>\n<p align=\"center\">Et pendant qu\u2019on tr\u00e9passe<\/p>\n<p align=\"center\">Le temps indiff\u00e9rent passe<\/p>\n<p align=\"center\">Et s\u2019enfuit bien lentement<\/p>\n<p align=\"center\">Sous le si beau firmament<\/p>\n<p align=\"center\">VI<\/p>\n<p align=\"center\">Quant \u00e0 tous ces vieillards<\/p>\n<p align=\"center\">Ils ne m\u00e9ritent aucun \u00e9gard<\/p>\n<p align=\"center\">Les entasser dans un hangar<\/p>\n<p align=\"center\">Les tiendrait loin des regards<\/p>\n<p align=\"center\">VII<\/p>\n<p align=\"center\">Ainsi v\u00e9g\u00e8teront-ils sans r\u00e9pit<\/p>\n<p align=\"center\">Et qu\u2019ils en \u00e9prouvent du d\u00e9pit<\/p>\n<p align=\"center\">Les loas les saints trop occup\u00e9s<\/p>\n<p align=\"center\">N\u2019auront cure de ces damn\u00e9s<\/p>\n<p align=\"center\">*****************************************************************************<\/p>\n<p align=\"center\"><a href=\"http:\/\/www.publibook.com\/librairie\/livre.php?isbn=9782924020517\" rel=\"nofollow\" target=\"_blank\"><img decoding=\"async\" src=\"http:\/\/www.publibook.com\/librairie\/images\/9782924020517_r.jpg\" alt=\"\" width=\"175\" border=\"0\" \/><\/a><\/p>\n<table width=\"100%\" border=\"0\" cellspacing=\"0\" cellpadding=\"0\">\n<tbody>\n<tr>\n<td valign=\"top\" height=\"50\">\n<div><span style=\"font-family: Arial; font-size: medium;\"><strong>Les Aphorismes de Ma\u00eetre Mo\u00efse<\/strong><\/span><br \/> <span style=\"font-family: Arial;\">par Serge H. Mo\u00efse<\/p>\n<p><\/span><\/div>\n<\/td>\n<\/tr>\n<tr>\n<td>\n<div><span style=\"font-family: Arial;\">\u00ab\u00a0Voici un livre qui, dans des mots simples, essaie de d\u00e9finir le bonheur et tente de le remettre \u00e0 la port\u00e9e des jeunes et des moins jeunes.<br \/> Rempli de cette sagesse m\u00e9lancolique et de cette lucidit\u00e9 qui ne s&rsquo;acquiert qu&rsquo;avec l&rsquo;addition des ann\u00e9es, l&rsquo;auteur, sans pr\u00e9tention, ni outrance de langage, nous offre une r\u00e9flexion sur les choses et les gens, une philosophie du quotidien, une fa\u00e7on neuve et inattendue de voir le monde.\u00a0\u00bb (Charles Dupuy)<\/p>\n<p> Un recueil de courtes phrases pleines de sens, et de cette sagesse qu&rsquo;ont ceux qui regardent le monde qui les entoure du haut de l&rsquo;arbre de la connaissance. Avec d\u00e9tachement et pertinence, mais sans jamais faire preuve de pr\u00e9tention, Serge H. Mo\u00efse nous fait profiter de son exp\u00e9rience et de ses r\u00e9flexions, dans des axiomes simples mais d&rsquo;une justesse surprenante. Parfois dr\u00f4les, souvent \u00e9vidents mais toujours vrais, les aphorismes de Ma\u00eetre Mo\u00efse balisent un chemin empreint de s\u00e9r\u00e9nit\u00e9 et de bonheur.<br \/> <\/span><\/div>\n<div align=\"center\">Retrouvez des extraits de ce livre en <a href=\"http:\/\/www.publibook.com\/librairie\/livre.php?isbn=9782924020517\" rel=\"nofollow\" target=\"_blank\">cliquant ici<\/a><\/div>\n<\/td>\n<\/tr>\n<\/tbody>\n<\/table>\n<script type=\"text\/javascript\">\n\nvar addthis_config = {\"data_track_clickback\":false,\"data_track_addressbar\":false,\"data_track_textcopy\":false};\n<\/script><script type=\"text\/javascript\" src=\"\/\/s7.addthis.com\/js\/250\/addthis_widget.js#pubid=f084fdfbcefba74c78dfad3bbc873ffd\"><\/script>","protected":false},"excerpt":{"rendered":"<p align=\"center\"><span style=\"color: #3366ff;\">\u00ab\u00a0Ces damn\u00e9s\u00a0\u00bb<\/span><\/p>\n<p style=\"text-align: left;\" align=\"center\">\u00a0 \u00a0\u00a0 <span style=\"color: #800000;\">Par Serge H. Mo\u00efse<\/span><\/p>\n<p align=\"center\">Il est vrai que la pauvret\u00e9<\/p>\n<p align=\"center\">Ne s\u2019av\u00e8re pas une fatalit\u00e9<\/p>\n<p align=\"center\">Dites-le donc aux Ha\u00eftiens<\/p>\n<p align=\"center\">Qui la vivent au quotidien<\/p>\n<p align=\"center\">II<\/p>\n<p align=\"center\">Depuis toutes ces ann\u00e9es<\/p>\n<p align=\"center\">A ne chanter que &hellip;<\/p>\n","protected":false},"author":1,"featured_media":0,"comment_status":"open","ping_status":"open","sticky":false,"template":"","format":"standard","meta":{"footnotes":""},"categories":[1],"tags":[],"class_list":["post-9525","post","type-post","status-publish","format-standard","hentry","category-accueil"],"_links":{"self":[{"href":"https:\/\/www.lecarrefourdesopinions.ca\/index.php?rest_route=\/wp\/v2\/posts\/9525","targetHints":{"allow":["GET"]}}],"collection":[{"href":"https:\/\/www.lecarrefourdesopinions.ca\/index.php?rest_route=\/wp\/v2\/posts"}],"about":[{"href":"https:\/\/www.lecarrefourdesopinions.ca\/index.php?rest_route=\/wp\/v2\/types\/post"}],"author":[{"embeddable":true,"href":"https:\/\/www.lecarrefourdesopinions.ca\/index.php?rest_route=\/wp\/v2\/users\/1"}],"replies":[{"embeddable":true,"href":"https:\/\/www.lecarrefourdesopinions.ca\/index.php?rest_route=%2Fwp%2Fv2%2Fcomments&post=9525"}],"version-history":[{"count":3,"href":"https:\/\/www.lecarrefourdesopinions.ca\/index.php?rest_route=\/wp\/v2\/posts\/9525\/revisions"}],"predecessor-version":[{"id":9535,"href":"https:\/\/www.lecarrefourdesopinions.ca\/index.php?rest_route=\/wp\/v2\/posts\/9525\/revisions\/9535"}],"wp:attachment":[{"href":"https:\/\/www.lecarrefourdesopinions.ca\/index.php?rest_route=%2Fwp%2Fv2%2Fmedia&parent=9525"}],"wp:term":[{"taxonomy":"category","embeddable":true,"href":"https:\/\/www.lecarrefourdesopinions.ca\/index.php?rest_route=%2Fwp%2Fv2%2Fcategories&post=9525"},{"taxonomy":"post_tag","embeddable":true,"href":"https:\/\/www.lecarrefourdesopinions.ca\/index.php?rest_route=%2Fwp%2Fv2%2Ftags&post=9525"}],"curies":[{"name":"wp","href":"https:\/\/api.w.org\/{rel}","templated":true}]}}