{"id":9448,"date":"2013-03-12T19:41:22","date_gmt":"2013-03-12T23:41:22","guid":{"rendered":"http:\/\/www.lecarrefourdesopinions.ca\/?p=9448"},"modified":"2013-03-12T19:41:22","modified_gmt":"2013-03-12T23:41:22","slug":"soumis-au-ministre-pierre-duchesne-ministere-de-lenseignement-superieur-2","status":"publish","type":"post","link":"https:\/\/www.lecarrefourdesopinions.ca\/?p=9448","title":{"rendered":"Soumis au ministre Pierre Duchesne, minist\u00e8re de l\u2019Enseignement sup\u00e9rieur (2)"},"content":{"rendered":"<p><span style=\"color: #3366ff;\"><em>Soumis au ministre Pierre Duchesne, minist\u00e8re de l\u2019Enseignement sup\u00e9rieur, de la Recherche, de la Science et de la Technologie du Qu\u00e9bec dans le cadre du Sommet sur l\u2019enseignement sup\u00e9rieur<\/em><\/span><\/p>\n<p>\u00a0 \u00a0 \u00a0 \u00a0 \u00a0 \u00a0\u00a0 <span style=\"color: #800000;\"><em>Par Jacques Martin<\/em><\/span><\/p>\n<table width=\"756\" border=\"0\" cellspacing=\"0\" cellpadding=\"0\">\n<tbody>\n<tr>\n<td colspan=\"3\" valign=\"top\" width=\"756\">\n<p>&nbsp;<\/p>\n<\/td>\n<\/tr>\n<tr>\n<td colspan=\"3\" valign=\"top\" width=\"756\">\n<p>D\u00e9rives immobili\u00e8res<\/p>\n<\/td>\n<\/tr>\n<tr>\n<td valign=\"top\" width=\"73\">\n<p>2.1<\/p>\n<\/td>\n<td colspan=\"2\" valign=\"top\" width=\"684\">\n<p>L\u2019UQ\u00c0M<\/p>\n<\/td>\n<\/tr>\n<tr>\n<td valign=\"top\" width=\"73\">\n<p>2.2<\/p>\n<\/td>\n<td colspan=\"2\" valign=\"top\" width=\"684\">\n<p>L\u2019Universit\u00e9 de Montr\u00e9al<\/p>\n<\/td>\n<\/tr>\n<tr>\n<td valign=\"top\" width=\"73\">\n<p>&nbsp;<\/p>\n<\/td>\n<td valign=\"top\" width=\"72\">\n<p>2.2.1<\/p>\n<\/td>\n<td valign=\"top\" width=\"612\">\n<p>La cour de triage d\u2019Outremont<\/p>\n<\/td>\n<\/tr>\n<tr>\n<td valign=\"top\" width=\"73\">\n<p>&nbsp;<\/p>\n<\/td>\n<td valign=\"top\" width=\"72\">\n<p>2.2.2<\/p>\n<\/td>\n<td valign=\"top\" width=\"612\">\n<p>Le couvent du Mont-J\u00e9sus-Marie<\/p>\n<\/td>\n<\/tr>\n<tr>\n<td valign=\"top\" width=\"73\">\n<p>&nbsp;<\/p>\n<\/td>\n<td colspan=\"2\" valign=\"top\" width=\"684\">\n<p>&nbsp;<\/p>\n<\/td>\n<\/tr>\n<tr>\n<td colspan=\"3\" valign=\"top\" width=\"756\">\n<p>Concurrence entre universit\u00e9s<\/p>\n<\/td>\n<\/tr>\n<tr>\n<td colspan=\"3\" valign=\"top\" width=\"756\">\n<p>&nbsp;<\/p>\n<\/td>\n<\/tr>\n<tr>\n<td colspan=\"3\" valign=\"top\" width=\"756\">\n<p>Droits de scolarit\u00e9 pour les \u00e9tudiants universitaires<\/p>\n<\/td>\n<\/tr>\n<tr>\n<td valign=\"top\" width=\"73\">\n<p>4.1<\/p>\n<\/td>\n<td colspan=\"2\" valign=\"top\" width=\"684\">\n<p>Droits de scolarit\u00e9 par cat\u00e9gorie d\u2019\u00e9tudiants<\/p>\n<\/td>\n<\/tr>\n<tr>\n<td valign=\"top\" width=\"73\">\n<p>4.2<\/p>\n<\/td>\n<td colspan=\"2\" valign=\"top\" width=\"684\">\n<p>Nombre d\u2019\u00e9tudiants par cat\u00e9gorie<\/p>\n<\/td>\n<\/tr>\n<tr>\n<td valign=\"top\" width=\"73\">\n<p>4.3<\/p>\n<\/td>\n<td colspan=\"2\" valign=\"top\" width=\"684\">\n<p>Co\u00fbts r\u00e9els assum\u00e9s par l\u2019\u00e9tat qu\u00e9b\u00e9cois, par cat\u00e9gorie d\u2019\u00e9tudiants<\/p>\n<\/td>\n<\/tr>\n<\/tbody>\n<\/table>\n<p>&nbsp;<\/p>\n<p><strong>II-\u00a0 D\u00e9rives immobili\u00e8res<\/strong><\/p>\n<p>&nbsp;<\/p>\n<p>La question se pose \u00e9galement pour la gestion immobili\u00e8re des universit\u00e9s notamment \u00e0 l\u2019occasion de plusieurs d\u00e9rives rapport\u00e9es au cours des derni\u00e8res ann\u00e9es, tant \u00e0 l\u2019UQ\u00c0M qu\u2019\u00e0 l\u2019Universit\u00e9 de Montr\u00e9al, soit les suivantes\u00a0:<\/p>\n<p>&nbsp;<\/p>\n<p><strong>\u00a0 L\u2019UQU\u00c0M<\/strong><\/p>\n<p>&nbsp;<\/p>\n<p>L\u2019aventure immobili\u00e8re \u00e0 \u00a0L\u2019UQU\u00c0M a provoqu\u00e9 un d\u00e9passement budg\u00e9taire de l\u2019ordre de 300 millions $ en 2007 \u00a0lors de la \u00a0construction \u00a0du complexe des sciences ( plus de 100 millions $) et de celui de l\u2019Il\u00f4t Voyageur \u00a0( plus de 200 millions $). Cette somme de 300 millions \u00e9quivaut \u00e0 presque 50% de la somme qui \u00e9tait demand\u00e9e aux \u00e9tudiants\u00a0 lors de la ronde de n\u00e9gociation au printemps 2012. (50% de 620 millions $ = 310 millions $ )<a title=\"\" href=\"#_ftn1\"><sup><sup>[1]<\/sup><\/sup><\/a>.<\/p>\n<p>&nbsp;<\/p>\n<p><strong>2.1\u00a0\u00a0\u00a0\u00a0\u00a0\u00a0 <\/strong><strong>L\u2019Universit\u00e9 de Montr\u00e9al <\/strong><\/p>\n<p>&nbsp;<\/p>\n<p><strong>2.1.1\u00a0\u00a0\u00a0\u00a0\u00a0\u00a0 <\/strong><strong>La gare de triage d\u2019Outremont<\/strong><\/p>\n<p>&nbsp;<\/p>\n<p>L\u2019Universit\u00e9 de Montr\u00e9al serait \u00e9galement aux prises avec une d\u00e9rive immobili\u00e8re \u00e0 la Gare de triage d\u2019Outremont!<\/p>\n<p>&nbsp;<\/p>\n<p>Dans un m\u00e9moire pr\u00e9sent\u00e9, en 2007, \u00e0 l\u2019Office de la consultation publique de Montr\u00e9al sur le projet d\u2019implantation d\u2019un campus de l\u2019Universit\u00e9 de Montr\u00e9al sur le site de la Gare de triage d\u2019Outremont, le projet \u00e9tait d\u00e9crit comme un vaste campus universitaire comprenant des b\u00e2timents pour des fins d\u2019enseignement et de recherche occupant une surface d\u2019environ 275 000 m\u00e8tres carr\u00e9s.<a title=\"\" href=\"#_ftn2\"><sup><sup>[2]<\/sup><\/sup><\/a> Le projet devait atteindre la somme de un milliard de $, plus le co\u00fbt des \u00e9quipements, sur une p\u00e9riode de 20 ans.<\/p>\n<p>&nbsp;<\/p>\n<p>Le recteur Vinet, en 2007, devant l\u2019Office de la consultation publique de Montr\u00e9al, annon\u00e7ait des co\u00fbts de construction s\u2019\u00e9levant \u00e0 3000 $, par m\u00e8tre carr\u00e9, pour d\u00e9velopper \u00a0un second campus \u00e0 la Gare de triage d\u2019Outremont, (dont la superficie \u00e9tait estim\u00e9e \u00e0 280\u00a0000 m\u00e8tres carr\u00e9s), ce qui correspond \u00e0 un co\u00fbt d\u2019immobilisation global de 840\u00a0millions $. Par ailleurs, la Ville de Montr\u00e9al \u00a0annon\u00e7ait le 20 janvier 2012 que les co\u00fbts de construction atteindront plut\u00f4t 1,6 milliard de $ \u00a0pour le m\u00eame projet, soit une augmentation\u00a0 de 100% en 5 ans. Il s\u2019agit donc d\u2019une augmentation de co\u00fbt de pr\u00e8s de 800 millions de $, soit plus que les 620 millions $ r\u00e9clam\u00e9s par la CREPUQ \u00e0 titre de sous-financement<a title=\"\" href=\"#_ftn3\"><sup><sup>[3]<\/sup><\/sup><\/a>.<\/p>\n<p>&nbsp;<\/p>\n<p>&nbsp;<\/p>\n<p><strong>2.1.2\u00a0\u00a0\u00a0\u00a0\u00a0\u00a0 <\/strong><strong>Le couvent du Mont-J\u00e9sus-Marie<\/strong><\/p>\n<p>&nbsp;<\/p>\n<p>En 2003, l\u2019Universit\u00e9 de Montr\u00e9al a acquis pour une somme de 15 millions $ l\u2019ancien couvent des s\u0153urs des Saints-Noms-de-J\u00e9sus-et-de-Marie. L\u2019objectif consistait \u00e0 y am\u00e9nager des salles de cours, ce qui fut fait au co\u00fbt de 20 millions de $, plus des frais d\u2019entretien s\u2019\u00e9levant \u00e0 6 millions $ depuis la date de l\u2019achat. Cet \u00e9difice fut revendu \u00e0 la controvers\u00e9e entreprise Catania, sans appel d\u2019offre, ce qui entra\u00eenerait une perte de 10 millions de $ pour l\u2019Universit\u00e9 de Montr\u00e9al (La transaction ne serait pas encore finalis\u00e9e)<a title=\"\" href=\"#_ftn4\"><sup><sup>[4]<\/sup><\/sup><\/a><\/p>\n<p>&nbsp;<\/p>\n<p>&nbsp;<\/p>\n<p><strong>III-\u00a0\u00a0\u00a0\u00a0\u00a0 \u00a0 Concurrence entre universit\u00e9s<\/strong><\/p>\n<p>&nbsp;<\/p>\n<p>Les universit\u00e9s du Qu\u00e9bec se font une concurrence entre elles et d\u00e9pensent des frais de publicit\u00e9 pour\u00a0 s\u2019attirer de la client\u00e8le, comme \u00a0si elles \u00e9taient des entreprises priv\u00e9es. Combien d\u00e9pensent-elles par ann\u00e9e, en publicit\u00e9 ?<\/p>\n<p>&nbsp;<\/p>\n<p>L\u2019Universit\u00e9 de Sherbrooke vient d\u2019installer un \u00a0campus universitaire \u00e0 Longueuil, l\u2019Universit\u00e9 Laval s\u2019implante \u00e0 Montr\u00e9al et l\u2019universit\u00e9 du Qu\u00e9bec en Outaouais vient d\u2019ouvrir un campus \u00e0 St-J\u00e9r\u00f4me\u2026.. un troisi\u00e8me immeuble de HEC au centre-ville, etc. et il y a peut-\u00eatre d\u2019autres !\u00a0 c\u2019est excellent d\u2019ouvrir des\u00a0\u00a0antennes en r\u00e9gion\u2026 mais cela est-il planifi\u00e9 au niveau sup\u00e9rieur (gouvernement du Qu\u00e9bec) ? Combien co\u00fbte cette concurrence entre les universit\u00e9s?<\/p>\n<p>&nbsp;<\/p>\n<p>&nbsp;<\/p>\n<p><strong>IV-\u00a0\u00a0\u00a0\u00a0\u00a0 \u00a0 Droits de scolarit\u00e9 pour les \u00e9tudiants universitaires<\/strong><\/p>\n<p>&nbsp;<\/p>\n<p><strong>4.1 \u00a0 Droits de scolarit\u00e9 par cat\u00e9gorie d\u2019\u00e9tudiants<\/strong><\/p>\n<p>&nbsp;<\/p>\n<p>Pr\u00e9sentement, il y a un tr\u00e8s grand nombre d\u2019\u00e9tudiants \u00e9trangers, ou d\u2019\u00e9tudiants canadiens non-r\u00e9sidents du Qu\u00e9bec, inscrits dans nos universit\u00e9s au Qu\u00e9bec. Ceux-ci doivent d\u00e9frayer des droits de scolarit\u00e9 plus \u00e9lev\u00e9s que les \u00e9tudiants qu\u00e9b\u00e9cois. \u00c0 titre d\u2019exemple, pour l\u2019ann\u00e9e 2011-2012, l\u2019\u00e9tudiant canadien non-r\u00e9sident du Qu\u00e9bec paiera des droits de scolarit\u00e9 d\u2019environ 5\u00a0858 $ par ann\u00e9e, au 1<sup>er<\/sup> cycle universitaire contre 2\u00a0167 $ par ann\u00e9e pour un \u00e9tudiant qu\u00e9b\u00e9cois, soit 2,7 fois plus que pour l\u2019\u00e9tudiant qu\u00e9b\u00e9cois (tableau A).<\/p>\n<p>&nbsp;<\/p>\n<p>Par ailleurs, l\u2019\u00e9tudiant \u00e9tranger paiera entre 6 et 9 fois plus en droits de scolarit\u00e9 que l\u2019\u00e9tudiant qu\u00e9b\u00e9cois inscrit au 1<sup>er<\/sup> cycle universitaire pour la m\u00eame ann\u00e9e (voir tableau A).<\/p>\n<p>&nbsp;<\/p>\n<p>\u00c0 titre d\u2019exemple, un \u00e9tudiant \u00e0 temps complet inscrit \u00e0 H\u00c9C, co\u00fbtait \u00e0 l\u2019\u00c9tat qu\u00e9b\u00e9cois la somme d\u2019environ 17\u00a0000$ par ann\u00e9e. En effet, selon l\u2019\u00c9tat financier de H\u00c9C en 2010-2011<a title=\"\" href=\"#_ftn5\"><sup><sup>[5]<\/sup><\/sup><\/a> (l\u2019\u00c9tat des Produits et Charges) indique qu\u2019il y a eu des d\u00e9penses (charges) s\u2019\u00e9levant \u00e0 136 millions de $ pour 8\u00a0000 \u00e9tudiants (\u00e9quivalents \u00e0 temps complet) (EETP), ce qui correspond \u00e0 environ 17\u00a0000 $ par \u00e9tudiant. Notons que le co\u00fbt global moyen, par \u00e9tudiant universitaire au Qu\u00e9bec, s\u2019\u00e9tablissait, selon Philippe Hurteau, \u00e0 environ 29\u00a0941 $ <a title=\"\" href=\"#_ftn6\"><sup><sup>[6]<\/sup><\/sup><\/a>, (le co\u00fbt global combine ce que le gouvernement, les \u00e9tudiants et le secteur priv\u00e9 investissent dans les universit\u00e9s).<\/p>\n<p>&nbsp;<\/p>\n<p align=\"center\"><strong>Tableau A<\/strong><\/p>\n<p align=\"center\"><strong>Droits de scolarit\u00e9 au 1<sup>er<\/sup> cycle universitaire au Qu\u00e9bec \u2013 \u00c9t\u00e9 2012<\/strong><\/p>\n<p>&nbsp;<\/p>\n<table border=\"1\" cellspacing=\"0\" cellpadding=\"0\">\n<tbody>\n<tr>\n<td valign=\"top\" width=\"371\">\n<p align=\"center\"><strong>\u00c9tudiants<\/strong><strong><\/strong><\/p>\n<p align=\"center\"><strong>Selon l\u2019origine<\/strong><strong><\/strong><\/p>\n<\/td>\n<td valign=\"top\" width=\"111\">\n<p align=\"center\"><strong>Droits de scolarit\u00e9<\/strong><strong><\/strong><\/p>\n<p align=\"center\"><strong>par cr\u00e9dit<\/strong><strong><\/strong><\/p>\n<\/td>\n<td valign=\"top\" width=\"164\">\n<p align=\"center\"><strong>Droits de scolarit\u00e9 anuel<\/strong><strong><\/strong><\/p>\n<p align=\"center\"><strong>(30 cr\u00e9dits)<\/strong><strong><\/strong><\/p>\n<\/td>\n<td valign=\"top\" width=\"81\">\n<p align=\"center\"><strong>Nbre de <\/strong><strong><\/strong><\/p>\n<p align=\"center\"><strong>fois<\/strong><strong><\/strong><\/p>\n<\/td>\n<\/tr>\n<tr>\n<td valign=\"top\" width=\"371\">\n<p>\u00a0I-\u00a0 Qu\u00e9b\u00e9cois<\/p>\n<\/td>\n<td valign=\"top\" width=\"111\">\n<p align=\"center\">72,26 $<\/p>\n<\/td>\n<td valign=\"top\" width=\"164\">\n<p align=\"center\">2\u00a0167,80 $<\/p>\n<\/td>\n<td valign=\"top\" width=\"81\">\n<p>&nbsp;<\/p>\n<\/td>\n<\/tr>\n<tr>\n<td valign=\"top\" width=\"371\">\n<p>II-\u00a0 Canadien non-r\u00e9sident du Qu\u00e9bec<\/p>\n<\/td>\n<td valign=\"top\" width=\"111\">\n<p align=\"center\">195,27 $<\/p>\n<\/td>\n<td valign=\"top\" width=\"164\">\n<p align=\"center\">5\u00a0858,10 $<\/p>\n<\/td>\n<td valign=\"top\" width=\"81\">\n<p>2,7 fois<\/p>\n<\/td>\n<\/tr>\n<tr>\n<td valign=\"top\" width=\"371\">\n<p>III- \u00c9trangers ou internationaux<\/p>\n<p>a)\u00a0\u00a0\u00a0\u00a0 en sciences humaines et sociales, etc.<\/p>\n<\/td>\n<td valign=\"top\" width=\"111\">\n<p align=\"center\">\n<p align=\"center\">485,39 $<\/p>\n<\/td>\n<td valign=\"top\" width=\"164\">\n<p align=\"center\">\n<p align=\"center\">14\u00a0561,70<\/p>\n<\/td>\n<td valign=\"top\" width=\"81\">\n<p>&nbsp;<\/p>\n<p>6,7 fois<\/p>\n<\/td>\n<\/tr>\n<tr>\n<td valign=\"top\" width=\"371\">\n<p>b)\u00a0\u00a0\u00a0\u00a0 en m\u00e9decine\u00a0:dentaire, v\u00e9t\u00e9rinaire, optom\u00e9trie, etc.<\/p>\n<\/td>\n<td valign=\"top\" width=\"111\">\n<p align=\"center\">\n<p align=\"center\">541,98<\/p>\n<\/td>\n<td valign=\"top\" width=\"164\">\n<p align=\"center\">\n<p align=\"center\">16\u00a0259,40<\/p>\n<\/td>\n<td valign=\"top\" width=\"81\">\n<p>&nbsp;<\/p>\n<p>7,5 fois<\/p>\n<\/td>\n<\/tr>\n<tr>\n<td valign=\"top\" width=\"371\">\n<p>c)\u00a0\u00a0\u00a0\u00a0 en sciences pures, math\u00e9matiques, g\u00e9nie, informatique, administration, droit, etc.<\/p>\n<\/td>\n<td valign=\"top\" width=\"111\">\n<p align=\"center\">\n<p align=\"center\">\n<p align=\"center\">639,97<\/p>\n<\/td>\n<td valign=\"top\" width=\"164\">\n<p align=\"center\">\n<p align=\"center\">\n<p align=\"center\">19\u00a0199,10 $<\/p>\n<\/td>\n<td valign=\"top\" width=\"81\">\n<p>&nbsp;<\/p>\n<p>&nbsp;<\/p>\n<p>8,9 fois<\/p>\n<\/td>\n<\/tr>\n<tr>\n<td colspan=\"3\" valign=\"top\" width=\"645\">\n<p><em>\u00a0<\/em><\/p>\n<p><em>Source\u00a0: <\/em><a href=\"http:\/\/www.etudes.umontreal.ca\/payer-etudes\/droitsscolarite.html\"><em>WWW.etudes.umontreal.ca\/payer-etudes\/droitsscolarite.html<\/em><\/a><em><\/em><\/p>\n<\/td>\n<td valign=\"top\" width=\"81\">\n<p>&nbsp;<\/p>\n<\/td>\n<\/tr>\n<\/tbody>\n<\/table>\n<p>&nbsp;<\/p>\n<p>&nbsp;<\/p>\n<p><strong>4.2\u00a0\u00a0\u00a0\u00a0\u00a0\u00a0\u00a0\u00a0\u00a0\u00a0\u00a0 <\/strong><strong>Nombre d\u2019\u00e9tudiants par cat\u00e9gorie<\/strong><\/p>\n<p>&nbsp;<\/p>\n<p>Au Qu\u00e9bec, pour l\u2019ann\u00e9e 2008, il y avait 15\u00a0522 \u00e9tudiants \u00e9trangers (ou internationaux) (\u00e9quivalent temps complet) et 12\u00a0044 \u00e9tudiants r\u00e9guliers (temps complet) qualifi\u00e9s de r\u00e9sidents permanents (Tableau B). Ces \u00e9tudiants \u00e9trangers et r\u00e9sidents permanents repr\u00e9sentaient 18 % des \u00e9tudiants r\u00e9guliers inscrits au 1<sup>er<\/sup> cycle universitaire, au Qu\u00e9bec, en 2008.<\/p>\n<p>&nbsp;<\/p>\n<p>&nbsp;<\/p>\n<p>Comme on a pu observer au Tableau A, ces \u00e9tudiants \u00e9trangers et r\u00e9sidents permanents (ou canadiens non-r\u00e9sidents du Qu\u00e9bec) d\u00e9fraient des droits de scolarit\u00e9 plus \u00e9lev\u00e9s que les \u00e9tudiants qu\u00e9b\u00e9cois (entre 2,7 et 8,9 fois), mais cela ne comble m\u00eame pas le co\u00fbt r\u00e9el d\u2019un \u00e9tudiant \u00e0 temps complet qui s\u2019\u00e9l\u00e8ve \u00e0 environ 30\u00a0000 $ annuellement (voir note 20).<\/p>\n<p>&nbsp;<\/p>\n<p align=\"center\"><strong>Tableau B<\/strong><\/p>\n<p align=\"center\"><strong>Ensemble de donn\u00e9es universitaires communes \u2013 Qu\u00e9bec (EDUCQ)<sup> <a title=\"\" href=\"#_ftn7\"><strong><sup>[7]<\/sup><\/strong><\/a><\/sup><\/strong><\/p>\n<p align=\"center\"><strong>\u00a0<\/strong><\/p>\n<p align=\"center\"><strong>\u00c9tudiants r\u00e9guliers \u00e0 temps complet<\/strong><\/p>\n<p align=\"center\"><strong>dans des programmes de grades,<\/strong><\/p>\n<p align=\"center\"><strong>selon le statut d\u2019immigration,<\/strong><\/p>\n<p align=\"center\"><strong>trimestre d\u2019automne, 2008 (en unit\u00e9 et en %)<\/strong><\/p>\n<p>&nbsp;<\/p>\n<table width=\"645\" border=\"1\" cellspacing=\"0\" cellpadding=\"0\">\n<tbody>\n<tr>\n<td valign=\"top\" width=\"219\">\n<p>Toutes les universit\u00e9s<\/p>\n<p>du Qu\u00e9bec<\/p>\n<\/td>\n<td valign=\"top\" width=\"126\">\n<p align=\"center\">Canadiens et am\u00e9rindiens<\/p>\n<\/td>\n<td valign=\"top\" width=\"90\">\n<p align=\"center\">\u00c9trangers<\/p>\n<\/td>\n<td valign=\"top\" width=\"104\">\n<p align=\"center\">R\u00e9sidents<\/p>\n<p align=\"center\">permanents<\/p>\n<\/td>\n<td valign=\"top\" width=\"106\">\n<p align=\"center\">\n<p align=\"center\">Total<\/p>\n<\/td>\n<\/tr>\n<tr>\n<td valign=\"top\" width=\"219\">\n<p>&nbsp;<\/p>\n<p>Ensemble (total) &#8211; nombre<\/p>\n<\/td>\n<td valign=\"top\" width=\"126\">\n<p align=\"center\">\n<p align=\"center\">125\u00a0170<\/p>\n<\/td>\n<td valign=\"top\" width=\"90\">\n<p align=\"center\">\n<p align=\"center\">15\u00a0522<\/p>\n<\/td>\n<td valign=\"top\" width=\"104\">\n<p align=\"center\">\n<p align=\"center\">12\u00a0044<\/p>\n<\/td>\n<td valign=\"top\" width=\"106\">\n<p align=\"center\">\n<p align=\"center\">152 736<\/p>\n<\/td>\n<\/tr>\n<tr>\n<td rowspan=\"2\" valign=\"top\" width=\"219\">\n<p>&nbsp;<\/p>\n<p>En %<\/p>\n<\/td>\n<td valign=\"top\" width=\"126\">\n<p align=\"center\">\n<p align=\"center\">82 %<\/p>\n<p align=\"center\">\n<\/td>\n<td valign=\"top\" width=\"90\">\n<p align=\"center\">\n<p align=\"center\">10 %<\/p>\n<\/td>\n<td valign=\"top\" width=\"104\">\n<p align=\"center\">\n<p align=\"center\">8 %<\/p>\n<\/td>\n<td valign=\"top\" width=\"106\">\n<p align=\"center\">\n<p align=\"center\">100 %<\/p>\n<\/td>\n<\/tr>\n<tr>\n<td valign=\"top\" width=\"126\"><\/td>\n<td valign=\"top\" width=\"90\"><\/td>\n<td valign=\"top\" width=\"104\"><\/td>\n<td valign=\"top\" width=\"106\"><\/td>\n<\/tr>\n<\/tbody>\n<\/table>\n<p>&nbsp;<\/p>\n<p>Les r\u00e9sidents permanents sont trait\u00e9s comme les \u00e9tudiants qu\u00e9b\u00e9cois sur le plan des droits de scolarit\u00e9. Ceci se justifie car, travaillant au Qu\u00e9bec, la soci\u00e9t\u00e9 qu\u00e9b\u00e9coise b\u00e9n\u00e9ficiera de leur meilleure formation et les imp\u00f4ts qu\u2019ils paieront rembourseront largement les frais de scolarit\u00e9 encourus pour eux. \u2026 \u00e0 condition qu\u2019ils travaillent au Qu\u00e9bec apr\u00e8s leurs \u00e9tudes compl\u00e9t\u00e9es.<\/p>\n<p>&nbsp;<\/p>\n<p><strong>4.3 \u00a0 Co\u00fbts r\u00e9els assum\u00e9s par l\u2019\u00e9tat qu\u00e9b\u00e9cois, par cat\u00e9gorie d\u2019\u00e9tudiants<\/strong><\/p>\n<p>&nbsp;<\/p>\n<p>Tel que vu pr\u00e9c\u00e9demment, il y a un \u00e9cart consid\u00e9rable entre les co\u00fbts de scolarit\u00e9 d\u00e9fray\u00e9s par les \u00e9tudiants qu\u00e9b\u00e9cois et ceux exig\u00e9s par le gouvernement du Qu\u00e9bec aux \u00e9tudiants des autres provinces canadiennes ou aux \u00e9tudiants \u00e9trangers (voir tableau C)<\/p>\n<p>&nbsp;<\/p>\n<p>&nbsp;<\/p>\n<p align=\"center\"><strong>Tableau C<\/strong><\/p>\n<p align=\"center\"><strong>Droits de scolarit\u00e9 au 1<sup>er<\/sup> cycle universitaire au Qu\u00e9bec,<\/strong><\/p>\n<p align=\"center\"><strong>par cat\u00e9gorie d\u2019\u00e9tudiant, et co\u00fbt r\u00e9el assum\u00e9 par le gouvernement du Qu\u00e9bec,<\/strong><\/p>\n<p align=\"center\"><strong>\u00e9t\u00e9 2012,<\/strong><\/p>\n<p>&nbsp;<\/p>\n<table width=\"834\" border=\"1\" cellspacing=\"0\" cellpadding=\"0\">\n<tbody>\n<tr>\n<td valign=\"top\" width=\"279\">\n<p align=\"center\">\n<p align=\"center\">\n<p align=\"center\">\u00c9tudiants selon l\u2019origine<\/p>\n<\/td>\n<td valign=\"top\" width=\"150\">\n<p align=\"center\">Droits de scolarit\u00e9<\/p>\n<p align=\"center\">Annuel moyen<\/p>\n<p align=\"center\">(a)<\/p>\n<\/td>\n<td valign=\"top\" width=\"285\">\n<p align=\"center\">Co\u00fbt r\u00e9el moyen assum\u00e9 par le gouvernement du Qu\u00e9bec, par \u00e9tudiant<\/p>\n<p align=\"center\">(b)<\/p>\n<\/td>\n<td valign=\"top\" width=\"120\">\n<p align=\"center\">\u00c9cart assum\u00e9<\/p>\n<p align=\"center\">par l\u2019\u00c9tat<\/p>\n<p align=\"center\">(b-a=c)<\/p>\n<\/td>\n<\/tr>\n<tr>\n<td valign=\"top\" width=\"279\">\n<p>\u00c9tudiants qu\u00e9b\u00e9cois<\/p>\n<\/td>\n<td valign=\"top\" width=\"150\">\n<p align=\"center\">2\u00a0168 $<\/p>\n<\/td>\n<td valign=\"top\" width=\"285\">\n<p align=\"center\">29\u00a0900 $<\/p>\n<\/td>\n<td valign=\"top\" width=\"120\">\n<p align=\"center\">27\u00a0732 $<\/p>\n<\/td>\n<\/tr>\n<tr>\n<td valign=\"top\" width=\"279\">\n<p>R\u00e9sidents permanents ou<\/p>\n<p>(Canadiens non-r\u00e9sidents du Qu\u00e9bec)<\/p>\n<\/td>\n<td valign=\"top\" width=\"150\">\n<p align=\"center\">5\u00a0858 $<\/p>\n<\/td>\n<td valign=\"top\" width=\"285\">\n<p align=\"center\">29\u00a0900 $<\/p>\n<\/td>\n<td valign=\"top\" width=\"120\">\n<p align=\"center\">24\u00a0042 $<\/p>\n<\/td>\n<\/tr>\n<tr>\n<td valign=\"top\" width=\"279\">\n<p>\u00c9tudiants \u00e9trangers<\/p>\n<\/td>\n<td valign=\"top\" width=\"150\">\n<p align=\"center\">\u224816\u00a0880 $<\/p>\n<\/td>\n<td valign=\"top\" width=\"285\">\n<p align=\"center\">29\u00a0900 $<\/p>\n<\/td>\n<td valign=\"top\" width=\"120\">\n<p align=\"center\">13\u00a0020 $<\/p>\n<\/td>\n<\/tr>\n<\/tbody>\n<\/table>\n<p>&nbsp;<\/p>\n<p>Le tableau C indique que le co\u00fbt r\u00e9el moyen par \u00e9tudiant de niveau universitaire s\u2019\u00e9tablissait, en 2012, \u00e0 29\u00a0900 $ par ann\u00e9e pour le gouvernement qu\u00e9b\u00e9cois.\u00a0 Puisque l\u2019\u00e9tudiant qu\u00e9b\u00e9cois d\u00e9fraie, en 2012, des droits de scolarit\u00e9 de 2\u00a0168 $ par ann\u00e9e, le solde, soit 27\u00a0732 $ (29\u00a0900 $ &#8211; 2\u00a0168 $ = 27\u00a0732 $) est combl\u00e9 par le gouvernement du Qu\u00e9bec.<\/p>\n<p>&nbsp;<\/p>\n<p>Le r\u00e9sident permanent (canadien non-r\u00e9sident du Qu\u00e9bec) devra d\u00e9bourser 5\u00a0858 $ de droits de scolarit\u00e9 en 2012, ce qui implique que le gouvernement du Qu\u00e9bec accordera (29\u00a0900 $ &#8211; 5\u00a0858 $ = 24\u00a0042 $) une subvention de 24\u00a0042 $ par \u00e9tudiant.<\/p>\n<p>&nbsp;<\/p>\n<p>Pour ce qui est de l\u2019\u00e9tudiant \u00e9tranger, ce dernier versera, en 2012, des droits de scolarit\u00e9 moyen de 16\u00a0880 $, ce qui implique que l\u2019\u00c9tat qu\u00e9b\u00e9cois assumera annuellement une somme de 13\u00a0020 $, par \u00e9tudiant (29\u00a0900 $ &#8211; 16\u00a0880 $ = 13\u00a0020 $) pour les accueillir dans nos universit\u00e9s.<\/p>\n<p>&nbsp;<\/p>\n<p>&nbsp;<\/p>\n<div><br clear=\"all\" \/><\/p>\n<hr align=\"left\" size=\"1\" width=\"33%\" \/>\n<div>\n<p><a title=\"\" href=\"#_ftnref1\"><em><strong>[1]<\/strong><\/em><\/a><em> Rapport du v\u00e9rificateur g\u00e9n\u00e9ral du Qu\u00e9bec \u00e0 l\u2019Assembl\u00e9e nationale concernant la v\u00e9rification particuli\u00e8re men\u00e9e aupr\u00e8s de l\u2019UQU\u00c0M, Annexe \u00ab\u00a0A\u00a0\u00bb, ann\u00e9e 2008-2009, p. A-13, graphique 1 et p. A-40, tableau 10,\u00a0 et UQU\u00c0M &#8211; Un bilan de l\u2019ann\u00e9e 2008-2009, message du recteur, Claude Corbo et Qu\u00e9bec ach\u00e8te le projet controvers\u00e9, <\/em>18\u00a0 novembre 2010;\u00a0 www.radio-canada.ca\/regions\/montreal\/2010\/11\/17\/002-Il\u00f6t-voyageur-vente.shtml<em>.<\/em><\/p>\n<\/div>\n<div>\n<p><a title=\"\" href=\"#_ftnref2\">[2]<\/a>\u00a0 Campus Outremont, Universit\u00e9 de Montr\u00e9al.\u00a0 <a href=\"http:\/\/www.mtlurb.com\/forums\/showthread\">www.mtlurb.com\/forums\/showthread<\/a>. php\/4-campus-Outremont-, 2007<\/p>\n<\/div>\n<div>\n<p><a title=\"\" href=\"#_ftnref3\">[3]<\/a>\u00a0 Michel Seymour, Louis Dumont, Jean-claude Marsan, Daniel Turp professeurs \u00e0 l\u2019Universit\u00e9 de Montr\u00e9al, \u00ab\u00a0<em>Hausse des droits contre d\u00e9rive immobili\u00e8re<\/em>\u00a0\u00bb, Le Devoir, 15 f\u00e9vrier 2012.<\/p>\n<\/div>\n<div>\n<p><a title=\"\" href=\"#_ftnref4\">[4]<\/a> Katleen L\u00e9vesque, <em>L\u2019Universit\u00e9 de Montr\u00e9al vend \u00e0 perte un couvent \u00e0 Catania,<\/em> Le Devoir, 3 et 4 novembre 2012.<\/p>\n<\/div>\n<div>\n<p><a title=\"\" href=\"#_ftnref5\">[5]<\/a> <a href=\"http:\/\/www.hec.ca\/\">www.HEC.ca<\/a>; La Corporation de HEC- Montr\u00e9al, \u00c9tats financiers au 30 avril 2011 et HEC \u2013 Montr\u00e9al et Faits et chiffres 2011<\/p>\n<\/div>\n<div>\n<p><a title=\"\" href=\"#_ftnref6\">[6]<\/a>\u00a0 Philippe Hurteau, <em>Le financement des universit\u00e9s\u00a0: aide-m\u00e9moire<\/em>, FNEEQ-CSN, 1<sup>er<\/sup> juin 2011, p. 7, <a href=\"http:\/\/www.fneeq.qc.ca\/fr\/fneeq\/instances\/Conseils\u00a0_fsdxraux\/CF2011-06-1-2-3\/%20Hurteau-P-7%20FINENCEMENT-UNIVERSITES.pdf\">www.fneeq.qc.ca\/fr\/fneeq\/instances\/Conseils\u00a0_fsdxraux\/CF2011-06-1-2-3\/ Hurteau-P-7 FINENCEMENT-UNIVERSITES.pdf<\/a>.<\/p>\n<p>&nbsp;<\/p>\n<\/div>\n<div>\n<p><a title=\"\" href=\"#_ftnref7\"><em><strong>[7]<\/strong><\/em><\/a><em>\u00a0 Minist\u00e8re de l\u2019\u00c9ducation, des Loisirs et du Sport (MELS), syst\u00e8me de gestion des donn\u00e9es de l\u2019effectif universitaire (GDEU, 2010).<\/em><\/p>\n<\/div>\n<\/div>\n<script type=\"text\/javascript\">\n\nvar addthis_config = {\"data_track_clickback\":false,\"data_track_addressbar\":false,\"data_track_textcopy\":false};\n<\/script><script type=\"text\/javascript\" src=\"\/\/s7.addthis.com\/js\/250\/addthis_widget.js#pubid=f084fdfbcefba74c78dfad3bbc873ffd\"><\/script>","protected":false},"excerpt":{"rendered":"<p><span style=\"color: #3366ff;\">Soumis au ministre Pierre Duchesne, minist\u00e8re de l\u2019Enseignement sup\u00e9rieur, de la Recherche, de la Science et de la Technologie du Qu\u00e9bec dans le cadre du Sommet sur l\u2019enseignement sup\u00e9rieur<\/span><\/p>\n<p>\u00a0 \u00a0 \u00a0 \u00a0 \u00a0 \u00a0\u00a0 <span style=\"color: #800000;\">Par Jacques Martin<\/span><\/p>\n<p>&nbsp;<\/p>\n<p>D\u00e9rives immobili\u00e8res<\/p>\n<p>2.1<\/p>\n<p>L\u2019UQ\u00c0M&hellip;<\/p>\n","protected":false},"author":1,"featured_media":0,"comment_status":"open","ping_status":"open","sticky":false,"template":"","format":"standard","meta":{"footnotes":""},"categories":[1],"tags":[],"class_list":["post-9448","post","type-post","status-publish","format-standard","hentry","category-accueil"],"_links":{"self":[{"href":"https:\/\/www.lecarrefourdesopinions.ca\/index.php?rest_route=\/wp\/v2\/posts\/9448","targetHints":{"allow":["GET"]}}],"collection":[{"href":"https:\/\/www.lecarrefourdesopinions.ca\/index.php?rest_route=\/wp\/v2\/posts"}],"about":[{"href":"https:\/\/www.lecarrefourdesopinions.ca\/index.php?rest_route=\/wp\/v2\/types\/post"}],"author":[{"embeddable":true,"href":"https:\/\/www.lecarrefourdesopinions.ca\/index.php?rest_route=\/wp\/v2\/users\/1"}],"replies":[{"embeddable":true,"href":"https:\/\/www.lecarrefourdesopinions.ca\/index.php?rest_route=%2Fwp%2Fv2%2Fcomments&post=9448"}],"version-history":[{"count":2,"href":"https:\/\/www.lecarrefourdesopinions.ca\/index.php?rest_route=\/wp\/v2\/posts\/9448\/revisions"}],"predecessor-version":[{"id":9515,"href":"https:\/\/www.lecarrefourdesopinions.ca\/index.php?rest_route=\/wp\/v2\/posts\/9448\/revisions\/9515"}],"wp:attachment":[{"href":"https:\/\/www.lecarrefourdesopinions.ca\/index.php?rest_route=%2Fwp%2Fv2%2Fmedia&parent=9448"}],"wp:term":[{"taxonomy":"category","embeddable":true,"href":"https:\/\/www.lecarrefourdesopinions.ca\/index.php?rest_route=%2Fwp%2Fv2%2Fcategories&post=9448"},{"taxonomy":"post_tag","embeddable":true,"href":"https:\/\/www.lecarrefourdesopinions.ca\/index.php?rest_route=%2Fwp%2Fv2%2Ftags&post=9448"}],"curies":[{"name":"wp","href":"https:\/\/api.w.org\/{rel}","templated":true}]}}