{"id":9121,"date":"2013-06-11T22:13:33","date_gmt":"2013-06-12T02:13:33","guid":{"rendered":"http:\/\/www.lecarrefourdesopinions.ca\/?p=9121"},"modified":"2013-06-11T22:13:33","modified_gmt":"2013-06-12T02:13:33","slug":"nous-applaudissons-pour-une-fois","status":"publish","type":"post","link":"https:\/\/www.lecarrefourdesopinions.ca\/?p=9121","title":{"rendered":"Nous applaudissons pour une fois."},"content":{"rendered":"<p align=\"center\"><strong><em>\u00a0<\/em><\/strong><\/p>\n<p align=\"center\"><span style=\"color: #3366ff;\"><strong><em>Nous applaudissons pour une fois.<\/em><\/strong><\/span><\/p>\n<p style=\"text-align: justify;\" align=\"center\"><em>\u00a0\u00a0\u00a0<img loading=\"lazy\" decoding=\"async\" class=\"alignleft size-thumbnail wp-image-9122\" title=\"Photo Eric Nogard 4\" src=\"http:\/\/www.lecarrefourdesopinions.ca\/wp-content\/uploads\/2012\/11\/Photo-Eric-Nogard-4-134x107.jpg\" alt=\"\" width=\"134\" height=\"107\" \/>\u00a0\u00a0\u00a0\u00a0\u00a0\u00a0\u00a0\u00a0\u00a0 <span style=\"color: #800000;\">Par \u00a0<\/span><\/em><span style=\"color: #800000;\"><em>\u00c9ric E.G. NOGARD<\/em><\/span><strong><em> \u00a0\u00a0\u00a0\u00a0\u00a0\u00a0\u00a0 <br \/><\/em><\/strong><\/p>\n<p>&nbsp;<\/p>\n<p><strong><span style=\"color: #800000;\">\u00ab\u00a0Nonobstant notre intime conviction selon laquelle\u00a0:<\/span><\/strong><\/p>\n<p><strong><span style=\"color: #800000;\">\u00a0<\/span><\/strong><\/p>\n<ul>\n<li><strong><span style=\"color: #800000;\">L\u2019\u00a0\u00ab\u00a0Assimilation\u00a0\u00bb fut d\u00e9nich\u00e9e du dictionnaire par un Intellectuel Martiniquais h\u00e9las subverti par le Communisme,<\/span><\/strong><\/li>\n<\/ul>\n<ul>\n<li><strong><span style=\"color: #800000;\">A seule fin de dissuader la Martinique du b\u00e9n\u00e9fice de l\u2019Int\u00e9gration g\u00e9n\u00e9reusement consentie par une Grande Nation.<\/span><\/strong><\/li>\n<\/ul>\n<p><strong><span style=\"color: #800000;\">Une Int\u00e9gration tellement d\u00e9sir\u00e9e et cependant impitoyablement interdite, au point que la Martinique en soit r\u00e9duite \u00e0 l\u2019\u0116tat de Bagne o\u00f9 l\u2019on ne peut plus voir que des Gardiens et des Gard\u00e9s.\u00a0\u00bb\u00a0<\/span><\/strong><\/p>\n<p>&nbsp;<\/p>\n<p align=\"center\">***\u00a0\u00a0\u00a0\u00a0 ***\u00a0\u00a0\u00a0\u00a0 ***<\/p>\n<p align=\"center\">\n<p>&nbsp;<\/p>\n<p>Pour une fois que nous avons entendu un discours qui entre dans notre logique, pourquoi chercherions-nous \u00e0 r\u00e9fr\u00e9ner nos chaleureux applaudissements \u00e0 Monsieur Boris CYRULNIK pour sa Conf\u00e9rence,<\/p>\n<p>&nbsp;<\/p>\n<p align=\"center\">\u00ab\u00a0Ni haine, ni repentance \u00e0 avoir\u00a0\u00bb.<\/p>\n<p>&nbsp;<\/p>\n<p>Ce qui n\u2019exclut pas que nous devions garder en m\u00e9moire, afin d\u2019assumer notre marche en avant, toute le\u00e7on transmise comme toute le\u00e7on acquise.<\/p>\n<p>&nbsp;<\/p>\n<p>N\u2019est-ce pas cela la Culture, en faisant observer qu\u2019\u00e0 cet \u00e9gard, il n\u2019y a de particulier ni Couleur, ni Patrie, ni Culture, nos seuls enseignants \u00e9tant d\u2019un c\u00f4t\u00e9 toute l\u2019Humanit\u00e9, et de l\u2019autre notre seul Ego duquel nous devons chasser le nombrilisme et l\u2019adulation idol\u00e2tre, au privil\u00e8ge de l\u2019esprit critique objectif et neutre.<\/p>\n<p>&nbsp;<\/p>\n<p>&nbsp;<\/p>\n<p>Ceci dit, nous donnons l\u2019assurance que nous ne g\u00e9n\u00e9ralisons pas, comment pourrions-nous nous le permettre quand le Martiniquais en soi est la diversit\u00e9 en quelque sens qu\u2019on puisse le consid\u00e9rer.<\/p>\n<p>&nbsp;<\/p>\n<p>Ceci dit, qu\u2019il nous soit permis de faire observer \u00e0 Monsieur CYRULNIK que, selon nous, le Martiniquais est aussi \u2013 et a toujours \u00e9t\u00e9 aussi \u2013 r\u00e9silient que tout autre.<\/p>\n<p>&nbsp;<\/p>\n<p>Mais h\u00e9las, son inclination pour les louanges est son Talon d\u2019Achille, il se laisse subvertir pour peu qu\u2019on sache lui passer la main dans le sens du poil.<\/p>\n<p>&nbsp;<\/p>\n<p>&nbsp;<\/p>\n<p>Le Martiniquais est tr\u00e8s loin de manquer de r\u00e9silience.<\/p>\n<p>&nbsp;<\/p>\n<p>Ainsi, qui peut dire que le verre et la fa\u00efence ne sont pas durs.<\/p>\n<p>&nbsp;<\/p>\n<p>Cependant, laissons tomber sur un caillou un verre ou une assiette et\u2026 crac\u00a0! Nous voil\u00e0 devant \u2013 ou voil\u00e0 devant nous \u2013 mille tessons ou de verre, ou de fa\u00efence\u00a0!<\/p>\n<p>&nbsp;<\/p>\n<p>Nous en concluons que le verre et la fa\u00efence n\u2019ont pas de r\u00e9silience, ils sont fragiles, ils ne r\u00e9sistent pas \u00e0 la rupture par choc.<\/p>\n<p>&nbsp;<\/p>\n<p>&nbsp;<\/p>\n<p>En revanche rempla\u00e7ons le verre par un gobelet en plastique, et l\u2019assiette en fa\u00efence par une assiette de papier, de la m\u00eame fa\u00e7on et sur la m\u00eame roche pour \u00eatre rigoureux.<\/p>\n<p>&nbsp;<\/p>\n<p>Le gobelet en plastique tout comme l\u2019assiette de papier se d\u00e9formeront mais ne se casseront pas.<\/p>\n<p>&nbsp;<\/p>\n<p>Nous en concluons que m\u00eame s\u2019ils sont mous, le plastique et le papier sont r\u00e9silients, ils ne sont pas fragiles.<\/p>\n<p>&nbsp;<\/p>\n<p>Ils r\u00e9sistent bien aux forces de rupture par choc.<\/p>\n<p>&nbsp;<\/p>\n<p>&nbsp;<\/p>\n<p>Fragile et r\u00e9silient sont antonymes.<\/p>\n<p>&nbsp;<\/p>\n<p>Et nul ne peut insinuer que le Martiniquais ne r\u00e9siste pas aux chocs, que ce soit son SOMA, que ce soit son PSYCHISME, il sait subir les chocs les plus inou\u00efs.<\/p>\n<p>&nbsp;<\/p>\n<p>D\u2019ailleurs, comment aurait-il pu, s\u2019il \u00e9tait fragile r\u00e9sister \u00e0 tous les chocs de sa travers\u00e9e de la Colonisation, de l\u2019Esclavage, du Post-Esclavage, puis des Guerres Mondiales, \u00a0de la Crise du Sucre (Sucre de Betterave), maintenant de la Dette, sans R\u00e9silience et, quel que soit son sexe, sa couleur ou son statut ou son \u00e2ge, lui qui franchit malgr\u00e9 l\u2019\u00e9preuve, la barre des centenaires.<\/p>\n<p>&nbsp;<\/p>\n<p>&nbsp;<\/p>\n<p>Cependant, il se laisse ais\u00e9ment subvertir par quiconque sait s\u2019y prendre.<\/p>\n<p>&nbsp;<\/p>\n<p>Le Bolchevisme en sait quelque chose, lui qui a subverti nos intellectuels.<\/p>\n<p>&nbsp;<\/p>\n<p>Et, \u00e0 se laisser subvertir, l\u2019Homme l\u2019est beaucoup plus que la Femme, et l\u2019Adolescent davantage qu\u2019\u00e0 la fois l\u2019Adulte et l\u2019Enfant.<\/p>\n<p>&nbsp;<\/p>\n<p>Et les plus subversibles sont sans conteste les jeunes qui ont de l\u2019instruction mais pas assez de jugement.<\/p>\n<p>&nbsp;<\/p>\n<p>Flattez leur amour-propre, ils vous laissent tomber leur fromage, comme le fit Ma\u00eetre Corbeau.<\/p>\n<p>&nbsp;<\/p>\n<p>Et puis apr\u00e8s, c\u2019est difficile voire impossible\u2026 l\u2019amour-propre ayant c\u00e9d\u00e9 la place ou s\u2019\u00e9tant mut\u00e9 en orgueil mal plac\u00e9, ils ne changent plus jusqu\u2019\u00e0 en \u00eatre born\u00e9s comme la pire des mules.<\/p>\n<p>&nbsp;<\/p>\n<p>&nbsp;<\/p>\n<p>Alors, Monsieur Boris CYRULNIK, en ovationnant votre Conf\u00e9rence (France-Antilles Martinique du Vendredi 9 Novembre 2012, page 3, rubrique Conf\u00e9rence intitul\u00e9e Boris CYRULNIK\u00a0: \u00ab\u00a0Ni haine, ni Repentance \u00e0 avoir\u00a0\u00bb) nous vous disons notre Conviction concernant le Martiniquais.<\/p>\n<p>&nbsp;<\/p>\n<p><strong>Est-il r\u00e9silient\u2026 OUI, OUI, OUI.<\/strong><\/p>\n<p>&nbsp;<\/p>\n<p><strong>Peut-on le subvertir\u2026 H\u00e9las, OUI, OUI, OUI.<\/strong><\/p>\n<p>&nbsp;<\/p>\n<p>Et c\u2019est bien de cela que souffre la Martinique.<\/p>\n<p>&nbsp;<\/p>\n<p>A \u00ab\u00a0Martinique Province Fran\u00e7aise\u00a0\u00bb, nous sommes Heureux d\u2019Applaudir pour Une Fois un Conf\u00e9rencier de qualit\u00e9.<\/p>\n<p>&nbsp;<\/p>\n<p><span style=\"text-decoration: underline;\">Remarque\u00a0:<\/span> <span style=\"color: #800000;\"><em>Nos chroniques expriment l\u2019opinion de \u00ab\u00a0Martinique Province Fran\u00e7aise\u00a0\u00bb, un Mouvement Fran\u00e7ais dont la consistance se confirme de jour en jour.<\/em><\/span><\/p>\n<p>&nbsp;<\/p>\n<p>\u00a0<img decoding=\"async\" class=\"aligncenter size-full wp-image-9669\" title=\"BMR 2\" src=\"http:\/\/www.lecarrefourdesopinions.ca\/wp-content\/uploads\/2013\/04\/BMR-2.bmp\" alt=\"\" \/><\/p>\n<p>&nbsp;<\/p>\n<p>&nbsp;<\/p>\n<p>&nbsp;<\/p>\n<p>&nbsp;<\/p>\n<script type=\"text\/javascript\">\n\nvar addthis_config = {\"data_track_clickback\":false,\"data_track_addressbar\":false,\"data_track_textcopy\":false};\n<\/script><script type=\"text\/javascript\" src=\"\/\/s7.addthis.com\/js\/250\/addthis_widget.js#pubid=f084fdfbcefba74c78dfad3bbc873ffd\"><\/script>","protected":false},"excerpt":{"rendered":"<p align=\"center\">\u00a0<\/p>\n<p align=\"center\"><span style=\"color: #3366ff;\">Nous applaudissons pour une fois.<\/span><\/p>\n<p style=\"text-align: justify;\" align=\"center\">\u00a0\u00a0\u00a0\u00a0\u00a0\u00a0\u00a0\u00a0\u00a0\u00a0\u00a0\u00a0 <span style=\"color: #800000;\">Par \u00a0<\/span><span style=\"color: #800000;\">\u00c9ric E.G. NOGARD<\/span> \u00a0\u00a0\u00a0\u00a0\u00a0\u00a0\u00a0 <\/p>\n<p>&nbsp;<\/p>\n<p><span style=\"color: #800000;\">\u00ab\u00a0Nonobstant notre intime conviction selon laquelle\u00a0:<\/span><\/p>\n<p><span style=\"color: #800000;\">\u00a0<\/span><\/p>\n<li><span style=\"color: #800000;\">L\u2019\u00a0\u00ab\u00a0Assimilation\u00a0\u00bb fut d\u00e9nich\u00e9e du dictionnaire par un Intellectuel Martiniquais h\u00e9las subverti par le Communisme,<\/span><\/li>\n<li><span style=\"color: #800000;\">A seule <\/span>&hellip;<\/li>\n","protected":false},"author":1,"featured_media":0,"comment_status":"open","ping_status":"open","sticky":false,"template":"","format":"standard","meta":{"footnotes":""},"categories":[1],"tags":[],"class_list":["post-9121","post","type-post","status-publish","format-standard","hentry","category-accueil"],"_links":{"self":[{"href":"https:\/\/www.lecarrefourdesopinions.ca\/index.php?rest_route=\/wp\/v2\/posts\/9121","targetHints":{"allow":["GET"]}}],"collection":[{"href":"https:\/\/www.lecarrefourdesopinions.ca\/index.php?rest_route=\/wp\/v2\/posts"}],"about":[{"href":"https:\/\/www.lecarrefourdesopinions.ca\/index.php?rest_route=\/wp\/v2\/types\/post"}],"author":[{"embeddable":true,"href":"https:\/\/www.lecarrefourdesopinions.ca\/index.php?rest_route=\/wp\/v2\/users\/1"}],"replies":[{"embeddable":true,"href":"https:\/\/www.lecarrefourdesopinions.ca\/index.php?rest_route=%2Fwp%2Fv2%2Fcomments&post=9121"}],"version-history":[{"count":3,"href":"https:\/\/www.lecarrefourdesopinions.ca\/index.php?rest_route=\/wp\/v2\/posts\/9121\/revisions"}],"predecessor-version":[{"id":9828,"href":"https:\/\/www.lecarrefourdesopinions.ca\/index.php?rest_route=\/wp\/v2\/posts\/9121\/revisions\/9828"}],"wp:attachment":[{"href":"https:\/\/www.lecarrefourdesopinions.ca\/index.php?rest_route=%2Fwp%2Fv2%2Fmedia&parent=9121"}],"wp:term":[{"taxonomy":"category","embeddable":true,"href":"https:\/\/www.lecarrefourdesopinions.ca\/index.php?rest_route=%2Fwp%2Fv2%2Fcategories&post=9121"},{"taxonomy":"post_tag","embeddable":true,"href":"https:\/\/www.lecarrefourdesopinions.ca\/index.php?rest_route=%2Fwp%2Fv2%2Ftags&post=9121"}],"curies":[{"name":"wp","href":"https:\/\/api.w.org\/{rel}","templated":true}]}}