{"id":8035,"date":"2013-07-23T08:47:27","date_gmt":"2013-07-23T12:47:27","guid":{"rendered":"http:\/\/www.lecarrefourdesopinions.ca\/?p=8035"},"modified":"2013-07-23T08:47:27","modified_gmt":"2013-07-23T12:47:27","slug":"quel-francais-connait-son-catechisme","status":"publish","type":"post","link":"https:\/\/www.lecarrefourdesopinions.ca\/?p=8035","title":{"rendered":"Quel Fran\u00e7ais conna\u00eet son Cat\u00e9chisme."},"content":{"rendered":"<p><span style=\"color: #3366ff;\"><strong><em>Quel Fran\u00e7ais conna\u00eet son Cat\u00e9chisme.<\/em><\/strong><\/span><\/p>\n<p><strong><img loading=\"lazy\" decoding=\"async\" class=\"alignleft size-thumbnail wp-image-8036\" title=\"Photo Eric Nogard 4\" src=\"http:\/\/www.lecarrefourdesopinions.ca\/wp-content\/uploads\/2012\/03\/Photo-Eric-Nogard-48-134x107.jpg\" alt=\"\" width=\"134\" height=\"107\" \/> <\/strong><span style=\"color: #800000;\"><em>Par Eric E.G Nogard<\/em><\/span><\/p>\n<p>&nbsp;<\/p>\n<p>Nombreuses sont les haches qui resteraient enterr\u00e9es o\u00f9 elles sont et, tant de Calumets de la Paix pourraient \u00eatre fum\u00e9s en territoire de France, si seulement les Fran\u00e7ais savaient leur Cat\u00e9chisme.<\/p>\n<p>&nbsp;<\/p>\n<p>Et d\u2019ailleurs, quel fran\u00e7ais sait seulement quel est son Cat\u00e9chisme, quelle est sa Religion, quelle est sa Bible, lui qui se dit R\u00e9publicain, La\u00efque et Humaniste.<\/p>\n<p>&nbsp;<\/p>\n<p>Sous cet \u00e9clairage, le Fran\u00e7ais ne serait-il pas un v\u00e9ritable animal exotique aux yeux d\u2019un enfant qu\u2019il soit Juif, ou Chr\u00e9tien, ou Musulman, de quelque club, de quelqu\u2019association, de quelque soci\u00e9t\u00e9 que ce soit\u00a0: interroge, mon ami, et il te sera r\u00e9pondu.<\/p>\n<p>&nbsp;<\/p>\n<p>&nbsp;<\/p>\n<p>Quel petit Juif ignore son Cat\u00e9chisme et ne conna\u00eet Abraham et Mo\u00efse.<\/p>\n<p>&nbsp;<\/p>\n<p>Quel petit Catholique ne sait qui a cr\u00e9\u00e9 le ciel, la mer, la terre et tout ce qu\u2019ils renferment.<\/p>\n<p>&nbsp;<\/p>\n<p>Quel petit Musulman ne conna\u00eet ses obligations de pri\u00e8re, de jeune, de partage et de visite \u00e0 la Mecque.<\/p>\n<p>&nbsp;<\/p>\n<p>Quel petit Footballeur m\u00e9conna\u00eet les r\u00e8gles du Football.<\/p>\n<p>&nbsp;<\/p>\n<p>Quel petit Am\u00e9ricain est aussi ignorant que le Fran\u00e7ais sur sa Constitution.<\/p>\n<p>&nbsp;<\/p>\n<p>Quel sujet de sa Gracieuse Majest\u00e9 la Reine Elizabeth s\u2019interroge sur l\u2019Habeas-Corpus.<\/p>\n<p>&nbsp;<\/p>\n<p>&nbsp;<\/p>\n<p>Interrogeons-les donc\u00a0! Faisons comme Saint Thomas\u00a0! Lui qui voulait voir pour croire, et tendons l\u2019oreille \u00e0 ce dialogue\u00a0:<\/p>\n<p>&nbsp;<\/p>\n<p>Hello Tommy,<\/p>\n<p>&nbsp;<\/p>\n<ul>\n<li>Connais-tu l\u2019Article 142 de ta Constitution\u00a0?<\/li>\n<\/ul>\n<p>&nbsp;<\/p>\n<p>&#8211;\u00a0\u00a0\u00a0\u00a0\u00a0\u00a0\u00a0 <em>Vot\u00e9 en 1864, il rend obligatoire la r\u00e9daction en Anglais des Lois, des Documents et Proc\u00e8s-verbaux Officiels.<\/em><\/p>\n<p>&nbsp;<\/p>\n<ul>\n<li>Qu\u2019en sais-tu de son \u00ab\u00a0Avenant\u00a0\u00bb\u00a0?<\/li>\n<\/ul>\n<p>&nbsp;<\/p>\n<p>&#8211;\u00a0\u00a0\u00a0\u00a0\u00a0\u00a0\u00a0 <em>Vot\u00e9 en 1868 il, rend obligatoire l\u2019usage de l\u2019Anglais \u00e0 l\u2019Ecole comme dans les Proc\u00e9dures Judiciaires.<\/em><\/p>\n<p>&nbsp;<\/p>\n<ul>\n<li>Et le 13<sup>\u00e8me<\/sup> Amendement de la Constitution\u00a0?<\/li>\n<\/ul>\n<p>&nbsp;<\/p>\n<p>&#8211;\u00a0\u00a0\u00a0\u00a0\u00a0\u00a0\u00a0 <em>Vot\u00e9 en 1865, il d\u00e9clare l\u2019Esclavage ill\u00e9gal sur l\u2019ensemble du territoire Am\u00e9ricain.<\/em><\/p>\n<p>&nbsp;<\/p>\n<ul>\n<li>Et le 14<sup>\u00e8me<\/sup> Amendement.<\/li>\n<\/ul>\n<p>&nbsp;<\/p>\n<p>&#8211;\u00a0\u00a0\u00a0\u00a0\u00a0\u00a0\u00a0 <em>Vot\u00e9 en 1866, il conf\u00e8re la pleine Citoyennet\u00e9 assortie du droit de Vote \u00e0 tout Am\u00e9ricain Noir, d\u00e8s l\u2019\u00e2ge de 21 ans.<\/em><\/p>\n<p>&nbsp;<\/p>\n<p><strong><em>On doit conna\u00eetre son Cat\u00e9chisme.<\/em><\/strong><\/p>\n<p>&nbsp;<\/p>\n<p>&nbsp;<\/p>\n<p>De m\u00eame s\u2019il s\u2019agissait d\u2019un minime de Club de Sport\u00a0:<\/p>\n<p>&nbsp;<\/p>\n<ul>\n<li>Petit, toi qui joue du Football, si je touchais la balle de la main\u00a0?<\/li>\n<\/ul>\n<p>&nbsp;<\/p>\n<p>&#8211;\u00a0\u00a0\u00a0\u00a0\u00a0\u00a0\u00a0 <em>A moins que vous soyez le gardien de but, l\u2019arbitre vous sifflerait une p\u00e9nalit\u00e9.<\/em><\/p>\n<p>&nbsp;<\/p>\n<ul>\n<li>Et toi, le petit Basketteur, si je touchais le ballon du pied\u00a0?<\/li>\n<\/ul>\n<p>&nbsp;<\/p>\n<p>&#8211;\u00a0\u00a0\u00a0\u00a0\u00a0\u00a0\u00a0 <em>Coup de sifflet.<\/em><\/p>\n<p>&nbsp;<\/p>\n<p><strong><em>On doit conna\u00eetre son Cat\u00e9chisme.<\/em><\/strong><\/p>\n<p>&nbsp;<\/p>\n<p>&nbsp;<\/p>\n<p><strong><em>D\u00e8s-lors, \u00e0 quoi bon insister\u00a0:<\/em><\/strong><\/p>\n<p>&nbsp;<\/p>\n<p>A quelqu\u2019\u00e2ge qu\u2019il choisisse de le faire ou que son Cr\u00e9ateur le lui r\u00e9clame, le Fran\u00e7ais en g\u00e9n\u00e9ral et le Martiniquais en particulier, rejoindra la Verte Prairie de ses A\u00efeux dans la plus parfaite ignorance de sa Religion, de sa Bible et de son Cat\u00e9chisme.<\/p>\n<p>&nbsp;<\/p>\n<p>Autrement dit, du R\u00e9gime, de la Constitution, des Textes Organiques comme du Code Civil dont-il rel\u00e8ve.<\/p>\n<p>&nbsp;<\/p>\n<p>Et, d\u00e8s-lors, comment s\u2019\u00e9tonner que, malgr\u00e9 ses Valeurs et son G\u00e9nie, la Soci\u00e9t\u00e9 Fran\u00e7aise soit \u00e0 ce point emp\u00eatr\u00e9e comme le Gladiateur pris dans un Filet.<\/p>\n<p>&nbsp;<\/p>\n<p>&nbsp;<\/p>\n<p><strong><em>En Cons\u00e9quence,<\/em><\/strong><\/p>\n<p>&nbsp;<\/p>\n<p>Plaise au \u00ab\u00a0prochain quinquennat\u00a0\u00bb que nous souhaitons pr\u00e9sid\u00e9 par Monsieur Nicolas SARKOZY de\u00a0:<\/p>\n<p>&nbsp;<\/p>\n<p>&#8211;\u00a0\u00a0\u00a0\u00a0\u00a0\u00a0\u00a0 Faire que d\u00e8s les classes primaires soit enseign\u00e9 le Code Civil et que notre Constitution soit apprise d\u00e8s le secondaire\u00a0:<\/p>\n<p>&nbsp;<\/p>\n<p>Ils ne doivent pas \u00eatre l\u2019apanage ou le privil\u00e8ge des praticiens du Droit, qu\u2019ils soient de l\u2019Administration, du Judiciaire ou du Politique, voire du Religieux.<\/p>\n<p>&nbsp;<\/p>\n<p>&#8211;\u00a0\u00a0\u00a0\u00a0\u00a0\u00a0\u00a0 Faire que la S\u00e9paration des Pouvoirs \u2013 voulue par la Constitution \u2013 soit effective et sacr\u00e9e\u00a0:<\/p>\n<p>&nbsp;<\/p>\n<p>Tellement nous savons \u00e0 quel point, surtout au fond d\u2019un cul-de-sac comme la Martinique, il est difficile pour un Juge de Juger.<\/p>\n<p>&nbsp;<\/p>\n<p>&#8211;\u00a0\u00a0\u00a0\u00a0\u00a0\u00a0\u00a0 Faire que l\u2019Avocat ne soit pas un mur dress\u00e9 perfidement entre le Justiciable et son Juge\u00a0:<\/p>\n<p>&nbsp;<\/p>\n<p>Tellement nous savons que c\u2019est souvent le cas, on doit savoir se choisir un Avocat\u2026<\/p>\n<p>&nbsp;<\/p>\n<p>&#8211;\u00a0\u00a0\u00a0\u00a0\u00a0\u00a0\u00a0 Faire que le Chef Affirm\u00e9 de tout employ\u00e9 de l\u2019Administration comme du Priv\u00e9 soit les Textes Organiques qui r\u00e9gissent sa Profession\u00a0:<\/p>\n<p>&nbsp;<\/p>\n<p>Tellement nous savons \u00e0 quel point certains sup\u00e9rieurs hi\u00e9rarchiques se prennent pour des Seigneurs et Ma\u00eetres qui peuvent en toute impunit\u00e9 abuser de leurs subordonn\u00e9s jusqu\u2019\u00e0 les pousser au suicide et m\u00eame pire.<\/p>\n<p>&nbsp;<\/p>\n<p>Ce qui ne veut pas dire que nous soyions contre la hi\u00e9rarchie, mais, selon nous le chef hi\u00e9rarchique doit se limiter \u00e0 veiller \u00e0 l\u2019application des textes, pas \u00e0 tyranniser ses subordonn\u00e9s.<\/p>\n<p>&nbsp;<\/p>\n<p><strong><em>Ainsi,<\/em><\/strong><\/p>\n<p>&nbsp;<\/p>\n<ul>\n<li>Le Citoyen aimera son Pays sans renier ni sa Foi ni ses Origines.<\/li>\n<\/ul>\n<p>&nbsp;<\/p>\n<ul>\n<li>Le Juge pourra Juger en Bon P\u00e8re de Famille. D\u2019ailleurs n\u2019a-t-il pas une Famille.<\/li>\n<\/ul>\n<p>&nbsp;<\/p>\n<ul>\n<li>Le Justiciable (de part son Avocat) sera plus proche de son Juge au lieu d\u2019\u00eatre coup\u00e9 de lui.<\/li>\n<\/ul>\n<p>&nbsp;<\/p>\n<p>Ainsi serait finie la double peine de \u00ab\u00a0trinquer\u00a0\u00bb fort cher par la faute d\u2019un avocat pay\u00e9 fort cher et trop souvent indigne de la moindre Confiance.<\/p>\n<p>&nbsp;<\/p>\n<p>&nbsp;<\/p>\n<p><span style=\"color: #800000;\"><strong>Que le \u00ab\u00a0Nul n\u2019est Cens\u00e9 ignorer la Loi\u00a0\u00bb cesse d\u2019\u00eatre une fumisterie et que la Loi soit appliqu\u00e9e.<\/strong><\/span><\/p>\n<p>&nbsp;<\/p>\n<p><span style=\"color: #800000;\"><strong>Cessons de jouer avec le feu pour que prosp\u00e8re notre syndrome du badaud intellectuel qui est loin d\u2019\u00eatre du journalisme de bon aloi.<\/strong><\/span><\/p>\n<p>&nbsp;<\/p>\n<p><span style=\"color: #800000;\"><strong>Que chacun connaisse son Cat\u00e9chisme R\u00e9publicain et La\u00efque et ce sera Immense comme Conqu\u00eate Fraternelle\u00a0: la Justice entre nous.<\/strong> <br \/><\/span><\/p>\n<p><span style=\"color: #800000;\"><strong>Le Pays y gagnera.<\/strong><\/span><\/p>\n<p>&nbsp;<\/p>\n<p><span style=\"text-decoration: underline;\"><strong>Remarque<\/strong> :<\/span> <span style=\"color: #800000;\"><em>Nos chroniques expriment l\u2019opinion de \u00ab\u00a0Martinique Province Fran\u00e7aise\u00a0\u00bb, un Mouvement Fran\u00e7ais dont la consistance se confirme de jour en jour.<\/em><\/span><\/p>\n<p>&nbsp;<\/p>\n<script type=\"text\/javascript\">\n\nvar addthis_config = {\"data_track_clickback\":false,\"data_track_addressbar\":false,\"data_track_textcopy\":false};\n<\/script><script type=\"text\/javascript\" src=\"\/\/s7.addthis.com\/js\/250\/addthis_widget.js#pubid=f084fdfbcefba74c78dfad3bbc873ffd\"><\/script>","protected":false},"excerpt":{"rendered":"<p><span style=\"color: #3366ff;\">Quel Fran\u00e7ais conna\u00eet son Cat\u00e9chisme.<\/span><\/p>\n<p> <span style=\"color: #800000;\">Par Eric E.G Nogard<\/span><\/p>\n<p>&nbsp;<\/p>\n<p>Nombreuses sont les haches qui resteraient enterr\u00e9es o\u00f9 elles sont et, tant de Calumets de la Paix pourraient \u00eatre fum\u00e9s en territoire de France, si seulement les &hellip;<\/p>\n","protected":false},"author":1,"featured_media":0,"comment_status":"open","ping_status":"open","sticky":false,"template":"","format":"standard","meta":{"footnotes":""},"categories":[1],"tags":[],"class_list":["post-8035","post","type-post","status-publish","format-standard","hentry","category-accueil"],"_links":{"self":[{"href":"https:\/\/www.lecarrefourdesopinions.ca\/index.php?rest_route=\/wp\/v2\/posts\/8035","targetHints":{"allow":["GET"]}}],"collection":[{"href":"https:\/\/www.lecarrefourdesopinions.ca\/index.php?rest_route=\/wp\/v2\/posts"}],"about":[{"href":"https:\/\/www.lecarrefourdesopinions.ca\/index.php?rest_route=\/wp\/v2\/types\/post"}],"author":[{"embeddable":true,"href":"https:\/\/www.lecarrefourdesopinions.ca\/index.php?rest_route=\/wp\/v2\/users\/1"}],"replies":[{"embeddable":true,"href":"https:\/\/www.lecarrefourdesopinions.ca\/index.php?rest_route=%2Fwp%2Fv2%2Fcomments&post=8035"}],"version-history":[{"count":2,"href":"https:\/\/www.lecarrefourdesopinions.ca\/index.php?rest_route=\/wp\/v2\/posts\/8035\/revisions"}],"predecessor-version":[{"id":9954,"href":"https:\/\/www.lecarrefourdesopinions.ca\/index.php?rest_route=\/wp\/v2\/posts\/8035\/revisions\/9954"}],"wp:attachment":[{"href":"https:\/\/www.lecarrefourdesopinions.ca\/index.php?rest_route=%2Fwp%2Fv2%2Fmedia&parent=8035"}],"wp:term":[{"taxonomy":"category","embeddable":true,"href":"https:\/\/www.lecarrefourdesopinions.ca\/index.php?rest_route=%2Fwp%2Fv2%2Fcategories&post=8035"},{"taxonomy":"post_tag","embeddable":true,"href":"https:\/\/www.lecarrefourdesopinions.ca\/index.php?rest_route=%2Fwp%2Fv2%2Ftags&post=8035"}],"curies":[{"name":"wp","href":"https:\/\/api.w.org\/{rel}","templated":true}]}}