{"id":7714,"date":"2012-02-08T13:58:59","date_gmt":"2012-02-08T18:58:59","guid":{"rendered":"http:\/\/www.lecarrefourdesopinions.ca\/?p=7714"},"modified":"2012-02-08T13:58:59","modified_gmt":"2012-02-08T18:58:59","slug":"14-fevrier-saint-valentin-bien-sur-mais-aussi%e2%80%a6","status":"publish","type":"post","link":"https:\/\/www.lecarrefourdesopinions.ca\/?p=7714","title":{"rendered":"14 F\u00e9vrier. Saint-Valentin bien s\u00fbr mais aussi\u2026"},"content":{"rendered":"<p><span style=\"color: #3366ff;\"><strong>14 F\u00e9vrier. <\/strong><strong>Saint-Valentin bien s\u00fbr mais aussi\u2026<\/strong><\/span><\/p>\n<p><em> <img loading=\"lazy\" decoding=\"async\" class=\"alignleft size-thumbnail wp-image-7715\" title=\"photo J.P.Kozminski\" src=\"http:\/\/www.lecarrefourdesopinions.ca\/wp-content\/uploads\/2012\/02\/photo-J.P.Kozminski-134x107.jpg\" alt=\"\" width=\"134\" height=\"107\" \/> <span style=\"color: #800000;\">Par Jean-Paul\u00a0\u00a0\u00a0\u00a0\u00a0\u00a0\u00a0\u00a0\u00a0\u00a0\u00a0\u00a0\u00a0\u00a0 <br \/><\/span><\/em><\/p>\n<p><span style=\"color: #800080;\"><strong>Journ\u00e9e de reconnaissance des d\u00e9l\u00e9gu\u00e9s sociaux.<\/strong><\/span><\/p>\n<p><span style=\"color: #800080;\"><strong>Les d\u00e9l\u00e9gu\u00e9s sociaux et les d\u00e9l\u00e9gu\u00e9es sociales: un r\u00e9seau d&rsquo;entraide syndical<\/strong><\/span><\/p>\n<p>Un d\u00e9l\u00e9gu\u00e9 social et une d\u00e9l\u00e9gu\u00e9e sociale&#8230;\u00a0C&rsquo;est d&rsquo;abord un membre qui participe \u00e0 la vie syndicale. Son implication privil\u00e9gie l&rsquo;entraide avec les personnes qui rencontrent des difficult\u00e9s personnelles. L&rsquo;entraide se base sur l&rsquo;\u00e9coute, en vue de r\u00e9f\u00e9rer les membres qui en expriment le besoins \u00e0 des ressources syndicales, communautaires et professionnelles.\u00a0<br \/> L&rsquo;aide offerte porte sur des probl\u00e8mes li\u00e9s aux toxicomanies, \u00e0 la famille, \u00e0 la sant\u00e9 mentale, \u00e0 l&rsquo;endettement et \u00e0 bien d&rsquo;autres situations que vivent nos membres. L&rsquo;important pour les d\u00e9l\u00e9gu\u00e9s sociaux et d\u00e9l\u00e9gu\u00e9es sociales est de r\u00e9pondre aux besoins du milieu.\u00a0<br \/> Les d\u00e9l\u00e9gu\u00e9s sociaux et les d\u00e9l\u00e9gu\u00e9es sociales, est un r\u00e9seau sur lequel on peut compter dans un milieu de travail; il contribue \u00e0 l&rsquo;am\u00e9lioration de la qualit\u00e9 de vie et de travail.<\/p>\n<p>Cette journ\u00e9e sera aussi la reconnaissance de l\u2019implication et de l\u2019engagement de toutes ces personnes b\u00e9n\u00e9voles qui font du bien autour d\u2019elles, par leur pr\u00e9sence et par leurs habilet\u00e9s \u00e0 diriger leurs coll\u00e8gues en d\u00e9tresse vers des ressources d\u2019entraide.<\/p>\n<p>On peut dire que le r\u00e9seau des d\u00e9l\u00e9gu\u00e9s sociaux est le c\u0153ur de l\u2019esprit syndical.<\/p>\n<p>&nbsp;<\/p>\n<script type=\"text\/javascript\">\n\nvar addthis_config = {\"data_track_clickback\":false,\"data_track_addressbar\":false,\"data_track_textcopy\":false};\n<\/script><script type=\"text\/javascript\" src=\"\/\/s7.addthis.com\/js\/250\/addthis_widget.js#pubid=f084fdfbcefba74c78dfad3bbc873ffd\"><\/script>","protected":false},"excerpt":{"rendered":"<p><span style=\"color: #3366ff;\">14 F\u00e9vrier. Saint-Valentin bien s\u00fbr mais aussi\u2026<\/span><\/p>\n<p>  <span style=\"color: #800000;\">Par Jean-Paul\u00a0\u00a0\u00a0\u00a0\u00a0\u00a0\u00a0\u00a0\u00a0\u00a0\u00a0\u00a0\u00a0\u00a0 <\/span><\/p>\n<p><span style=\"color: #800080;\">Journ\u00e9e de reconnaissance des d\u00e9l\u00e9gu\u00e9s sociaux.<\/span><\/p>\n<p><span style=\"color: #800080;\">Les d\u00e9l\u00e9gu\u00e9s sociaux et les d\u00e9l\u00e9gu\u00e9es sociales: un r\u00e9seau d&rsquo;entraide syndical<\/span><\/p>\n<p>Un d\u00e9l\u00e9gu\u00e9 social et une d\u00e9l\u00e9gu\u00e9e sociale&#8230;\u00a0C&rsquo;est d&rsquo;abord un membre &hellip;<\/p>\n","protected":false},"author":1,"featured_media":0,"comment_status":"open","ping_status":"open","sticky":false,"template":"","format":"standard","meta":{"footnotes":""},"categories":[1],"tags":[],"class_list":["post-7714","post","type-post","status-publish","format-standard","hentry","category-accueil"],"_links":{"self":[{"href":"https:\/\/www.lecarrefourdesopinions.ca\/index.php?rest_route=\/wp\/v2\/posts\/7714","targetHints":{"allow":["GET"]}}],"collection":[{"href":"https:\/\/www.lecarrefourdesopinions.ca\/index.php?rest_route=\/wp\/v2\/posts"}],"about":[{"href":"https:\/\/www.lecarrefourdesopinions.ca\/index.php?rest_route=\/wp\/v2\/types\/post"}],"author":[{"embeddable":true,"href":"https:\/\/www.lecarrefourdesopinions.ca\/index.php?rest_route=\/wp\/v2\/users\/1"}],"replies":[{"embeddable":true,"href":"https:\/\/www.lecarrefourdesopinions.ca\/index.php?rest_route=%2Fwp%2Fv2%2Fcomments&post=7714"}],"version-history":[{"count":3,"href":"https:\/\/www.lecarrefourdesopinions.ca\/index.php?rest_route=\/wp\/v2\/posts\/7714\/revisions"}],"predecessor-version":[{"id":7743,"href":"https:\/\/www.lecarrefourdesopinions.ca\/index.php?rest_route=\/wp\/v2\/posts\/7714\/revisions\/7743"}],"wp:attachment":[{"href":"https:\/\/www.lecarrefourdesopinions.ca\/index.php?rest_route=%2Fwp%2Fv2%2Fmedia&parent=7714"}],"wp:term":[{"taxonomy":"category","embeddable":true,"href":"https:\/\/www.lecarrefourdesopinions.ca\/index.php?rest_route=%2Fwp%2Fv2%2Fcategories&post=7714"},{"taxonomy":"post_tag","embeddable":true,"href":"https:\/\/www.lecarrefourdesopinions.ca\/index.php?rest_route=%2Fwp%2Fv2%2Ftags&post=7714"}],"curies":[{"name":"wp","href":"https:\/\/api.w.org\/{rel}","templated":true}]}}