{"id":7706,"date":"2012-02-03T16:35:44","date_gmt":"2012-02-03T21:35:44","guid":{"rendered":"http:\/\/www.lecarrefourdesopinions.ca\/?p=7706"},"modified":"2012-02-03T16:35:44","modified_gmt":"2012-02-03T21:35:44","slug":"le-senateur-justicier-et-sa-phrase-assassine","status":"publish","type":"post","link":"https:\/\/www.lecarrefourdesopinions.ca\/?p=7706","title":{"rendered":"Le s\u00e9nateur justicier et sa phrase assassine"},"content":{"rendered":"<p><span style=\"color: #3366ff;\"><strong>Le s\u00e9nateur justicier et sa phrase assassine<\/strong><\/span><\/p>\n<p><img loading=\"lazy\" decoding=\"async\" class=\"alignleft size-thumbnail wp-image-7709\" title=\"Romain 2\" src=\"http:\/\/www.lecarrefourdesopinions.ca\/wp-content\/uploads\/2012\/02\/Romain-21-134x107.jpg\" alt=\"\" width=\"134\" height=\"107\" \/> <span style=\"color: #800000;\"><em>Par Romain Landry\u00a0\u00a0\u00a0\u00a0\u00a0\u00a0\u00a0\u00a0\u00a0\u00a0 <br \/><\/em><\/span><\/p>\n<p>Porte-voix du gouvernement f\u00e9d\u00e9ral en mati\u00e8re de justice p\u00e9nale et de s\u00e9curit\u00e9 publique, le s\u00e9nateur Pierre-Hugues Boisvenu annon\u00e7ait cette semaine une <em>r\u00e9forme <\/em>du Code criminel\u00a0: \u00ab\u00a0Chaque\u00a0assassin, disait-il, devrait avoir droit \u00e0 sa corde dans sa cellule. \u00bb<\/p>\n<p>Cette nouvelle d\u00e9claration-choc remet en question la cr\u00e9dibilit\u00e9 du s\u00e9nateur et sa l\u00e9gitimit\u00e9 de porte-parole du gouvernement en mati\u00e8re de justice. Ce qu&rsquo;il oublie, c\u2019est que le<strong> <\/strong><span style=\"color: #800000;\"><strong>droit ne peut \u00eatre revanchard. D\u2019ailleurs, l\u2019avocat Jean-Claude H\u00e9bert se demande m\u00eame si le s\u00e9nateur Boisvenu en incitant \u00e0 la violence ne devient pas lui-m\u00eame susceptible d\u2019\u00eatre poursuivi par la justice.<\/strong><\/span><\/p>\n<p>Les membres du gouvernement Harper jouent en fa\u00e7ade les embarrass\u00e9s avec des aveux comme ceux d&rsquo;hier, mais qu&rsquo;on se le dise : la fougue d&rsquo;un id\u00e9ologue tel que M. Boisvenu colle parfaitement \u00e0 ce gouvernement d\u00e9termin\u00e9 \u00e0 jouer le camp des victimes contre celui des criminels, peignant au passage le Qu\u00e9bec comme le royaume du laxisme, et le Canada comme l&rsquo;\u00c9tat vengeur id\u00e9al.<\/p>\n<p>Le s\u00e9nateur Boisvenu va encore plus loin. D\u2019un point de vue \u00e9conomique, il se plaint de la facture insens\u00e9e que le proc\u00e8s de la famille Shafia va co\u00fbter au Tr\u00e9sor public, une confession en d\u00e9saccord total avec un r\u00f4le de l\u00e9gislateur! Tant qu\u2019\u00e0 y \u00eatre, pourquoi n\u2019ajoute-t-il pas que la pauvret\u00e9, la vieillesse et les pensions posent aussi un fardeau pour le Tr\u00e9sor public?<\/p>\n<p>Nous connaissons tous l&rsquo;histoire de cet homme\u00a0qui a perdu une fille aux mains d&rsquo;un assassin, une horrible histoire suivie d&rsquo;un deuil terrible qui lui a assur\u00e9 la sympathie sinc\u00e8re de tous. Cette sympathie est inalt\u00e9rable, mais elle n&rsquo;autorise pas le s\u00e9nateur Boisvenu \u00e0 dire n&rsquo;importe quoi dans un domaine o\u00f9, visiblement, ses sentiments l&#8217;emportent sur la raison; le sujet est trop troublant pour lui, et ses r\u00e9actions explosives provoquent controverse et division.<\/p>\n<p>Il semble malheureusement que d\u00e8s qu\u2019il est devant le micro, M. Boisvenu se charge de se discr\u00e9diter lui-m\u00eame et de d\u00e9montrer \u00e0 quel point il est devenu une source d\u2019embarras pour le S\u00e9nat, pour le Parti Conservateur et, surtout, pour ces personnes m\u00eame dont il pr\u00e9tendait d\u00e9fendre les int\u00e9r\u00eats et les droits quand il a fond\u00e9 l\u2019<em>Association des familles de personnes assassin\u00e9es ou disparues<\/em> <a href=\"http:\/\/www.afpad.ca\/index.php?lang=fr\">(AFPAD)<\/a>. La loi du Talion, que l\u2019on symbolise par l\u2019expression \u00ab \u0153il pour \u0153il, dent pour dent \u00bb, repose sur la vengeance qui consiste \u00e0 faire subir \u00e0 l\u2019offenseur un dommage identique \u00e0 celui qu\u2019il a caus\u00e9. L\u2019\u00e9ducation, la pr\u00e9vention, le pardon, voire la charit\u00e9 chr\u00e9tienne, ne font pas partie des valeurs du s\u00e9nateur Boisvenu.<\/p>\n<p>\u00c0 ce chapitre, n\u2019est-il pas un digne repr\u00e9sentant des valeurs pr\u00e9conis\u00e9es par son chef? Car apr\u00e8s tout, c&rsquo;est M. Harper qui l&rsquo;a nomm\u00e9 s\u00e9nateur et qui l&rsquo;utilise syst\u00e9matiquement comme porte-parole au Qu\u00e9bec. En fait, le s\u00e9nateur Boisvenu ne dit-il pas tout haut ce que pense v\u00e9ritablement Stephen Harper? Car c\u2019est le m\u00eame chef d&rsquo;\u00c9tat qui, il\u00a0y a un an, d\u00e9clarait \u00e0 la CBC que \u00ab \u2026 dans certains cas, la peine capitale est appropri\u00e9e.\u00a0\u00bb<\/p>\n<script type=\"text\/javascript\">\n\nvar addthis_config = {\"data_track_clickback\":false,\"data_track_addressbar\":false,\"data_track_textcopy\":false};\n<\/script><script type=\"text\/javascript\" src=\"\/\/s7.addthis.com\/js\/250\/addthis_widget.js#pubid=f084fdfbcefba74c78dfad3bbc873ffd\"><\/script>","protected":false},"excerpt":{"rendered":"<p><span style=\"color: #3366ff;\">Le s\u00e9nateur justicier et sa phrase assassine<\/span><\/p>\n<p> <span style=\"color: #800000;\">Par Romain Landry\u00a0\u00a0\u00a0\u00a0\u00a0\u00a0\u00a0\u00a0\u00a0\u00a0 <\/span><\/p>\n<p>Porte-voix du gouvernement f\u00e9d\u00e9ral en mati\u00e8re de justice p\u00e9nale et de s\u00e9curit\u00e9 publique, le s\u00e9nateur Pierre-Hugues Boisvenu annon\u00e7ait cette semaine une r\u00e9forme du Code criminel\u00a0: \u00ab\u00a0&hellip;<\/p>\n","protected":false},"author":1,"featured_media":0,"comment_status":"open","ping_status":"open","sticky":false,"template":"","format":"standard","meta":{"footnotes":""},"categories":[1],"tags":[],"class_list":["post-7706","post","type-post","status-publish","format-standard","hentry","category-accueil"],"_links":{"self":[{"href":"https:\/\/www.lecarrefourdesopinions.ca\/index.php?rest_route=\/wp\/v2\/posts\/7706","targetHints":{"allow":["GET"]}}],"collection":[{"href":"https:\/\/www.lecarrefourdesopinions.ca\/index.php?rest_route=\/wp\/v2\/posts"}],"about":[{"href":"https:\/\/www.lecarrefourdesopinions.ca\/index.php?rest_route=\/wp\/v2\/types\/post"}],"author":[{"embeddable":true,"href":"https:\/\/www.lecarrefourdesopinions.ca\/index.php?rest_route=\/wp\/v2\/users\/1"}],"replies":[{"embeddable":true,"href":"https:\/\/www.lecarrefourdesopinions.ca\/index.php?rest_route=%2Fwp%2Fv2%2Fcomments&post=7706"}],"version-history":[{"count":2,"href":"https:\/\/www.lecarrefourdesopinions.ca\/index.php?rest_route=\/wp\/v2\/posts\/7706\/revisions"}],"predecessor-version":[{"id":7720,"href":"https:\/\/www.lecarrefourdesopinions.ca\/index.php?rest_route=\/wp\/v2\/posts\/7706\/revisions\/7720"}],"wp:attachment":[{"href":"https:\/\/www.lecarrefourdesopinions.ca\/index.php?rest_route=%2Fwp%2Fv2%2Fmedia&parent=7706"}],"wp:term":[{"taxonomy":"category","embeddable":true,"href":"https:\/\/www.lecarrefourdesopinions.ca\/index.php?rest_route=%2Fwp%2Fv2%2Fcategories&post=7706"},{"taxonomy":"post_tag","embeddable":true,"href":"https:\/\/www.lecarrefourdesopinions.ca\/index.php?rest_route=%2Fwp%2Fv2%2Ftags&post=7706"}],"curies":[{"name":"wp","href":"https:\/\/api.w.org\/{rel}","templated":true}]}}