{"id":7687,"date":"2012-02-08T13:58:46","date_gmt":"2012-02-08T18:58:46","guid":{"rendered":"http:\/\/www.lecarrefourdesopinions.ca\/?p=7687"},"modified":"2012-02-08T13:58:46","modified_gmt":"2012-02-08T18:58:46","slug":"noirs-du-quebec-des-modeles-pour-la-jeunesse","status":"publish","type":"post","link":"https:\/\/www.lecarrefourdesopinions.ca\/?p=7687","title":{"rendered":"NOIRS DU QU\u00c9BEC : DES MOD\u00c8LES POUR LA JEUNESSE"},"content":{"rendered":"<p><span style=\"color: #3366ff;\">NOIRS DU QU\u00c9BEC : DES MOD\u00c8LES POUR LA JEUNESSE<\/span> <br \/> <img loading=\"lazy\" decoding=\"async\" class=\"alignleft size-thumbnail wp-image-7686\" title=\"Photo Yves Alavo\" src=\"http:\/\/www.lecarrefourdesopinions.ca\/wp-content\/uploads\/2012\/02\/Photo-Yves-Alavo1-112x107.jpg\" alt=\"\" width=\"112\" height=\"107\" \/> <span style=\"color: #800000;\"><em>Par Yves Alavo<\/em><\/span> <\/p>\n<p>En pr\u00e9sentant les laur\u00e9ats de la 21e \u00e9dition du Mois de l&rsquo;histoire des Noirs, la Table ronde du Mois de l&rsquo;histoire des Noirs a voulu souligner le travail, la passion, la d\u00e9termination et l&rsquo;engagement de plusieurs personnalit\u00e9s des communaut\u00e9s noires du Qu\u00e9bec qui, chacune \u00e0 sa fa\u00e7on, contribue grandement \u00e0 la soci\u00e9t\u00e9 qu\u00e9b\u00e9coise et sert de mod\u00e8le positif \u00e0 l&rsquo;ensemble de la communaut\u00e9.<br \/>Les laur\u00e9ats choisis sont pr\u00e9sent\u00e9s dans le calendrier annuel du Mois de l&rsquo;histoire des Noirs (les calendriers sont disponibles gratuitement au bureau du Mois). Ce calendrier rend hommage \u00e0 des personnes qui se sont distingu\u00e9es d&rsquo;une mani\u00e8re particuli\u00e8re dans leur domaine d&rsquo;activit\u00e9. Cette tradition vieille de plus de 19 ans est tr\u00e8s symbolique pour Michael P. Farkas, pr\u00e9sident de la Table Ronde du Mois de l&rsquo;histoire des Noirs : \u00ab Il est important pour nous de faire rayonner des mod\u00e8les positifs et par le fait m\u00eame de d\u00e9montrer que les communaut\u00e9s noires ont un impact et un apport importants dans notre soci\u00e9t\u00e9. C&rsquo;\u00e9tait pertinent il y a 20 ans et \u00e7a l&rsquo;est encore aujourd&rsquo;hui, car nous avons toujours besoin de prendre davantage notre place. Il y a encore du chemin \u00e0 faire&#8230; \u00bb<br \/>La 21e \u00e9dition du Mois de l&rsquo;histoire des Noirs.\u00a0 Rencontrez quelques personnes :<\/p>\n<p>N\u00e9 \u00e0 Port-au-Prince, en Ha\u00efti, Wesley Louissaint (avril 2012) WESLI a \u00e9t\u00e9 gagnant du Prix Radio-Canada Musique comme R\u00e9v\u00e9lation de <img loading=\"lazy\" decoding=\"async\" class=\"alignleft size-medium wp-image-7688\" title=\"WESLI.chanteur-guitariste-compositeur-realisateur-leader\" src=\"http:\/\/www.lecarrefourdesopinions.ca\/wp-content\/uploads\/2012\/02\/WESLI.chanteur-guitariste-compositeur-realisateur-leader-300x199.jpg\" alt=\"\" width=\"300\" height=\"199\" srcset=\"https:\/\/www.lecarrefourdesopinions.ca\/wp-content\/uploads\/2012\/02\/WESLI.chanteur-guitariste-compositeur-realisateur-leader-300x199.jpg 300w, https:\/\/www.lecarrefourdesopinions.ca\/wp-content\/uploads\/2012\/02\/WESLI.chanteur-guitariste-compositeur-realisateur-leader-400x265.jpg 400w, https:\/\/www.lecarrefourdesopinions.ca\/wp-content\/uploads\/2012\/02\/WESLI.chanteur-guitariste-compositeur-realisateur-leader.jpg 435w\" sizes=\"auto, (max-width: 300px) 100vw, 300px\" \/>l&rsquo;ann\u00e9e 2009-2010 et nomm\u00e9 pour le Prix de musique folk canadienne pour l&rsquo;album de musique du monde de l&rsquo;ann\u00e9e (solo). Wesli, artiste engag\u00e9 qui fait rayonner la musique du monde, a lanc\u00e9 fin 2011 son deuxi\u00e8me album, Libert\u00e9 dans le noir, lequel compte des invit\u00e9s prestigieux comme Mes A\u00efeux, Tiken Jah Fakoly, Radio Radio et Paul Cargnello. \u00a0<br \/>Notre coll\u00e8gue A. Brunet de La Presse, analyse parcours et d\u00e9marche artistique de Wesli : Apr\u00e8s avoir fait dans le rara et la musique troubadour, c&rsquo;est \u00e0 Montr\u00e9al que Wesley est vraiment devenu Wesli, c&rsquo;est-\u00e0-dire qu&rsquo;il y a construit son identit\u00e9 musicale: m\u00e9lange contagieux et exigeant de musiques ha\u00eftiennes, reggae, ska, afrobeat, funk, soul, hip hop, rock et m\u00eame rigodon!\u00a0 \u00c0 Montr\u00e9al comme partout dans l&rsquo;univers du global sound, Wesli est le seul \u00e0 avoir r\u00e9ussi telle mixtion.\u00a0 En t\u00e9moignent l&rsquo;album Kouraj et ce tout r\u00e9cent Libert\u00e9 dans le noir, deuxi\u00e8me album que Wesli esp\u00e8re \u00eatre le vrai d\u00e9clencheur.<br \/>Assis sur une inspiration n\u00e9gro-africaine, il int\u00e8gre, rythmes, sons et fantaisies de la diaspora culturelle.\u00a0 Guitariste brillant, il s\u2019est entour\u00e9 de complices, dont une section de cuivre sans pareille.\u00a0 Alain Brunet \u00e9crivait r\u00e9cemment : D&rsquo;aucuns estiment que ce Montr\u00e9alais n\u00e9 en Ha\u00efti, chanteur, guitariste, compositeur, r\u00e9alisateur, leader d&rsquo;orchestre, de surcro\u00eet b\u00eate de sc\u00e8ne, a tout pour exploser sur les sc\u00e8nes du monde. R\u00e9v\u00e9lation de la Soci\u00e9t\u00e9 Radio-Canada en 2008, premier prix au festival Babel Med Music \u00e0 Marseille (2010), Wesli vient de lancer son deuxi\u00e8me album&#8230; et n&rsquo;a pas le soutien qu&rsquo;il m\u00e9rite.<\/p>\n<p>Professionnel dipl\u00f4m\u00e9 en sciences politiques, Henry Ngaka (Septembre 2012) poss\u00e8de une vaste exp\u00e9rience m\u00e9diatique et une culture internationale pouss\u00e9e qui a fait sa renomm\u00e9e dans le paysage m\u00e9diatique qu\u00e9b\u00e9cois. Apr\u00e8s deux ann\u00e9es \u00e0 la barre de l&rsquo;\u00e9mission Afrique noire au Qu\u00e9bec, pr\u00e9sent\u00e9e \u00e0 la t\u00e9l\u00e9vision ethnique du Qu\u00e9bec depuis 1993, Henry Ngaka produit sa propre \u00e9mission en 1995, qu&rsquo;il <img loading=\"lazy\" decoding=\"async\" class=\"alignright size-full wp-image-7700\" title=\"Henri Ngaka\" src=\"http:\/\/www.lecarrefourdesopinions.ca\/wp-content\/uploads\/2012\/02\/Henri-Ngaka.jpg\" alt=\"\" width=\"200\" height=\"165\" \/>nomme Paysage \u2013 AFRO MONDE.\u00a0 Il est certain, qu\u2019avec son exp\u00e9rience, ses r\u00e9alisations, aurait-il \u00e9t\u00e9 dans les cercles d\u2019influence du r\u00e9seau des m\u00e9dias, qu\u2019il serait chef d\u2019antenne quelque part.\u00a0 L\u00e0, encore avec assurance, il est \u00e9vident que la comp\u00e9tence n\u2019est pas le facteur essentiel du d\u00e9veloppement professionnel normal dans notre soci\u00e9t\u00e9 qui carbure encore \u00e0 la discrimination active.<\/p>\n<p>N\u00e9e en Ha\u00efti, Marjorie Th\u00e9odore (octobre 2012) a grandi au B\u00e9nin, au Congo et au Gabon avant de finalement aboutir au Qu\u00e9bec, o\u00f9 elle <img loading=\"lazy\" decoding=\"async\" class=\"alignleft size-full wp-image-7689\" title=\"Marjorie Th\u00e9odore\" src=\"http:\/\/www.lecarrefourdesopinions.ca\/wp-content\/uploads\/2012\/02\/Marjorie-Th\u00e9odore.jpg\" alt=\"\" width=\"200\" height=\"165\" \/>a termin\u00e9 ses \u00e9tudes. Depuis 11 ans, Marjorie Th\u00e9odore est pr\u00e9sidente-directrice g\u00e9n\u00e9rale de Vues &amp; Voix et est initiatrice du Colloque international du mill\u00e9naire \u00ab \u00c9v\u00e8nement Millenium Event \u00bb (CIME 2010). Elle est aujourd&rsquo;hui repr\u00e9sentante officielle de l&rsquo;ONG PLAC 21, \u00e0 New York, au si\u00e8ge de l&rsquo;Organisation des Nations Unies et charg\u00e9e, \u00e0 ce titre, de la gestion de son p\u00f4le Culture, innovation, soci\u00e9t\u00e9 de l&rsquo;information, de la connaissance et du savoir.<\/p>\n<p>N\u2019importe quelle femme de la majorit\u00e9 ayant son profil serait membre de nos CA ou alors assise \u00e0 la table o\u00f9 se prennent\u00a0 les d\u00e9cisions, dans un cabinet politique ou au sein de l\u2019\u00e9quipe dirigeante d\u2019une de nos grande institutions.\u00a0 Comment expliquer, autrement que par une certaine forme active d\u2019exclusion, cette situation qui fait qu\u2019elle soit oblig\u00e9e de s\u2019expatrier pour profiter de ses efforts et avoir un poste \u00e0 sa mesure!<\/p>\n<p>N\u00e9 au Togo en 1975, Edem Awumey (Novembre 2012) a pass\u00e9 quelques ann\u00e9es en France, o\u00f9 il a publi\u00e9 son premier roman, Port-M\u00e9lo (Gallimard, 2006; Grand Prix litt\u00e9raire de l&rsquo;Afrique noire). En 2007, il s&rsquo;est install\u00e9 sur les bords de la Gatineau, \u00e0 la fronti\u00e8re du Qu\u00e9bec <img loading=\"lazy\" decoding=\"async\" class=\"alignleft size-medium wp-image-7690\" title=\"Edem Awumey, \u00e9crivain\" src=\"http:\/\/www.lecarrefourdesopinions.ca\/wp-content\/uploads\/2012\/02\/Edem-Awumey-\u00e9crivain-300x154.jpg\" alt=\"\" width=\"300\" height=\"154\" srcset=\"https:\/\/www.lecarrefourdesopinions.ca\/wp-content\/uploads\/2012\/02\/Edem-Awumey-\u00e9crivain-300x154.jpg 300w, https:\/\/www.lecarrefourdesopinions.ca\/wp-content\/uploads\/2012\/02\/Edem-Awumey-\u00e9crivain-400x205.jpg 400w, https:\/\/www.lecarrefourdesopinions.ca\/wp-content\/uploads\/2012\/02\/Edem-Awumey-\u00e9crivain.jpg 448w\" sizes=\"auto, (max-width: 300px) 100vw, 300px\" \/>et du Canada anglais. Il y poursuit ses activit\u00e9s d&rsquo;auteur et de chercheur sur les th\u00e8mes de l&rsquo;exil et des ph\u00e9nom\u00e8nes de transferts culturels. En 2009, son deuxi\u00e8me roman, Les pieds sales (Bor\u00e9al, Seuil), \u00e9tait finaliste au Prix Goncourt.\u00a0 Il vient de lancer son nouveau roman Rose d\u00e9luge, en 2011.<\/p>\n<p>Militza Jean (d\u00e9cembre 2012) est originaire d&rsquo;Ha\u00efti. Premi\u00e8re Noire chef au NCSM Qu\u00e9bec, elle remporte tous les honneurs reli\u00e9s \u00e0 son poste. Au fil des ans, elle agit \u00e9galement en tant que r\u00e9dactrice en chef du journal communautaire ha\u00eftien Linou, fonde une chorale de mamans et d&rsquo;enfants, aide \u00e0 la cr\u00e9ation d&rsquo;un Bureau <img loading=\"lazy\" decoding=\"async\" class=\"alignleft size-full wp-image-7691\" title=\"Militza Jean\" src=\"http:\/\/www.lecarrefourdesopinions.ca\/wp-content\/uploads\/2012\/02\/Militza-Jean.jpg\" alt=\"\" width=\"200\" height=\"165\" \/>coordonnateur \u00e0 Montr\u00e9al et pr\u00e9side plusieurs conseils d&rsquo;administration. Elle est directrice des communications du mouvement Femmes en action pour Ha\u00efti (FAH) et travaille sur Vwazinaj, un projet \u00e0 l&rsquo;\u00e9tude qu&rsquo;elle a valid\u00e9 des suites de son voyage humanitaire en Ha\u00efti apr\u00e8s le s\u00e9isme.<\/p>\n<p>Cheveux naturels, avec beaucoup d\u2019humour, deux artistes, BerekYah et Xav Ier ont lanc\u00e9 le mouvement en tournant un documentaire, dans lequel ils ont interrog\u00e9 divers artistes qui ont os\u00e9 le port de leurs cheveux cr\u00e9pus. On sait que le mois de f\u00e9vrier est aussi le Mois de l&rsquo;histoire des Noirs au Qu\u00e9bec.\u00a0 Vivre avec ses cheveux naturels, c&rsquo;est un geste qui devrait aller de soi, mais qui est pourtant presque r\u00e9volutionnaire: laisser ses cheveux naturels pour une femme noire, sans d\u00e9frisant ni perruque, est encore aujourd&rsquo;hui, ici au Qu\u00e9bec, une raret\u00e9. Au point que ces deux artistes de Montr\u00e9al ont d\u00e9cid\u00e9 de faire de f\u00e9vrier le \u00abmois de frovrier\u00bb, d\u00e9di\u00e9 au port des cheveux naturels, en simple afro ou sous forme de dreadlocks. <\/p>\n<p>Toute la documentation :\u00a0<span style=\"color: #3366ff;\"> http:\/\/www.moishistoiredesnoirs.com\/index.php\/fr\/<\/span><\/p>\n<script type=\"text\/javascript\">\n\nvar addthis_config = {\"data_track_clickback\":false,\"data_track_addressbar\":false,\"data_track_textcopy\":false};\n<\/script><script type=\"text\/javascript\" src=\"\/\/s7.addthis.com\/js\/250\/addthis_widget.js#pubid=f084fdfbcefba74c78dfad3bbc873ffd\"><\/script>","protected":false},"excerpt":{"rendered":"<p><span style=\"color: #3366ff;\">NOIRS DU QU\u00c9BEC : DES MOD\u00c8LES POUR LA JEUNESSE<\/span>   <span style=\"color: #800000;\">Par Yves Alavo<\/span> <\/p>\n<p>En pr\u00e9sentant les laur\u00e9ats de la 21e \u00e9dition du Mois de l&rsquo;histoire des Noirs, la Table ronde du Mois de l&rsquo;histoire des Noirs a voulu &hellip;<\/p>\n","protected":false},"author":1,"featured_media":0,"comment_status":"open","ping_status":"open","sticky":false,"template":"","format":"standard","meta":{"footnotes":""},"categories":[1],"tags":[],"class_list":["post-7687","post","type-post","status-publish","format-standard","hentry","category-accueil"],"_links":{"self":[{"href":"https:\/\/www.lecarrefourdesopinions.ca\/index.php?rest_route=\/wp\/v2\/posts\/7687","targetHints":{"allow":["GET"]}}],"collection":[{"href":"https:\/\/www.lecarrefourdesopinions.ca\/index.php?rest_route=\/wp\/v2\/posts"}],"about":[{"href":"https:\/\/www.lecarrefourdesopinions.ca\/index.php?rest_route=\/wp\/v2\/types\/post"}],"author":[{"embeddable":true,"href":"https:\/\/www.lecarrefourdesopinions.ca\/index.php?rest_route=\/wp\/v2\/users\/1"}],"replies":[{"embeddable":true,"href":"https:\/\/www.lecarrefourdesopinions.ca\/index.php?rest_route=%2Fwp%2Fv2%2Fcomments&post=7687"}],"version-history":[{"count":4,"href":"https:\/\/www.lecarrefourdesopinions.ca\/index.php?rest_route=\/wp\/v2\/posts\/7687\/revisions"}],"predecessor-version":[{"id":7742,"href":"https:\/\/www.lecarrefourdesopinions.ca\/index.php?rest_route=\/wp\/v2\/posts\/7687\/revisions\/7742"}],"wp:attachment":[{"href":"https:\/\/www.lecarrefourdesopinions.ca\/index.php?rest_route=%2Fwp%2Fv2%2Fmedia&parent=7687"}],"wp:term":[{"taxonomy":"category","embeddable":true,"href":"https:\/\/www.lecarrefourdesopinions.ca\/index.php?rest_route=%2Fwp%2Fv2%2Fcategories&post=7687"},{"taxonomy":"post_tag","embeddable":true,"href":"https:\/\/www.lecarrefourdesopinions.ca\/index.php?rest_route=%2Fwp%2Fv2%2Ftags&post=7687"}],"curies":[{"name":"wp","href":"https:\/\/api.w.org\/{rel}","templated":true}]}}