{"id":7680,"date":"2012-02-15T13:55:44","date_gmt":"2012-02-15T18:55:44","guid":{"rendered":"http:\/\/www.lecarrefourdesopinions.ca\/?p=7680"},"modified":"2012-02-15T13:55:44","modified_gmt":"2012-02-15T18:55:44","slug":"nuits-d%e2%80%99afrique-des-rythmes-d%e2%80%99hier-a-aujourd%e2%80%99hui","status":"publish","type":"post","link":"https:\/\/www.lecarrefourdesopinions.ca\/?p=7680","title":{"rendered":"Nuits d\u2019Afrique&#8230;des rythmes d\u2019hier \u00e0 aujourd\u2019hui"},"content":{"rendered":"<p><span style=\"color: #3366ff;\">Nuits d\u2019Afrique&#8230;des rythmes d\u2019hier \u00e0 aujourd\u2019hui<\/span><br \/> <img loading=\"lazy\" decoding=\"async\" class=\"alignleft size-thumbnail wp-image-7679\" title=\"Photo Yves Alavo\" src=\"http:\/\/www.lecarrefourdesopinions.ca\/wp-content\/uploads\/2012\/02\/Photo-Yves-Alavo-112x107.jpg\" alt=\"\" width=\"112\" height=\"107\" \/> <span style=\"color: #800000;\"><em>Par Yves Alavo<\/em><\/span> <\/p>\n<p>Suite \u00e0 l\u2019invitation de la Banque TD de joindre la programmation de la 21e \u00e9dition du Mois de l\u2019histoire des Noirs, les Productions Nuits d\u2019Afrique lancent, du 2 au 10 f\u00e9vrier prochain, Nuits d\u2019Afrique\u2026aux rythmes d\u2019hier \u00e0 aujourd\u2019hui. <\/p>\n<p>Six concerts th\u00e9matiques qui rassembleront non seulement les plus grands talents des musiques du monde mais en feront voir une \u00e9volution riche et parfois surprenante ! C\u00e9l\u00e9brant une culture qui a marqu\u00e9 la grande histoire de la musique, des concerts qui relatent chacun \u00e0 leur mani\u00e8re les origines et le parcours de la musique et des rythmes de toutes les Afriques, mais aussi des soir\u00e9es inspir\u00e9es qui ouvrent l\u2019horizon vers l\u2019actuelle mouvance et l\u2019avenir qui s\u2019en dessine.<\/p>\n<p>\u00ab Nous collaborons avec des organismes ax\u00e9s sur les arts et la culture dans la r\u00e9gion de Montr\u00e9al afin d\u2019organiser la s\u00e9rie D\u2019hier \u00e0 aujourd\u2019hui, un \u00e9v\u00e9nement qui permet \u00e0 de nombreux membres de la communaut\u00e9 noire de faire briller leur talent. \u00bb<br \/>&#8211; Cl\u00e9ment Ndiaye, TD Canada Trust<\/p>\n<p>Le coup d\u2019envoi de la s\u00e9rie Nuits d\u2019Afrique\u2026aux rythmes d\u2019hier \u00e0 aujourd\u2019hui sera donn\u00e9 le jeudi 2 f\u00e9vrier au Cabaret du Mile End, \u00e0 <img loading=\"lazy\" decoding=\"async\" class=\"alignleft size-medium wp-image-7681\" title=\"Meklit Hadero, musicienne moderne et africaine\" src=\"http:\/\/www.lecarrefourdesopinions.ca\/wp-content\/uploads\/2012\/02\/Meklit-Hadero-musicienne-moderne-et-africaine-300x199.jpg\" alt=\"\" width=\"300\" height=\"199\" srcset=\"https:\/\/www.lecarrefourdesopinions.ca\/wp-content\/uploads\/2012\/02\/Meklit-Hadero-musicienne-moderne-et-africaine-300x199.jpg 300w, https:\/\/www.lecarrefourdesopinions.ca\/wp-content\/uploads\/2012\/02\/Meklit-Hadero-musicienne-moderne-et-africaine-400x266.jpg 400w, https:\/\/www.lecarrefourdesopinions.ca\/wp-content\/uploads\/2012\/02\/Meklit-Hadero-musicienne-moderne-et-africaine.jpg 449w\" sizes=\"auto, (max-width: 300px) 100vw, 300px\" \/>l\u2019occasion du concert tr\u00e8s attendu de Meklit Hadero, r\u00e9v\u00e9l\u00e9e l\u2019\u00e9t\u00e9 dernier lors du Festival International Nuits d\u2019Afrique. Le choix de l\u2019artiste n\u2019a pas \u00e9t\u00e9 laiss\u00e9 au hasard\u2026 Originaire d\u2019\u00c9thiopie, v\u00e9ritable berceau de la civilisation, l\u2019auteure-compositrice-interpr\u00e8te dont le parcours artistique laisse transpara\u00eetre des influences jazz, soul, hip hop et rock, incarne \u00e0 elle seule la th\u00e9matique rassembleuse de l\u2019\u00e9v\u00e9nement. Un concert-c\u00e9l\u00e9bration par lequel la boh\u00e8me nous fera voyager aux confins de ses racines, laissant entendre une po\u00e9sie tant\u00f4t sombre, tant\u00f4t lumineuse, mais toujours engag\u00e9e, \u00e0 laquelle s\u2019ajoute l\u2019influence \u00e9vidente de sa terre d\u2019accueil am\u00e9ricaine, donnant lieu \u00e0 une musique unique o\u00f9 se c\u00f4toient les multiples facettes de son identit\u00e9.<\/p>\n<p>En guise de c\u00e9l\u00e9bration les concerts des 5, 7, 8 et 9 f\u00e9vrier seront pr\u00e9sent\u00e9s gratuitement au Club Balattou. <\/p>\n<p>Le dimanche 5 f\u00e9vrier sera l\u2019h\u00f4te de la soir\u00e9e De la rumba congolaise au soukouss. Un amalgame \u00e0 la fois traditionnel et moderne que Blaise la Bamba et ses musiciens ma\u00eetrisent \u00e0 la perfection. Huit musiciens flanqu\u00e9s de deux danseurs feront vibrer la sc\u00e8ne ! Une soir\u00e9e qui s\u2019annonce festive et rassembleuse !<\/p>\n<p>Mardi 7 f\u00e9vrier, Zal Sissokho pr\u00e9sentera la soir\u00e9e Du griot au slam, issu de son album Partage ! qu\u2019il n\u2019aura fait para\u00eetre qu\u2019une semaine plus t\u00f4t (lundi 30 janvier 2012). L\u2019occasion pour le griot s\u00e9n\u00e9galais de faire d\u00e9couvrir sa musique d\u2019une fa\u00e7on diff\u00e9rente, accompagn\u00e9 d\u2019un invit\u00e9 tr\u00e8s sp\u00e9cial, le slameur et \u00e9crivain ivoirien Fabrice Koffy. Entre parole et chant, le spectacle retracera avec humanisme l\u2019histoire d\u2019une tradition orale vieille de milliers d\u2019ann\u00e9es. Une occasion en or pour le public de d\u00e9couvrir les richesses d\u2019un pan de l\u2019histoire, puisant ses racines dans l\u2019art ancestral du griot de l\u2019Afrique occidentale, pour aboutir ici et ailleurs, mais toujours en mots, sous la forme contemporaine et actuelle du slam. Une soir\u00e9e qui saura donner sens \u00e0 l\u2019\u00e9v\u00e9nement Nuits d\u2019Afrique\u2026aux rythmes d\u2019hier \u00e0 aujourd\u2019hui.<\/p>\n<p>Mercredi 8 f\u00e9vrier Et puisque le S\u00e9n\u00e9gal est un diamant aux multiples facettes, on s\u2019y attarde jusqu\u2019au lendemain, rejoignant les c\u00f4tes de <img loading=\"lazy\" decoding=\"async\" class=\"alignleft size-medium wp-image-7682\" title=\"Lancement du 2e CD\" src=\"http:\/\/www.lecarrefourdesopinions.ca\/wp-content\/uploads\/2012\/02\/Lancement-du-2e-CD-300x260.jpg\" alt=\"\" width=\"300\" height=\"260\" srcset=\"https:\/\/www.lecarrefourdesopinions.ca\/wp-content\/uploads\/2012\/02\/Lancement-du-2e-CD-300x260.jpg 300w, https:\/\/www.lecarrefourdesopinions.ca\/wp-content\/uploads\/2012\/02\/Lancement-du-2e-CD-400x347.jpg 400w, https:\/\/www.lecarrefourdesopinions.ca\/wp-content\/uploads\/2012\/02\/Lancement-du-2e-CD.jpg 673w\" sizes=\"auto, (max-width: 300px) 100vw, 300px\" \/>l\u2019\u00eele de Gor\u00e9e, lieu symbole de la m\u00e9moire de la traite des esclaves. Aujourd\u2019hui, toujours empreinte du pass\u00e9 de son peuple, une nouvelle g\u00e9n\u00e9ration de musiciens s\u00e9n\u00e9galais engag\u00e9s se fait conna\u00eetre par un discours novateur. La soir\u00e9e du mercredi 8 f\u00e9vrier, L\u2019\u00eele de Gor\u00e9e, des rythmes du S\u00e9n\u00e9gal \u00e0 la Martinique, fera donc place \u00e0 l\u2019African feeling sound d\u2019Oumar N\u2019Diaye Xosluman qui sera rejoint sur sc\u00e8ne par les Martiniquais de Madin\u2019Free-K, des artistes de calibre international. La soir\u00e9e sera plac\u00e9e sous le signe d\u2019un v\u00e9cu et d\u2019une histoire partag\u00e9s qui s\u2019exprimeront \u00e0 travers les rythmes s\u00e9r\u00e8res et wolof du S\u00e9n\u00e9gal et Biguine et GwoKa de la Martinique.<\/p>\n<p>Le jeudi 9 f\u00e9vrier, Aboulaye Kon\u00e9 et Bolokan : Musique mandingue de l\u2019acoustique \u00e0 l\u2019\u00e9lectrique\u2026 Un soup\u00e7on de percussions pour r\u00e9veiller les anc\u00eatres, juste ce qu\u2019il faut d\u2019\u00e9lectrique pour chatouiller l\u2019Afrique moderne et un peu d\u2019acoustique pour retrouver la douceur des palabres sous le Baobab. Fils de griot, l\u2019artiste polyvalent a grandi au Burkina Faso et am\u00e8ne en sol qu\u00e9b\u00e9cois son h\u00e9ritage et ses compositions.<\/p>\n<p>Vendredi 10 f\u00e9vrier 2012. Apr\u00e8s un succ\u00e8s l\u2019\u00e9t\u00e9 dernier lors du Festival International Nuits d\u2019Afrique, l\u2019innovatrice s\u00e9rie Nuits d\u2019Afrique Sound System en collaboration avec Masala Sono s\u2019installe dans le paysage des rendez-vous incontournables de la World 2.0 \u00e0 Montr\u00e9al, \u00e0 la Soci\u00e9t\u00e9 des arts technologiques SAT.<\/p>\n<p>Une soir\u00e9e \u00e9tamp\u00e9e \u00e9lectro qui rassemblera des disques-jockeys de renomm\u00e9e internationale, mettant de l\u2019avant les derni\u00e8res tendances en musique du monde d\u2019ascendance africaine \u00e0 l\u2019\u00e8re du num\u00e9rique. Le regard point\u00e9 vers l\u2019avenir, ce spectacle de cl\u00f4ture pr\u00e9sentera le vendredi 10 f\u00e9vrier \u00e0 la Soci\u00e9t\u00e9 des arts technologiques de Montr\u00e9al (S.A.T.) des artistes qui incarnent plus que jamais les tendances actuelles de la musique africaine ! Masala Djs ouvriront le bal, nous introduisant \u00e0 l\u2019univers World 2.0 ; originaire du Congo, Ng\u00e2bo racontera en rythmes, en textures et en mots son pays d\u2019origine si bien que son appartenance \u00e0 l\u2019Am\u00e9rique. <\/p>\n<p>En fran\u00e7ais, en anglais, parfois en swahili et avec un naturel \u00e9l\u00e9gant et terriblement pop, la musique d\u2019Ng\u00e2bo est envo\u00fbtante, percutante <img loading=\"lazy\" decoding=\"async\" class=\"alignleft size-medium wp-image-7684\" title=\"La Kora mordernis\u00e9e avec des Clefs\" src=\"http:\/\/www.lecarrefourdesopinions.ca\/wp-content\/uploads\/2012\/02\/La-Kora-mordernis\u00e9e-avec-des-Clefs-300x200.jpg\" alt=\"\" width=\"300\" height=\"200\" srcset=\"https:\/\/www.lecarrefourdesopinions.ca\/wp-content\/uploads\/2012\/02\/La-Kora-mordernis\u00e9e-avec-des-Clefs-300x200.jpg 300w, https:\/\/www.lecarrefourdesopinions.ca\/wp-content\/uploads\/2012\/02\/La-Kora-mordernis\u00e9e-avec-des-Clefs-1024x682.jpg 1024w, https:\/\/www.lecarrefourdesopinions.ca\/wp-content\/uploads\/2012\/02\/La-Kora-mordernis\u00e9e-avec-des-Clefs-400x266.jpg 400w\" sizes=\"auto, (max-width: 300px) 100vw, 300px\" \/>et r\u00e9solument contemporaine. Mr Ok, figure connue du hip hop ha\u00eftien de Port-au-Prince m\u00eale Rap Cr\u00e9ole, Kompa, Rara et lourde basse \u00e9lectronique. Citoyen du monde, bas\u00e9 \u00e0 New York City, Chief Boima, v\u00e9ritable figure de proue de la World 2.0 inondera la soir\u00e9e de ses mix de coup\u00e9 d\u00e9cal\u00e9, Cumbia, Kudoro et Champeta ! Puis, le Vj J\u00e9r\u00f4me Delapierre cr\u00e9era une ambiance visuelle unique qui ponctuera les performances live. C\u2019est bien plus qu\u2019il n\u2019en faut pour faire groover des centaines de personnes lors de cette soir\u00e9e \u00e9lectronique de haut niveau, et exceptionnellement gratuite <\/p>\n<p><span style=\"color: #800000;\">Meklit Hadero, le jeudi 2 f\u00e9vrier 2012<br \/>Cabaret du Mile End<br \/>5240 , ave. du Parc<br \/>Heure : 20h30<br \/>Entr\u00e9e: 27,00 $<\/span><\/p>\n<p><strong>BILLETS EN VENTE MAINTENANT<\/strong><br \/><span style=\"color: #800000;\">Cabaret du Mile End \u2013 T\u00e9l : 514-563-1395<br \/>R\u00e9seau Admission\u00a0 &#8211; T\u00e9l : 514-790-1245<br \/>www.admission.com<br \/><\/span> <br \/><span style=\"color: #800000;\">Concerts les 5, 7, 8 et 9 f\u00e9vrier 2012<br \/>Club Balattou<br \/>4372, boul. Saint-Laurent<br \/>T\u00e9l : 514-845-5447<br \/>Heure : 21h<\/span><br \/><strong>ENTR\u00c9E LIBRE<\/strong><\/p>\n<p>N<span style=\"color: #800000;\">uits d\u2019Afrique Sound System, le vendredi 10 f\u00e9vrier<br \/>Soci\u00e9t\u00e9 des Arts Technologiques de Montr\u00e9al (S.A.T)<br \/>1201, boul. Saint-Laurent<br \/>T\u00e9l : 514-844-2033<br \/>Heure : 21h<\/span><br \/>ENTR\u00c9E LIBRE<\/p>\n<p>Information : www.festivalnuitsdafrique.com<\/p>\n<script type=\"text\/javascript\">\n\nvar addthis_config = {\"data_track_clickback\":false,\"data_track_addressbar\":false,\"data_track_textcopy\":false};\n<\/script><script type=\"text\/javascript\" src=\"\/\/s7.addthis.com\/js\/250\/addthis_widget.js#pubid=f084fdfbcefba74c78dfad3bbc873ffd\"><\/script>","protected":false},"excerpt":{"rendered":"<p><span style=\"color: #3366ff;\">Nuits d\u2019Afrique&#8230;des rythmes d\u2019hier \u00e0 aujourd\u2019hui<\/span>  <span style=\"color: #800000;\">Par Yves Alavo<\/span> <\/p>\n<p>Suite \u00e0 l\u2019invitation de la Banque TD de joindre la programmation de la 21e \u00e9dition du Mois de l\u2019histoire des Noirs, les Productions Nuits d\u2019Afrique lancent, du 2 &hellip;<\/p>\n","protected":false},"author":1,"featured_media":0,"comment_status":"open","ping_status":"open","sticky":false,"template":"","format":"standard","meta":{"footnotes":""},"categories":[1],"tags":[],"class_list":["post-7680","post","type-post","status-publish","format-standard","hentry","category-accueil"],"_links":{"self":[{"href":"https:\/\/www.lecarrefourdesopinions.ca\/index.php?rest_route=\/wp\/v2\/posts\/7680","targetHints":{"allow":["GET"]}}],"collection":[{"href":"https:\/\/www.lecarrefourdesopinions.ca\/index.php?rest_route=\/wp\/v2\/posts"}],"about":[{"href":"https:\/\/www.lecarrefourdesopinions.ca\/index.php?rest_route=\/wp\/v2\/types\/post"}],"author":[{"embeddable":true,"href":"https:\/\/www.lecarrefourdesopinions.ca\/index.php?rest_route=\/wp\/v2\/users\/1"}],"replies":[{"embeddable":true,"href":"https:\/\/www.lecarrefourdesopinions.ca\/index.php?rest_route=%2Fwp%2Fv2%2Fcomments&post=7680"}],"version-history":[{"count":2,"href":"https:\/\/www.lecarrefourdesopinions.ca\/index.php?rest_route=\/wp\/v2\/posts\/7680\/revisions"}],"predecessor-version":[{"id":7802,"href":"https:\/\/www.lecarrefourdesopinions.ca\/index.php?rest_route=\/wp\/v2\/posts\/7680\/revisions\/7802"}],"wp:attachment":[{"href":"https:\/\/www.lecarrefourdesopinions.ca\/index.php?rest_route=%2Fwp%2Fv2%2Fmedia&parent=7680"}],"wp:term":[{"taxonomy":"category","embeddable":true,"href":"https:\/\/www.lecarrefourdesopinions.ca\/index.php?rest_route=%2Fwp%2Fv2%2Fcategories&post=7680"},{"taxonomy":"post_tag","embeddable":true,"href":"https:\/\/www.lecarrefourdesopinions.ca\/index.php?rest_route=%2Fwp%2Fv2%2Ftags&post=7680"}],"curies":[{"name":"wp","href":"https:\/\/api.w.org\/{rel}","templated":true}]}}