{"id":7668,"date":"2014-09-14T07:31:19","date_gmt":"2014-09-14T11:31:19","guid":{"rendered":"http:\/\/www.lecarrefourdesopinions.ca\/?p=7668"},"modified":"2014-09-14T07:31:19","modified_gmt":"2014-09-14T11:31:19","slug":"nous-confessons-nous-nos-rhynchotes","status":"publish","type":"post","link":"https:\/\/www.lecarrefourdesopinions.ca\/?p=7668","title":{"rendered":"Nous confessons-nous\u2026 nos rhynchotes"},"content":{"rendered":"<p><span style=\"color: #3366ff;\">Nous confessons-nous\u2026 nos rhynchotes<\/span>.<br \/> <img loading=\"lazy\" decoding=\"async\" class=\"alignleft size-thumbnail wp-image-7669\" title=\"Photo Eric Nogard 4\" src=\"http:\/\/www.lecarrefourdesopinions.ca\/wp-content\/uploads\/2012\/01\/Photo-Eric-Nogard-411-134x107.jpg\" alt=\"\" width=\"134\" height=\"107\" \/> <span style=\"color: #800000;\"><em>Par \u00c9ric E.G. NOGARD<\/em><\/span> <\/p>\n<p>Les rhynchotes ne sont-ils pas ce qu\u2019ils sont, des insectes col\u00e9opt\u00e8res \u00e0 la fois piqueurs et suceurs tels la punaise, qu\u2019elle soit des bois, qu\u2019elle soit des lits, la tique, la puce, les rhynchites comme le charan\u00e7on si bien connu de nos bananiers etc.<\/p>\n<p>Sans \u00eatre des rhynchotes, certains insectes ne piquent-ils pas, ne sucent-ils pas, comme certaines mouches (dont la Ts\u00e9-ts\u00e9) , les moustiques et tant d\u2019autres.<\/p>\n<p>M\u00eame l\u2019esp\u00e8ce humaine doit compter ses rhynchotes, gens qui piquent et qui sucent, au point qu\u2019on dise \u2013 et ce n\u2019est pas d\u2019aujourd\u2019hui \u2013 on m\u2019a piqu\u00e9 mes billes, on m\u2019a suc\u00e9 jusqu\u2019\u00e0 l\u2019os, Untel est pire que DRACULA, cet homme-vampire.<\/p>\n<p>La \u00ab cour des miracles \u00bb n\u2019\u00e9tait-elle pas le royaume des pickpockets, des piqueurs et suceurs \u00e0 la tire.<\/p>\n<p>D\u00e8s lors, qui dit rhynchotes peut bien le dire, tant bien au propre qu\u2019au figur\u00e9, parlant ainsi de tout piqueur-suceur de sang, de s\u00e8ve, ou de quoi que ce soit d\u2019autre, aux d\u00e9pens de sa victime, selon qu\u2019elle s\u2019y pr\u00eate ou pas.<\/p>\n<p>Notre propos se limitera aujourd\u2019hui aux rhynchotes des revenus, aux rhynchotes salairophages si l\u2019on pr\u00e9f\u00e8re. <\/p>\n<p>N\u2019y sommes-nous pas amen\u00e9s \u00e0 seule fin d\u2019\u00e9tayer tant soit peu, notre Offre de Projet de Soci\u00e9t\u00e9, \u00e0 travers la Chronique r\u00e9f\u00e9rence NL2012\/392 intitul\u00e9e : \u00ab O\u00efez ! Pr\u00e9sidentiables \u00e0 la R\u00e9publique. \u00bb Transmise le 25 Janvier 2012.<\/p>\n<p>Une chronique tendant \u00e0 sensibiliser notre prochain en ce qui suit :<\/p>\n<p>&#8211;\u00a0\u00a0 \u00a0Alors qu\u2019elle se prend pour une Famille Exemplaire au regard de ce Dernier Diner offert par J\u00e9sus \u00e0 ses Ap\u00f4tres, ce dernier diner si somptueusement c\u00e9l\u00e9br\u00e9 et immortalis\u00e9 dans sa fresque \u00ab La C\u00e8ne \u00bb, par L\u00e9onard de Vinci.<\/p>\n<p>Notre Soci\u00e9t\u00e9 r\u00e9put\u00e9e hautement civilis\u00e9e et Exemplairement Humanitaire, n\u2019aurait-elle pas beaucoup \u00e0 envier, m\u00eame aux chacals, aux hy\u00e8nes et autres b\u00eates dites sauvages quand chacun sait fort bien qu\u2019Aucun des membres de ces familles n\u2019est laiss\u00e9 sans sa juste part.<\/p>\n<p>&#8211;\u00a0\u00a0 \u00a0Alors que le Droit de Gr\u00e8ve que nous prenons pour Sacr\u00e9 devrait profiter \u00e0 tous, il n\u2019est plus en fait qu\u2019une adaptation des mandibules \u00e0 piquer de mieux en mieux et sucer toujours plus, au p\u00e9ril des uns, pour satisfaire \u00e0 la soif jamais assouvie des autres.<\/p>\n<p>Un rynchotisme devenu tellement complexe, tellement subtil qu\u2019\u00e0 s\u2019y orienter, mieux vaut mille fois s\u2019aventurer comme Th\u00e9s\u00e9e, et sans le fil d\u2019Ariane, dans le Labyrinthe du Minotaure.<\/p>\n<p>&#8211;\u00a0\u00a0 \u00a0C\u2019est qu\u2019il n\u2019y a pas que le parasitisme qui rende aveugle, sourd, sans m\u00e9moire ni bon jugement.<\/p>\n<p>De la voracit\u00e9 peuvent venir ces disgr\u00e2ces.<\/p>\n<p>&#8211;\u00a0\u00a0 \u00a0C\u2019est que, l\u2019 \u00ab \u00c9volution \u00bb aidant, ne peut-on pas s\u2019auto-parasiter voracement au point de ne se sentir jamais assez pay\u00e9, jamais assez emmitoufl\u00e9 quand tant d\u2019autres n\u2019ont rien, sont dans le d\u00e9nuement le plus total.<\/p>\n<p>Et, dans notre soci\u00e9t\u00e9 de \u00ab\u00a0 jamais assez bien pay\u00e9s \u00bb :<\/p>\n<p>&#8211;\u00a0\u00a0 <span style=\"color: #800000;\"><em> Qui a des yeux pour voir, des oreilles pour entendre ceux qui n\u2019ont rien et qui ne gagnent rien.<\/p>\n<p>&#8211;\u00a0\u00a0 \u00a0Qui a en m\u00e9moire la r\u00e9plique du vieil Horace \u2013 aux dires de Corneille \u2013 \u00e0 la question de savoir ce qu\u2019e\u00fbt pu faire son fils fuyant devant les trois Curiasses.<\/em><\/span><\/p>\n<p>&#8211;\u00a0\u00a0 \u00a0<em><span style=\"color: #800000;\">Qui a assez de Jugement pour convenir qu\u2019il n\u2019y a pour certains, eu \u00e9gard \u00e0 leur exclusion, que deux alternatives hypocritement d\u00e9savou\u00e9es.<\/span><\/em><\/p>\n<p>Non pas de mourir ou d\u2019\u00eatre secouru par un beau d\u00e9sespoir, car ce serait lequel.<\/p>\n<p>Mais d\u2019en finir avec ses jours, ou de voler comme y oblige la soci\u00e9t\u00e9.<\/p>\n<p>&#8211;\u00a0\u00a0 \u00a0<span style=\"color: #800000;\"><em>Qui a assez de Jugement \u2013 ou de perspicacit\u00e9 dans son Jugement \u2013 pour se dire que les attroupements de jeunes devant ces pseudo-p\u00f4les-emploi sont significatifs d\u2019une d\u00e9marche honn\u00eate et vaine finissant en forums g\u00e9niteurs de gangs.<br \/><\/em><\/span><br \/>&#8211;\u00a0\u00a0 \u00a0<span style=\"color: #800000;\"><em>Qui a assez d\u2019honn\u00eatet\u00e9 et de courage pour reconna\u00eetre que m\u00eame les rats r\u00e9gulent leurs naissances pour s\u2019assurer qu\u2019ils puissent subvenir aux besoins de leur soci\u00e9t\u00e9 quand nous ne faisons que compromettre la n\u00f4tre, pouss\u00e9s par le profit.<br \/><\/em><\/span><\/p>\n<p>Et, dans notre soci\u00e9t\u00e9 de \u00ab Jamais assez riches \u00bb :<\/p>\n<p>&#8211;\u00a0\u00a0 \u00a0Qui se dit qu\u2019il pourrait se passer de certains loisirs sans nuire \u00e0 son bonheur.<\/p>\n<p>&#8211;\u00a0\u00a0 \u00a0Qui se dit qu\u2019il pourrait s\u2019abstenir de certains achats sans nuire \u00e0 son confort.<\/p>\n<p>&#8211;\u00a0\u00a0 \u00a0Qui se dit qu\u2019il pourrait s\u2019affranchir de certaines habitudes sans perdre de son image ou de celle qu\u2019on voudrait se donner.<\/p>\n<p>&#8211;\u00a0\u00a0 \u00a0Qui se dit qu\u2019en faisant fi du superflu, qu\u2019en ne jetant pas au jeu pour \u00eatre millionnaire, qu\u2019\u00e0 mod\u00e9rer sa rage \u00e0 jouer les Don-Juan ou les Gens de bonne soci\u00e9t\u00e9, qu\u2019en vivant bien, tout simplement, bien suffisante serait sa paie.<\/p>\n<p>Qui se dit ces choses l\u00e0 dans notre soci\u00e9t\u00e9.<\/p>\n<p>D\u00e8s lors, \u00e0 moins de prendre conscience, \u00e0 moins de prendre conscience, de s\u2019\u00e9duquer soi-m\u00eame pour \u00eatre \u00e0 m\u00eame de propager l\u2019\u00e9ducation propre \u00e0 faire que nul ne soit laiss\u00e9 pour compte, que chacun ait sa part comme c\u2019est le cas dans toute bonne famille o\u00f9 nul n\u2019est \u00e9cart\u00e9 ni priv\u00e9 de sa juste part de la chose commune :<\/p>\n<p>Comment peut-on comprendre notre Projet de Soci\u00e9t\u00e9.<\/p>\n<p>A moins de le comprendre et de s\u2019y mettre, quelle chance a-t-on de confesser ses rynchotes et de s\u2019en affranchir.<\/p>\n<p>A moins de le comprendre quelle chance a-t-on d\u2019\u00e9viter cet enfer de Dante qui ne laisse \u00e0 personne une chance de s\u2019en tirer.<\/p>\n<p>Notre ambition vorace, notre autorynchotisme sont cet enfer, tentons, s\u2019il en est encore temps, de nous le confesser.<\/p>\n<p>Remarque : <em><span style=\"color: #0000ff;\">Nos chroniques expriment l\u2019opinion de \u00ab Martinique Province Fran\u00e7aise \u00bb, un Mouvement Fran\u00e7ais dont la consistance se confirme de jour en jour.<\/span><\/em><\/p>\n<p><\/p>\n<script type=\"text\/javascript\">\n\nvar addthis_config = {\"data_track_clickback\":false,\"data_track_addressbar\":false,\"data_track_textcopy\":false};\n<\/script><script type=\"text\/javascript\" src=\"\/\/s7.addthis.com\/js\/250\/addthis_widget.js#pubid=f084fdfbcefba74c78dfad3bbc873ffd\"><\/script>","protected":false},"excerpt":{"rendered":"<p><span style=\"color: #3366ff;\">Nous confessons-nous\u2026 nos rhynchotes<\/span>.  <span style=\"color: #800000;\">Par \u00c9ric E.G. NOGARD<\/span> <\/p>\n<p>Les rhynchotes ne sont-ils pas ce qu\u2019ils sont, des insectes col\u00e9opt\u00e8res \u00e0 la fois piqueurs et suceurs tels la punaise, qu\u2019elle soit des bois, qu\u2019elle soit des lits, &hellip;<\/p>\n","protected":false},"author":1,"featured_media":0,"comment_status":"open","ping_status":"open","sticky":false,"template":"","format":"standard","meta":{"footnotes":""},"categories":[1],"tags":[],"class_list":["post-7668","post","type-post","status-publish","format-standard","hentry","category-accueil"],"_links":{"self":[{"href":"https:\/\/www.lecarrefourdesopinions.ca\/index.php?rest_route=\/wp\/v2\/posts\/7668","targetHints":{"allow":["GET"]}}],"collection":[{"href":"https:\/\/www.lecarrefourdesopinions.ca\/index.php?rest_route=\/wp\/v2\/posts"}],"about":[{"href":"https:\/\/www.lecarrefourdesopinions.ca\/index.php?rest_route=\/wp\/v2\/types\/post"}],"author":[{"embeddable":true,"href":"https:\/\/www.lecarrefourdesopinions.ca\/index.php?rest_route=\/wp\/v2\/users\/1"}],"replies":[{"embeddable":true,"href":"https:\/\/www.lecarrefourdesopinions.ca\/index.php?rest_route=%2Fwp%2Fv2%2Fcomments&post=7668"}],"version-history":[{"count":2,"href":"https:\/\/www.lecarrefourdesopinions.ca\/index.php?rest_route=\/wp\/v2\/posts\/7668\/revisions"}],"predecessor-version":[{"id":10944,"href":"https:\/\/www.lecarrefourdesopinions.ca\/index.php?rest_route=\/wp\/v2\/posts\/7668\/revisions\/10944"}],"wp:attachment":[{"href":"https:\/\/www.lecarrefourdesopinions.ca\/index.php?rest_route=%2Fwp%2Fv2%2Fmedia&parent=7668"}],"wp:term":[{"taxonomy":"category","embeddable":true,"href":"https:\/\/www.lecarrefourdesopinions.ca\/index.php?rest_route=%2Fwp%2Fv2%2Fcategories&post=7668"},{"taxonomy":"post_tag","embeddable":true,"href":"https:\/\/www.lecarrefourdesopinions.ca\/index.php?rest_route=%2Fwp%2Fv2%2Ftags&post=7668"}],"curies":[{"name":"wp","href":"https:\/\/api.w.org\/{rel}","templated":true}]}}