{"id":7650,"date":"2012-01-31T20:54:47","date_gmt":"2012-02-01T01:54:47","guid":{"rendered":"http:\/\/www.lecarrefourdesopinions.ca\/?p=7650"},"modified":"2012-01-31T20:54:47","modified_gmt":"2012-02-01T01:54:47","slug":"nicolas-sarkozy-et-bien-nous-en-prendra","status":"publish","type":"post","link":"https:\/\/www.lecarrefourdesopinions.ca\/?p=7650","title":{"rendered":"Nicolas SARKOZY, et bien nous en prendra."},"content":{"rendered":"<p style=\"text-align: left;\"><span style=\"color: #3366ff;\"><br \/>Nicolas SARKOZY, et bien nous en prendra<\/span>.<br \/> <img loading=\"lazy\" decoding=\"async\" class=\"alignleft size-thumbnail wp-image-7651\" title=\"Photo Eric Nogard 4\" src=\"http:\/\/www.lecarrefourdesopinions.ca\/wp-content\/uploads\/2012\/01\/Photo-Eric-Nogard-49-134x107.jpg\" alt=\"\" width=\"134\" height=\"107\" \/> <span style=\"color: #800000;\"><em>Par \u00c9ric E.G. NOGARD<\/em><\/span> <\/p>\n<p><strong><span style=\"color: #800000;\"><em>Quel Pr\u00e9sident de la R\u00e9publique Fran\u00e7aise s\u2019est montr\u00e9 assez parfait pour que nous jetions la pierre au Chef de l\u2019\u00c9tat Fran\u00e7ais, Nicolas SARKOZY.<\/em><\/p>\n<p><em>Contre vents et mar\u00e9es il a tenu la barre\u2026<\/p>\n<p>Ne m\u00e9rite-t-il pas un Nouveau Mandat Pr\u00e9sidentiel.<\/em><\/span><\/strong><\/p>\n<p> ***<\/p>\n<p>Et voil\u00e0 du moins ce que nous croyons savoir sur la Notion de Folle Ench\u00e8re.<\/p>\n<p>Et voil\u00e0 aussi le rapprochement qu\u2019il nous semble permis d\u2019en faire avec la propagande \u00e9lectorale.<\/p>\n<p>A chacun d\u2019en tirer ce qu\u2019il veut et surtout ce qu\u2019il peut : <\/p>\n<p>On n\u2019est pas toujours libre de tirer ce qu\u2019on veut, pas plus qu\u2019il n\u2019est possible de tirer davantage que ce qu\u2019on peut de quoi que ce soit, ni de qui que ce soit.<\/p>\n<p>Ali Baba l\u2019a appris avant nous, confront\u00e9 qu\u2019il \u00e9tait \u00e0 la libert\u00e9 de puiser ce que bon lui semblait et autant qu\u2019il voulait de la grotte au tr\u00e9sor de nos Quarante Voleurs. Ce conte pour tous les \u00e2ges et pour tous les genres voire pour tous les nombres,\u2026 Ce si beau conte des Mille et une Nuits de bien plus de Mille Ans.<\/p>\n<p>Cinq cents Millions d\u2019\u20acuros pour l\u2019Outremer est cri\u00e9 \u00e0 l\u2019encan par Fran\u00e7ois HOLLANDE et sa contrebasse Guyanaise de souligner Bravo. Il ne reste plus qu\u2019\u00e0 d\u00e9clarer la souris adjudicataire du fromage pour qu\u2019elle s\u2019y emprisonne !.. Ce serait l\u2019apoth\u00e9ose de Fran\u00e7ois III.<\/p>\n<p>Nonobstant le fait que le \u00ab Bai-Roux \u00bb pourrait surench\u00e9rir :<\/p>\n<p>\uf0fc\u00a0\u00a0 \u00a0\u00ab Moi je dis UN MILLIARD D\u2019\u20acUROS pour l\u2019Outremer \u00bb<\/p>\n<p>Et la \u00ab Trinit\u00e9enne-sur-Mer \u00bb Fifille de Jean-Marie\u2026 <\/p>\n<p>\uf0fc\u00a0\u00a0 \u00a0\u00ab Deux Milliards ! \u00bb<\/p>\n<p>Et \u00e0 \u00ab Monte-Bougre \u00bb se surench\u00e9rir\u2026 <\/p>\n<p>\uf0fc\u00a0\u00a0 \u00a0\u00ab Trois Milliards ! \u00bb<\/p>\n<p>Attendu que ces Millions et Milliards peuvent se payer en monnaie de singe, pourquoi donc se priver de coud\u00e9es franches en cette surench\u00e8re pour la Pr\u00e9sidence de la R\u00e9publique Fran\u00e7aise, les voies de l\u2019Outremer pouvant faire le compte en mati\u00e8re de bulletins.<\/p>\n<p>Aussi, gare \u00e0 la mine ! Elle est pire que la folle-ench\u00e8re.<\/p>\n<p>Alors que la d\u00e9faillance de l\u2019adjudicataire entra\u00eene sa condamnation \u00e0 payer la diff\u00e9rence \u00e9ventuelle entre son offre non honor\u00e9e et le prix obtenu lors d\u2019une nouvelle mise en jeu, dans le cas de la folle-ench\u00e8re.<\/p>\n<p>L\u2019\u00c9lu \u00e0 la Pr\u00e9sidence ne peut que vous lancer des mouchoirs de papier pour vous aider \u00e0 s\u00e9cher vos larmes, d\u00e9s lors que vous l\u2019aurez \u00e9lu.<\/p>\n<p>En ce que nous disons, combien de gros minets ne se sont pas fait \u00e9chauder par l\u2019ami Fran\u00e7ois II dit Tonton.<\/p>\n<p>Rien ne figurant au menu que des joutes oratoires avec parfois un peu d\u2019humour, le propre de l\u2019humour \u00e9tant de plaire au prorata des avantages dont on est combl\u00e9, pas \u00e0 celui du d\u00e9nuement dont on souffre.<\/p>\n<p>Rien ne figurant au menu qui puisse all\u00e9cher ceux qui souffrent, ceux qui n\u2019ont rien.<\/p>\n<p>Rien n\u2019a \u00e9t\u00e9 entendu jusqu\u2019ici, \u00e0 ces ench\u00e8res du diable dans la course au pouvoir, que des promesses d\u2019euros par millions, par milliards, mais, o\u00f9 va-t-on les prendre et comment les semer \u00e0 la mani\u00e8re de la Semeuse de Roty\u2026 pour que le champ en soit ensemenc\u00e9 comme promis.<\/p>\n<p>Monsieur Nicolas SARKOZY a \u00e9t\u00e9 critiqu\u00e9 et le sera encore comme n\u2019a pu l\u2019\u00eatre nul peut-\u00eatre avant lui.<\/p>\n<p>Cependant, avant lui, dans quel \u00e9tat \u00e9tait la France et quel Fran\u00e7ais a sugg\u00e9r\u00e9 ce qu\u2019il pensait meilleur que ce qu\u2019a fait SARKO, pour qu\u2019elle se porte mieux.<\/p>\n<p>Quel Fran\u00e7ais lui a dit \u00ab L\u00e8ve toi et marche !.. \u00bb<\/p>\n<p>Que des critiques n\u00e9gatives, que des promesses de Millions d\u2019euros, de milliards m\u00eame, comme s\u2019il devait en pleuvoir.<\/p>\n<p>Comme nous l\u2019aurait dit \u00ab Madame Charl\u00e9sia, M\u00e9dium \u00bb, dans sa lecture dans le marc de caf\u00e9 ou dans son \u00e9criture sous la dict\u00e9e de l\u2019au-del\u00e0, <\/p>\n<p><span style=\"color: #800000;\">il y aura certainement quelques poign\u00e9es de grain de bl\u00e9 pour l\u2019Outremer, un Outremer pris dans les serres, m\u00eame pas de rapaces, mais de voraces\u2026 avec beaucoup de larmes que versera le plus grand nombre\u2026 Saule, n\u2019es-tu pas fait pour pleurer.<\/span><br \/><strong><em><br \/>Et comme nous l\u2019aurait recommand\u00e9 Madame CHARLESIA,<\/em> <\/strong><br \/><span style=\"color: #800000;\"><strong><br \/>Misons plut\u00f4t sur Monsieur SARKOZY et bien nous en prendra.<\/strong><\/span><\/p>\n<p><\/p>\n<script type=\"text\/javascript\">\n\nvar addthis_config = {\"data_track_clickback\":false,\"data_track_addressbar\":false,\"data_track_textcopy\":false};\n<\/script><script type=\"text\/javascript\" src=\"\/\/s7.addthis.com\/js\/250\/addthis_widget.js#pubid=f084fdfbcefba74c78dfad3bbc873ffd\"><\/script>","protected":false},"excerpt":{"rendered":"<p style=\"text-align: left;\"><span style=\"color: #3366ff;\">Nicolas SARKOZY, et bien nous en prendra<\/span>.  <span style=\"color: #800000;\">Par \u00c9ric E.G. NOGARD<\/span> <\/p>\n<p><span style=\"color: #800000;\">Quel Pr\u00e9sident de la R\u00e9publique Fran\u00e7aise s\u2019est montr\u00e9 assez parfait pour que nous jetions la pierre au Chef de l\u2019\u00c9tat Fran\u00e7ais, Nicolas SARKOZY.<\/span><\/p>\n<p>Contre vents &hellip;<\/p>\n","protected":false},"author":1,"featured_media":0,"comment_status":"open","ping_status":"open","sticky":false,"template":"","format":"standard","meta":{"footnotes":""},"categories":[1],"tags":[],"class_list":["post-7650","post","type-post","status-publish","format-standard","hentry","category-accueil"],"_links":{"self":[{"href":"https:\/\/www.lecarrefourdesopinions.ca\/index.php?rest_route=\/wp\/v2\/posts\/7650","targetHints":{"allow":["GET"]}}],"collection":[{"href":"https:\/\/www.lecarrefourdesopinions.ca\/index.php?rest_route=\/wp\/v2\/posts"}],"about":[{"href":"https:\/\/www.lecarrefourdesopinions.ca\/index.php?rest_route=\/wp\/v2\/types\/post"}],"author":[{"embeddable":true,"href":"https:\/\/www.lecarrefourdesopinions.ca\/index.php?rest_route=\/wp\/v2\/users\/1"}],"replies":[{"embeddable":true,"href":"https:\/\/www.lecarrefourdesopinions.ca\/index.php?rest_route=%2Fwp%2Fv2%2Fcomments&post=7650"}],"version-history":[{"count":2,"href":"https:\/\/www.lecarrefourdesopinions.ca\/index.php?rest_route=\/wp\/v2\/posts\/7650\/revisions"}],"predecessor-version":[{"id":7663,"href":"https:\/\/www.lecarrefourdesopinions.ca\/index.php?rest_route=\/wp\/v2\/posts\/7650\/revisions\/7663"}],"wp:attachment":[{"href":"https:\/\/www.lecarrefourdesopinions.ca\/index.php?rest_route=%2Fwp%2Fv2%2Fmedia&parent=7650"}],"wp:term":[{"taxonomy":"category","embeddable":true,"href":"https:\/\/www.lecarrefourdesopinions.ca\/index.php?rest_route=%2Fwp%2Fv2%2Fcategories&post=7650"},{"taxonomy":"post_tag","embeddable":true,"href":"https:\/\/www.lecarrefourdesopinions.ca\/index.php?rest_route=%2Fwp%2Fv2%2Ftags&post=7650"}],"curies":[{"name":"wp","href":"https:\/\/api.w.org\/{rel}","templated":true}]}}