{"id":7640,"date":"2012-01-31T20:56:41","date_gmt":"2012-02-01T01:56:41","guid":{"rendered":"http:\/\/www.lecarrefourdesopinions.ca\/?p=7640"},"modified":"2012-01-31T20:56:41","modified_gmt":"2012-02-01T01:56:41","slug":"la-proportionnelle","status":"publish","type":"post","link":"https:\/\/www.lecarrefourdesopinions.ca\/?p=7640","title":{"rendered":"La proportionnelle"},"content":{"rendered":"<p style=\"text-align: justify;\"><span style=\"color: #3366ff;\">La proportionnelle <\/span>:<em><span style=\"color: #0000ff;\"> La cl\u00e9 <br \/>pour unir les souverainistes<\/span><\/em><\/p>\n<p> <img decoding=\"async\" class=\"alignleft size-full wp-image-7641\" title=\"Photo Paul Cliche\" src=\"http:\/\/www.lecarrefourdesopinions.ca\/wp-content\/uploads\/2012\/01\/Photo-Paul-Cliche1.bmp\" alt=\"\" \/> <span style=\"color: #800000;\"><em>Par Paul Cliche\u00a0\u00a0\u00a0\u00a0\u00a0\u00a0\u00a0\u00a0\u00a0\u00a0\u00a0\u00a0\u00a0\u00a0 <br \/><\/em><\/span><br \/>Dans le d\u00e9bat sur la fa\u00e7on d\u2019unir les forces souverainistes, on a parl\u00e9 surtout jusqu\u2019ici d\u2019alliances \u00e9lectorales possibles entre le Parti qu\u00e9b\u00e9cois et Qu\u00e9bec solidaire.<\/p>\n<p>En tant que membre fondateur de Qu\u00e9bec solidaire, je rejette cette strat\u00e9gie qui, d\u2019ores et d\u00e9j\u00e0, appara\u00eet vou\u00e9e \u00e0 l\u2019\u00e9chec. Je pense aussi que de nombreux membres de ce parti n\u2019accepteraient pas de voter pour un candidat p\u00e9quiste dans l\u2019hypoth\u00e8se o\u00f9 leur circonscription serait d\u00e9sign\u00e9e pour accueillir le candidat unique de l\u2019alliance, Je ne peux notamment pas dig\u00e9rer l\u2019orientation n\u00e9olib\u00e9rale du PQ depuis Lucien Bouchard.\u00a0 C\u2019est d\u2019ailleurs l\u2019opposition \u00e0 cette orientation qui a \u00e9t\u00e9 le principal ciment permettant l\u2019unit\u00e9 des forces progressistes au d\u00e9but des ann\u00e9es 2000 qui a men\u00e9 \u00e0 la fondation de Qu\u00e9bec solidaire. <\/p>\n<p>Il en serait de m\u00eame du c\u00f4t\u00e9 p\u00e9quiste o\u00f9 de nombreux sympathisants de centre droit pr\u00e9f\u00e9reraient appuyer la Coalition Avenir Qu\u00e9bec de Fran\u00e7ois Legault plut\u00f4t que de d\u2019appuyer un parti de gauche. <\/p>\n<p>Il existe tout de m\u00eame une fa\u00e7on de r\u00e9aliser l\u2019union entre souverainistes de diff\u00e9rents partis et tendances, un probl\u00e8me apparaissant \u00e0 priori aussi insoluble que la quadrature du cercle. C\u2019est l\u2019instauration d\u2019un mode de scrutin proportionnel qui, tout en permettant \u00e0 chaque parti de faire le plein de leurs voix, leur garantirait une r\u00e9partition \u00e9quitable des si\u00e8ges parlementaires en fonction de la proportion de votes qu\u2019ils auraient obtenue.<\/p>\n<p>Finies donc les distorsions aberrantes qui font de nos consultations \u00e9lectorales de v\u00e9ritables foire d\u2019empoigne allant m\u00eame jusqu\u2019au renversement de la volont\u00e9 populaire comme cela s\u2019est encore produit aux \u00e9lections de 1998. Fini aussi ce ph\u00e9nom\u00e8ne, puant d\u00e9mocratiquement, des votes dits strat\u00e9giques ou utiles o\u00f9 de nombreux sympathisants de tiers partis\u00a0 oublient momentan\u00e9ment leurs convictions et votent pour le parti traditionnel qui leur appara\u00eet le moins pire afin d\u2019\u00e9viter l\u2019\u00e9lection du pire.<\/p>\n<p>Ce mode de scrutin \u00e9liminerait l\u2019\u00e9lection\u00a0 de gouvernements majoritaires \u00e0 la Charest et \u00e0 la Harper qui n\u2019ont obtenu qu\u2019une minorit\u00e9 de votes. Il n\u00e9cessiterait \u00e9videmment la formation de gouvernements de coalition o\u00f9 des partis ayant des affinit\u00e9s programmatiques s\u2019uniraient apr\u00e8s les \u00e9lections selon des conditions d\u00e9finies \u00e0 l\u2019avance et connues publiquement. La collaboration entre \u00e9lu(e)s s\u2019effectuerait ainsi tout naturellement. Cette fa\u00e7on de gouverner\u00a0 heurterait certes la culture politique ambiante. Elle exigerait une capacit\u00e9 d\u2019innovation dont la classe politique qu\u00e9b\u00e9coise dans son ensemble ne semble malheureusement pas dot\u00e9e pr\u00e9sentement. Souhaitons que les partis souverainistes cassent la glace parce qu\u2019il en va de l\u2019avenir du Qu\u00e9bec. Les nombreuses actions de collaboration initi\u00e9es\u00a0 par le d\u00e9put\u00e9 de Qu\u00e9bec solidaire, Amir Khadir, en 2011, indiquent la voie \u00e0 suivre.<\/p>\n<script type=\"text\/javascript\">\n\nvar addthis_config = {\"data_track_clickback\":false,\"data_track_addressbar\":false,\"data_track_textcopy\":false};\n<\/script><script type=\"text\/javascript\" src=\"\/\/s7.addthis.com\/js\/250\/addthis_widget.js#pubid=f084fdfbcefba74c78dfad3bbc873ffd\"><\/script>","protected":false},"excerpt":{"rendered":"<p style=\"text-align: justify;\"><span style=\"color: #3366ff;\">La proportionnelle <\/span>:<span style=\"color: #0000ff;\"> La cl\u00e9 pour unir les souverainistes<\/span><\/p>\n<p>  <span style=\"color: #800000;\">Par Paul Cliche\u00a0\u00a0\u00a0\u00a0\u00a0\u00a0\u00a0\u00a0\u00a0\u00a0\u00a0\u00a0\u00a0\u00a0 <\/span>Dans le d\u00e9bat sur la fa\u00e7on d\u2019unir les forces souverainistes, on a parl\u00e9 surtout jusqu\u2019ici d\u2019alliances \u00e9lectorales possibles entre le Parti qu\u00e9b\u00e9cois et Qu\u00e9bec solidaire.&hellip;<\/p>\n","protected":false},"author":1,"featured_media":0,"comment_status":"open","ping_status":"open","sticky":false,"template":"","format":"standard","meta":{"footnotes":""},"categories":[1],"tags":[],"class_list":["post-7640","post","type-post","status-publish","format-standard","hentry","category-accueil"],"_links":{"self":[{"href":"https:\/\/www.lecarrefourdesopinions.ca\/index.php?rest_route=\/wp\/v2\/posts\/7640","targetHints":{"allow":["GET"]}}],"collection":[{"href":"https:\/\/www.lecarrefourdesopinions.ca\/index.php?rest_route=\/wp\/v2\/posts"}],"about":[{"href":"https:\/\/www.lecarrefourdesopinions.ca\/index.php?rest_route=\/wp\/v2\/types\/post"}],"author":[{"embeddable":true,"href":"https:\/\/www.lecarrefourdesopinions.ca\/index.php?rest_route=\/wp\/v2\/users\/1"}],"replies":[{"embeddable":true,"href":"https:\/\/www.lecarrefourdesopinions.ca\/index.php?rest_route=%2Fwp%2Fv2%2Fcomments&post=7640"}],"version-history":[{"count":2,"href":"https:\/\/www.lecarrefourdesopinions.ca\/index.php?rest_route=\/wp\/v2\/posts\/7640\/revisions"}],"predecessor-version":[{"id":7667,"href":"https:\/\/www.lecarrefourdesopinions.ca\/index.php?rest_route=\/wp\/v2\/posts\/7640\/revisions\/7667"}],"wp:attachment":[{"href":"https:\/\/www.lecarrefourdesopinions.ca\/index.php?rest_route=%2Fwp%2Fv2%2Fmedia&parent=7640"}],"wp:term":[{"taxonomy":"category","embeddable":true,"href":"https:\/\/www.lecarrefourdesopinions.ca\/index.php?rest_route=%2Fwp%2Fv2%2Fcategories&post=7640"},{"taxonomy":"post_tag","embeddable":true,"href":"https:\/\/www.lecarrefourdesopinions.ca\/index.php?rest_route=%2Fwp%2Fv2%2Ftags&post=7640"}],"curies":[{"name":"wp","href":"https:\/\/api.w.org\/{rel}","templated":true}]}}