{"id":7600,"date":"2012-01-25T21:03:36","date_gmt":"2012-01-26T02:03:36","guid":{"rendered":"http:\/\/www.lecarrefourdesopinions.ca\/?p=7600"},"modified":"2012-01-25T21:03:36","modified_gmt":"2012-01-26T02:03:36","slug":"le-living-lab-de-montreal","status":"publish","type":"post","link":"https:\/\/www.lecarrefourdesopinions.ca\/?p=7600","title":{"rendered":"Le Living Lab de Montr\u00e9al"},"content":{"rendered":"<p><span style=\"color: #3366ff;\">Le Living Lab de Montr\u00e9al<\/span><\/p>\n<p> <img loading=\"lazy\" decoding=\"async\" class=\"alignleft size-thumbnail wp-image-7602\" title=\"Photo Yves Alavo\" src=\"http:\/\/www.lecarrefourdesopinions.ca\/wp-content\/uploads\/2012\/01\/Photo-Yves-Alavo3-112x107.jpg\" alt=\"\" width=\"112\" height=\"107\" \/> <span style=\"color: #800000;\"><em>Par Yves ALAVO<\/em><\/span> <\/p>\n<p>T<strong>ranspoCamp Montr\u00e9al 2011 \u00e0 la Maison du d\u00e9veloppement durable <br \/>Premi\u00e8re des Technologies nouvelles<\/strong>.<\/p>\n<p>Le Living Lab de Montr\u00e9al vous a invit\u00e9 au TranspoCamp Montr\u00e9al 2011, le premier forum ouvert sur les transports urbains et les technologies mobiles \u00e0 Montr\u00e9al, c\u2019\u00e9tait le 15 d\u00e9cembre 2011, de 8\u00a0 h \u00e0 17 h, \u00e0 la Maison du d\u00e9veloppement durable, 50 Sainte-Catherine Ouest (coin Clark). Dans le cadre de son programme d&rsquo;ouverture des donn\u00e9es, la Ville de Montr\u00e9al a profit\u00e9 du TranspoCamp pour lib\u00e9rer des donn\u00e9es recueillies par sa Direction des transports. L\u2019AMT a pr\u00e9sent\u00e9 aussi son programme sur les donn\u00e9es ouvertes.<\/p>\n<p>Le TranspoCamp Montr\u00e9al 2011\u00a0 a rassembl\u00e9 des professionnels des transports, des d\u00e9veloppeurs, des citoyens ainsi que les personnes int\u00e9ress\u00e9es par les nouvelles technologies appliqu\u00e9es au domaine du transport urbain. L&rsquo;\u00e9v\u00e9nement, gratuit \u00e9tait ouvert \u00e0 tous.\u00a0 Il comprenait une s\u00e9rie d&rsquo;ateliers de programmation o\u00f9 les d\u00e9veloppeurs int\u00e9ress\u00e9s par les donn\u00e9es ouvertes sont entr\u00e9s en dialogue avec toute personne concern\u00e9e par les probl\u00e9matiques de transport, de m\u00eame que plusieurs rencontres th\u00e9matiques sur ces questions. Selon les d\u00e9sirs des participants, le TranspoCamp a abord\u00e9 plusieurs des sujets suivants : donn\u00e9es ouvertes, transport multimodal, syst\u00e8mes de transport intelligent, modes de paiement, accessibilit\u00e9, exp\u00e9rience utilisateur, auto- et v\u00e9lo-partage, am\u00e9nagement urbain, etc.<\/p>\n<p>Pour ceux qui ne connaissent pas le mode de fonctionnement d&rsquo;un forum ouvert, ce n&rsquo;est pas une conf\u00e9rence traditionnelle avec pan\u00e9listes et invit\u00e9s. Ce sont les participants qui d\u00e9terminent les sujets au programme et la forme que prendra leur session (hacking, atelier, discussion, Q&amp;R, d\u00e9mo, r\u00e9seautage, etc.). Ainsi, l\u2019objectif d\u2019un \u00e9v\u00e9nement de ce genre est surtout de stimuler la r\u00e9flexion sur les opportunit\u00e9s qu\u2019offrent les donn\u00e9es ouvertes et ultimement de viser le d\u00e9veloppement de programmes et applications plus adapt\u00e9s aux probl\u00e9matiques complexes des transports pour les citoyens.<\/p>\n<p>Les personnes int\u00e9ress\u00e9es peuvent obtenir plus de renseignements en se rendant sur les sites suivants :<br \/>Le Living Lab de Montr\u00e9al : \u00a0\u00a0 \u00a0http:\/\/www.livinglabmontreal.org\/TranspoCampMTL<br \/>Pr\u00e9-inscription gratuite :\u00a0\u00a0 \u00a0http:\/\/transpocampmtl2011.eventbrite.com\/<\/p>\n<p>Le Living Lab de Montr\u00e9al est un centre de cocr\u00e9ation et d&rsquo;innovation ouvertes permettant la collaboration entre les citoyens, les chercheurs, les cr\u00e9ateurs, les usagers, les entrepreneurs et les d\u00e9cideurs publics, priv\u00e9s et parapublics int\u00e9ress\u00e9s par le r\u00f4le du web 2.0 et des r\u00e9seaux sociaux dans le d\u00e9veloppement de la ville d&rsquo;aujourd&rsquo;hui.\u00a0 La fondatrice et animatrice de cette organisation est Madame Louise Guay.<\/p>\n<p>De quoi a-t-il \u00e9tait question ?<\/p>\n<p>Le domaine des transports est devenu le sujet de l&rsquo;heure \u00e0 Montr\u00e9al. Mais au-del\u00e0 des probl\u00e8mes, il y a s\u00fbrement des solutions durables que vous \u00eates capable d&rsquo;imaginer. Vous vous demandez seulement s&rsquo;il y a des gens comme vous pr\u00eats \u00e0 collaborer pour commencer \u00e0 les mettre en application. Le TranspoCamp Montr\u00e9al est l&rsquo;endroit o\u00f9 vous pouvez apporter votre contribution et faire conna\u00eetre votre point de vue.<\/p>\n<p>Le TranspoCampMTL a abord\u00e9 plusieurs des sujets suivants :<\/p>\n<p><span style=\"color: #800000;\">D<\/span><span style=\"color: #800000;\">onn\u00e9es ouvertes, hacking, innovation, cocr\u00e9ation<br \/>Transport multimodal, infrastructures<br \/>Syst\u00e8mes de transport intelligents (STI)<br \/>Syst\u00e8mes d&rsquo;information mobile<br \/>Modes de paiement, abonnement, tarification dynamique<br \/>S\u00e9curit\u00e9, accessibilit\u00e9, confort, attrait<br \/>Exp\u00e9rience utilisateur<br \/>Promotion des transports publics<br \/>Auto-partage, v\u00e9lo-partage, taxi-partage<br \/>Am\u00e9nagement urbain, densification, diversification<br \/>Et d&rsquo;autres encore que vous pouvez proposer vous-m\u00eame en participant \u00e0 cette journ\u00e9e !<\/span><\/p>\n<p>Les technologies mobiles ont sans aucun doute le pouvoir de transformer notre mani\u00e8re d&rsquo;habiter l&rsquo;espace urbain, mais elles peuvent aussi cr\u00e9er des silos d&rsquo;information si elles ne sont pas int\u00e9gr\u00e9es \u00e0 la vie publique des citoyens de mani\u00e8re transparente, responsable et socialement \u00e9quitable.<\/p>\n<p>Nous savons que vous \u00eates nombreux \u00e0 vouloir partager de l&rsquo;information pour offrir des services de transport mieux adapt\u00e9s aux besoins des citoyens, r\u00e9duire les co\u00fbts d&rsquo;exploitation des syst\u00e8mes, r\u00e9pondre aux exigences du d\u00e9veloppement durable et ouvrir le chemin aux inititiatives qui vont dans le m\u00eame sens, alors, agissez.<\/p>\n<p>Comment \u00e7a fonctionne, un Forum Ouvert ?<\/p>\n<p>Pour ceux qui ne connaissent pas, ce n&rsquo;est pas une conf\u00e9rence traditionnelle avec pan\u00e9listes et invit\u00e9s. C&rsquo;est vous qui allez d\u00e9terminer les sujets au programme !\u00a0 Tout le monde est bienvenu et vous pouvez proposer de tenir une session au cours de la premi\u00e8re heure de l&rsquo;\u00e9v\u00e9nement. Les sujets de session sont affich\u00e9s sur un grand tableau qui sert \u00e0 allouer l&rsquo;espace dans la grille horaire de la journ\u00e9e. Les participants qui le veulent ajoutent ensuite leur nom sur le tableau et quand tout le monde est pr\u00eat, les sessions peuvent commencer.\u00a0 Si vous trouvez que vous ne participez pas beaucoup \u00e0 une session ou que ce n&rsquo;\u00e9tait pas ce que vous pensiez, vous pouvez allez voir une autre session \u00e0 n&rsquo;importe quel moment. Levez-vous discr\u00e8tement et votez avec vos pieds ! C&rsquo;est votre conf\u00e9rence, apr\u00e8s tout !<\/p>\n<p>La Maison du d\u00e9veloppement durable<br \/>50 rue Sainte-Catherine ouest <br \/>(M\u00e9tro St-Laurent)<br \/>Montr\u00e9al, H2X 3V4<br \/>Canada <br \/>Le jour de l\u2019action, c\u2019\u00e9tait : Jeudi 15 d\u00e9cembre 2011 de 08:00 \u00e0 17:00<\/p>\n<p>Espaces temps : Pionniers de la lib\u00e9ration des donn\u00e9es, les donn\u00e9es ouvertes.<br \/><strong><span style=\"color: #0000ff;\">http:\/\/espacestemps.ca\/ca\/<\/span><\/strong><\/p>\n<script type=\"text\/javascript\">\n\nvar addthis_config = {\"data_track_clickback\":false,\"data_track_addressbar\":false,\"data_track_textcopy\":false};\n<\/script><script type=\"text\/javascript\" src=\"\/\/s7.addthis.com\/js\/250\/addthis_widget.js#pubid=f084fdfbcefba74c78dfad3bbc873ffd\"><\/script>","protected":false},"excerpt":{"rendered":"<p><span style=\"color: #3366ff;\">Le Living Lab de Montr\u00e9al<\/span><\/p>\n<p>  <span style=\"color: #800000;\">Par Yves ALAVO<\/span> <\/p>\n<p>TranspoCamp Montr\u00e9al 2011 \u00e0 la Maison du d\u00e9veloppement durable Premi\u00e8re des Technologies nouvelles.<\/p>\n<p>Le Living Lab de Montr\u00e9al vous a invit\u00e9 au TranspoCamp Montr\u00e9al 2011, le premier forum ouvert &hellip;<\/p>\n","protected":false},"author":1,"featured_media":0,"comment_status":"open","ping_status":"open","sticky":false,"template":"","format":"standard","meta":{"footnotes":""},"categories":[1],"tags":[],"class_list":["post-7600","post","type-post","status-publish","format-standard","hentry","category-accueil"],"_links":{"self":[{"href":"https:\/\/www.lecarrefourdesopinions.ca\/index.php?rest_route=\/wp\/v2\/posts\/7600","targetHints":{"allow":["GET"]}}],"collection":[{"href":"https:\/\/www.lecarrefourdesopinions.ca\/index.php?rest_route=\/wp\/v2\/posts"}],"about":[{"href":"https:\/\/www.lecarrefourdesopinions.ca\/index.php?rest_route=\/wp\/v2\/types\/post"}],"author":[{"embeddable":true,"href":"https:\/\/www.lecarrefourdesopinions.ca\/index.php?rest_route=\/wp\/v2\/users\/1"}],"replies":[{"embeddable":true,"href":"https:\/\/www.lecarrefourdesopinions.ca\/index.php?rest_route=%2Fwp%2Fv2%2Fcomments&post=7600"}],"version-history":[{"count":2,"href":"https:\/\/www.lecarrefourdesopinions.ca\/index.php?rest_route=\/wp\/v2\/posts\/7600\/revisions"}],"predecessor-version":[{"id":7636,"href":"https:\/\/www.lecarrefourdesopinions.ca\/index.php?rest_route=\/wp\/v2\/posts\/7600\/revisions\/7636"}],"wp:attachment":[{"href":"https:\/\/www.lecarrefourdesopinions.ca\/index.php?rest_route=%2Fwp%2Fv2%2Fmedia&parent=7600"}],"wp:term":[{"taxonomy":"category","embeddable":true,"href":"https:\/\/www.lecarrefourdesopinions.ca\/index.php?rest_route=%2Fwp%2Fv2%2Fcategories&post=7600"},{"taxonomy":"post_tag","embeddable":true,"href":"https:\/\/www.lecarrefourdesopinions.ca\/index.php?rest_route=%2Fwp%2Fv2%2Ftags&post=7600"}],"curies":[{"name":"wp","href":"https:\/\/api.w.org\/{rel}","templated":true}]}}