{"id":7594,"date":"2012-01-31T20:55:43","date_gmt":"2012-02-01T01:55:43","guid":{"rendered":"http:\/\/www.lecarrefourdesopinions.ca\/?p=7594"},"modified":"2012-01-31T20:55:43","modified_gmt":"2012-02-01T01:55:43","slug":"creativite-innovation-et-commerce","status":"publish","type":"post","link":"https:\/\/www.lecarrefourdesopinions.ca\/?p=7594","title":{"rendered":"CR\u00c9ATIVIT\u00c9, INNOVATION ET COMMERCE&#8230;.."},"content":{"rendered":"<p><span style=\"color: #3366ff;\">C2MTL : CR\u00c9ATIVIT\u00c9, INNOVATION ET COMMERCE <br \/>EN PHASE POUR UNE GESTION STRAT\u00c9GIQUE<\/span><\/p>\n<p><img loading=\"lazy\" decoding=\"async\" class=\"alignleft size-thumbnail wp-image-7593\" title=\"Photo Yves Alavo\" src=\"http:\/\/www.lecarrefourdesopinions.ca\/wp-content\/uploads\/2012\/01\/Photo-Yves-Alavo1-112x107.jpg\" alt=\"\" width=\"112\" height=\"107\" \/> <span style=\"color: #800000;\"><em>Par Yves ALAVO<\/em><\/span> <\/p>\n<p>Du 22 au 25 mai 2012, Montr\u00e9al sera l&rsquo;h\u00f4te de C2-MTL, un rendez-vous d&rsquo;affaires international destin\u00e9 aux dirigeants d&rsquo;entreprises avides d&rsquo;information, d&rsquo;outils, d&rsquo;exp\u00e9riences et d&rsquo;\u00e9changes de meilleures pratiques leur permettant de placer la cr\u00e9ativit\u00e9 au c\u0153ur du d\u00e9veloppement strat\u00e9gique des organisations. Conf\u00e9renciers de renom, pr\u00e9sentations inspirantes, acc\u00e8s privil\u00e9gi\u00e9 \u00e0 des dirigeants qui ont fait de la cr\u00e9ativit\u00e9 une v\u00e9ritable fonction de gestion strat\u00e9gique, cet \u00e9v\u00e9nement permettra de d\u00e9velopper des comp\u00e9tences en cr\u00e9ativit\u00e9 d&rsquo;affaires et de d\u00e9couvrir de pr\u00e9cieux outils pour stimuler la capacit\u00e9 d&rsquo;innovation des organisations.<\/p>\n<p>En mai 2012, Montr\u00e9al sera l&rsquo;h\u00f4te d&rsquo;un \u00e9v\u00e9nement \u00e0 nul autre pareil. C2-MTL, qui comptera d\u00e9sormais parmi les grands rendez-vous d&rsquo;affaires internationaux, promet d&rsquo;\u00eatre couru par les dirigeants d&rsquo;entreprises avides d&rsquo;information, d&rsquo;outils, d&rsquo;exp\u00e9riences et d&rsquo;\u00e9changes de meilleures pratiques leur permettant de placer la cr\u00e9ativit\u00e9 au c\u0153ur du d\u00e9veloppement strat\u00e9gique des organisations. Conf\u00e9renciers de renom, pr\u00e9sentations inspirantes, acc\u00e8s privil\u00e9gi\u00e9 \u00e0 des dirigeants qui ont fait de la cr\u00e9ativit\u00e9 une v\u00e9ritable fonction de gestion strat\u00e9gique, cet \u00e9v\u00e9nement permettra de d\u00e9velopper des comp\u00e9tences en cr\u00e9ativit\u00e9 d&rsquo;affaires et de d\u00e9couvrir de pr\u00e9cieux outils qui, peu importe le secteur d&rsquo;affaires, permettront de stimuler la capacit\u00e9 d&rsquo;innovation des organisations.<\/p>\n<p>\u00ab Le constat de l&rsquo;\u00e9tude men\u00e9e par IBM Global est frappant. La cr\u00e9ativit\u00e9 n&rsquo;est plus seulement l&rsquo;apanage des entreprises de la nouvelle <img loading=\"lazy\" decoding=\"async\" class=\"alignleft size-full wp-image-7595\" title=\"Gor\u00e9e, basalte et eau marineIMG_2322\" src=\"http:\/\/www.lecarrefourdesopinions.ca\/wp-content\/uploads\/2012\/01\/Gor\u00e9e-basalte-et-eau-marineIMG_2322.jpg\" alt=\"\" width=\"338\" height=\"254\" srcset=\"https:\/\/www.lecarrefourdesopinions.ca\/wp-content\/uploads\/2012\/01\/Gor\u00e9e-basalte-et-eau-marineIMG_2322.jpg 338w, https:\/\/www.lecarrefourdesopinions.ca\/wp-content\/uploads\/2012\/01\/Gor\u00e9e-basalte-et-eau-marineIMG_2322-300x225.jpg 300w\" sizes=\"auto, (max-width: 338px) 100vw, 338px\" \/>\u00e9conomie, mais devient clairement une fonction de gestion strat\u00e9gique pour les dirigeants d&rsquo;entreprises de la plan\u00e8te, quel que soit le secteur \u00e9conomique dans lequel elles \u00e9voluent. La cr\u00e9ativit\u00e9 constitue un ingr\u00e9dient fondamental de leur survie, notamment dans le contexte de la mondialisation \u00bb, a d\u00e9clar\u00e9 Jean-Fran\u00e7ois Bouchard, pr\u00e9sident de SidLee et id\u00e9ateur de l&rsquo;\u00e9v\u00e9nement. \u00ab C2-MTL explorera la dynamique commerce\/cr\u00e9ativit\u00e9 et son potentiel \u00e0 red\u00e9finir le monde des affaires. Il nous faut utiliser les deux c\u00f4t\u00e9s de notre cerveau afin d&rsquo;optimiser notre capacit\u00e9 de r\u00e9flexion et de cr\u00e9ation, c&rsquo;est ce que les participants seront amen\u00e9s \u00e0 faire, pour ensuite, mettre ces apprentissages en pratique au sein de leur organisation\u00bb, a-t-il poursuivi.<\/p>\n<p>Nous pensons, que l\u2019innovation, cette capacit\u00e9 \u00e0 penser en dehors des cadres et des r\u00e9f\u00e9rences existantes, cette audace de l\u2019esprit \u00e0 imaginer dans un acte transversal de r\u00e9flexion holistique, si on peut ainsi dire, cette \u00e9nergie \u00e0 d\u00e9placer les jalons de la r\u00e9flexion, de la conception et des modes d\u2019application hors des cadres d\u00e9finis, dans une kinesth\u00e9sie nouvelle de la pens\u00e9e, acte d\u2019innover, est le levier principal de cette d\u00e9marche cr\u00e9ative.\u00a0 Ce levier est la condition m\u00eame de la production dans les secteurs de l\u2019\u00e9conomie du savoir dont la caract\u00e9ristique est sa non mat\u00e9rialit\u00e9 importante concordante avec ses effets et son impact colossal sur les composantes r\u00e9elles de l\u2019\u00e9conomie centrale de nos soci\u00e9t\u00e9s.<\/p>\n<p>\u00abUne r\u00e9union de cette envergure am\u00e8nera une client\u00e8le corporative de niveau international et des cr\u00e9ateurs plan\u00e9taires. Nous nous r\u00e9jouissons de la visibilit\u00e9 et des retomb\u00e9es attendues. Nous sommes d&rsquo;autant plus enthousiastes que l&rsquo;\u00e9v\u00e9nement pr\u00e9sentera une vitrine de<img loading=\"lazy\" decoding=\"async\" class=\"alignright size-full wp-image-7596\" title=\"OSH, station solaire\" src=\"http:\/\/www.lecarrefourdesopinions.ca\/wp-content\/uploads\/2012\/01\/OSH-station-solaire.jpg\" alt=\"\" width=\"339\" height=\"254\" srcset=\"https:\/\/www.lecarrefourdesopinions.ca\/wp-content\/uploads\/2012\/01\/OSH-station-solaire.jpg 339w, https:\/\/www.lecarrefourdesopinions.ca\/wp-content\/uploads\/2012\/01\/OSH-station-solaire-300x224.jpg 300w\" sizes=\"auto, (max-width: 339px) 100vw, 339px\" \/> la cr\u00e9ativit\u00e9 de Montr\u00e9al\u00bb, a d\u00e9clar\u00e9 l&rsquo;honorable Charles Lapointe, pr\u00e9sident-directeur g\u00e9n\u00e9ral de Tourisme Montr\u00e9al, un acteur cl\u00e9 \u00e0 l&rsquo;origine de l&rsquo;\u00e9v\u00e9nement C2-MTL.<\/p>\n<p>Cr\u00e9ativit\u00e9 en entreprise : Comment on fait ?<\/p>\n<p>C2-MTL, qui se d\u00e9roulera les 22, 23, 24, et 25 mai 2012, s&rsquo;attaquera \u00e0 des questions fondamentales pour les entreprises. Comment mettre en place des environnements qui stimulent l&rsquo;\u00e9mergence d&rsquo;id\u00e9es nouvelles, comment \u00e9liminer le cloisonnement pour stimuler la cr\u00e9ativit\u00e9, comment d\u00e9velopper des mod\u00e8les d&rsquo;affaires qui peuvent se r\u00e9inventer, quelle valeur attribuer \u00e0 la R&amp;D, comment favoriser la cr\u00e9ation d&rsquo;id\u00e9es et la prise de risques, des th\u00e8mes qui seront notamment au programme.<\/p>\n<p>\u00ab La Chambre s&rsquo;est engag\u00e9e rapidement \u00e0 soutenir C2-MTL. Non seulement c&rsquo;est un concept formidable pour mettre en valeur la m\u00e9tropole et ses atouts, mais ce sera \u00e9galement l&rsquo;occasion de d\u00e9montrer le savoir-faire cr\u00e9atif de nos champions locaux \u00bb, a d\u00e9clar\u00e9 Michel Leblanc, pr\u00e9sident et chef de la direction de la Chambre de commerce du Montr\u00e9al m\u00e9tropolitain.<\/p>\n<p>Conf\u00e9renciers \u00e0 port\u00e9e plan\u00e9taire<\/p>\n<p>Des conf\u00e9renciers provenant de tous les horizons viendront partager leur exp\u00e9rience. Parmi ceux-ci, Francis Ford Coppola, conteur et homme d&rsquo;affaires; Michael Eisner, ex-PDG de Disney; Robert Safian, r\u00e9dacteur en chef de Fast Company; Dr. Rex Jung, professeur de neurosciences \u00e0 Universit\u00e9 du Nouveau Mexique; Arianna Huffington r\u00e9dactrice en chef de AOL Huffington Post Media Group; Robert Wong, directeur de cr\u00e9ation principal chez Google Creative Lab; Daniel Lamarre, PDG du Cirque du Soleil et Patrick Pichette, VP principal et chef de la direction financi\u00e8re, pour ne nommer que ceux-l\u00e0.<\/p>\n<p>Une trame exp\u00e9rientielle au service du contenu<\/p>\n<p>Le concept de cette conf\u00e9rence surprendra, alors qu&rsquo;il se d\u00e9roulera dans un contexte compl\u00e8tement nouveau et dans un environnement propice \u00e0 la cr\u00e9ativit\u00e9. C2-MTL repense le concept des conf\u00e9rences traditionnelles et propose des rencontres uniques, des expositions et des prestations cr\u00e9atives d&rsquo;envergure, un Boot Camp cr\u00e9atif dont notre amie Louise Guay est la reine, des \u00e9v\u00e9nements collaboratifs, tout <img loading=\"lazy\" decoding=\"async\" class=\"alignright size-full wp-image-7597\" title=\"Yves dans la Librairie Galignani, champs \u00c9lys\u00e9e Paris\" src=\"http:\/\/www.lecarrefourdesopinions.ca\/wp-content\/uploads\/2012\/01\/Yves-dans-la-Librairie-Galignani-champs-\u00c9lys\u00e9e-Paris.jpg\" alt=\"\" width=\"356\" height=\"267\" srcset=\"https:\/\/www.lecarrefourdesopinions.ca\/wp-content\/uploads\/2012\/01\/Yves-dans-la-Librairie-Galignani-champs-\u00c9lys\u00e9e-Paris.jpg 356w, https:\/\/www.lecarrefourdesopinions.ca\/wp-content\/uploads\/2012\/01\/Yves-dans-la-Librairie-Galignani-champs-\u00c9lys\u00e9e-Paris-300x225.jpg 300w\" sizes=\"auto, (max-width: 356px) 100vw, 356px\" \/>cela, dans un village novateur con\u00e7u exclusivement pour C2-MTL. \u00abNous souhaitons mettre l&rsquo;exp\u00e9rience au service du contenu afin de placer nos participants dans un mode propice \u00e0 l&rsquo;acquisition d&rsquo;habilet\u00e9s en leadership cr\u00e9atif, les amener \u00e0 r\u00e9fl\u00e9chir \u00e0 leurs enjeux d&rsquo;affaires et \u00e0 identifier les outils qui leur permettront de favoriser l&rsquo;implantation d&rsquo;une culture de cr\u00e9ativit\u00e9 dans leur organisation\u00bb, a indiqu\u00e9 M. Beno\u00eet Berthiaume, producteur ex\u00e9cutif de C2-MTL.<\/p>\n<p>Le ministre du D\u00e9veloppement \u00e9conomique, de l&rsquo;Innovation et de l&rsquo;Exportation, monsieur Sam Hamad, et le ministre responsable de la r\u00e9gion de Montr\u00e9al, monsieur Raymond Bachand, s&rsquo;entendent pour dire que les entreprises qu\u00e9b\u00e9coises doivent continuer d&rsquo;oser et de cr\u00e9er. Ils ont r\u00e9it\u00e9r\u00e9 que le gouvernement a bien compris cette dimension essentielle au succ\u00e8s de nos entreprises. C&rsquo;est d&rsquo;ailleurs pour cette raison que le gouvernement du Qu\u00e9bec a mis en \u0153uvre la Strat\u00e9gie qu\u00e9b\u00e9coise de la recherche et de l&rsquo;innovation en 2010.<\/p>\n<p>Au 21e si\u00e8cle, la cr\u00e9ativit\u00e9 doit devenir une fonction strat\u00e9gique de toute organisation et le gouvernement du Qu\u00e9bec sera toujours pr\u00e9sent pour appuyer des initiatives audacieuses qui d\u00e9montrent tout le talent des gens de chez nous.<\/p>\n<p>Une adresse aussi unique que l&rsquo;\u00e9v\u00e9nement<\/p>\n<p>C&rsquo;est dans un b\u00e2timent mythique, celui de la New City Gas <br \/>(http:\/\/www.heritagemontreal.org\/fr\/la-new-city-gas\/ ) que se d\u00e9roulera la conf\u00e9rence C2-MTL. Cet immeuble historique datant du 19e si\u00e8cle a servi de complexe d&rsquo;alimentation des r\u00e9verb\u00e8res de la ville dans les ann\u00e9es 1920. Situ\u00e9 au c\u0153ur du Quartier de l&rsquo;innovation, dans Griffintown, ce lieu retrouvera son lustre et sa lumi\u00e8re alors qu&rsquo;il sera enti\u00e8rement am\u00e9nag\u00e9 de mani\u00e8re \u00e0 contribuer \u00e0 l&rsquo;exp\u00e9rience des participants.<\/p>\n<p>Parmi les partenaires principaux de C2-MTL, qui regroupent Sid Lee, Cirque du Soleil et HSM Global, se trouve aussi Tourisme Montr\u00e9al, Fast Company, l&rsquo;entreprise m\u00e9dia la plus avant-gardiste sur les questions d&rsquo;innovation en entreprise. \u00c9crit par et pour les personnalit\u00e9s du mondes des affaires les plus progressistes, Fast Company inspire les lecteurs pour qu&rsquo;ils d\u00e9passent les limites traditionnelles et cr\u00e9ent l&rsquo;avenir des affaires. Fast Company profitera de C2-MTL pour c\u00e9l\u00e9brer sa liste des 100 personnes les plus cr\u00e9atives au monde.\u00a0 \u00a0<br \/>Les coordonn\u00e9es :\u00a0<span style=\"color: #0000ff;\"> http:\/\/www.fastcompany.com\/<\/span><\/p>\n<p>\u00ab C2-MTL est en continuit\u00e9 avec le statut de Montr\u00e9al comme m\u00e9tropole culturelle, mais \u00e9galement avec notre volont\u00e9 de faire du d\u00e9veloppement \u00e9conomique autrement. Si la cr\u00e9ativit\u00e9 a une place de choix \u00e0 Montr\u00e9al, c&rsquo;est par la collaboration que nous nous distinguons. La mode et le virtuel s&rsquo;allient, la sant\u00e9 et les arts num\u00e9riques se rencontrent, l&rsquo;a\u00e9rospatiale \u00e9change avec les jeux vid\u00e9o. Nous avons cette capacit\u00e9 d&rsquo;\u00e9liminer les fronti\u00e8res entre les secteurs pour favoriser l&rsquo;innovation. C2-MTL est un tremplin exceptionnel pour le faire et c&rsquo;est avec une grande fiert\u00e9 que nous soutenons ce grand \u00e9v\u00e9nement rassembleur \u00bb, a d\u00e9clar\u00e9 le maire de Montr\u00e9al, M. G\u00e9rald Tremblay.<\/p>\n<p>Partenaire cr\u00e9atif de l&rsquo;\u00e9v\u00e9nement, le Cirque du soleil mettra toute son intelligence cr\u00e9ative pour appuyer cette initiative unique. \u00ab Nos \u00e9quipes apporteront des id\u00e9es qui transformeront l&rsquo;exp\u00e9rience des participants de C2-MTL pour en faire un \u00e9v\u00e9nement marquant dont ils se souviendront. La cr\u00e9ativit\u00e9 de nos \u00e9quipes ira bien au-del\u00e0 du trap\u00e8ze ou de la corde raide, attendez-vous \u00e0 l&rsquo;inattendu\u00bb, a soulign\u00e9 Daniel Lamarre, pr\u00e9sident et chef de la direction du Cirque du Soleil.<\/p>\n<p>Pour plus d&rsquo;information :<br \/>Contactez-nous. A: 75 Queen Street #1400. <br \/>Montreal, Quebec H3C 2N6 Canada <br \/>P: +1 514 380 8755. <br \/>E: info@C2MTL.com<\/p>\n<p><span style=\"color: #0000ff;\">www.c2mtl.com<\/span><\/p>\n<script type=\"text\/javascript\">\n\nvar addthis_config = {\"data_track_clickback\":false,\"data_track_addressbar\":false,\"data_track_textcopy\":false};\n<\/script><script type=\"text\/javascript\" src=\"\/\/s7.addthis.com\/js\/250\/addthis_widget.js#pubid=f084fdfbcefba74c78dfad3bbc873ffd\"><\/script>","protected":false},"excerpt":{"rendered":"<p><span style=\"color: #3366ff;\">C2MTL : CR\u00c9ATIVIT\u00c9, INNOVATION ET COMMERCE EN PHASE POUR UNE GESTION STRAT\u00c9GIQUE<\/span><\/p>\n<p> <span style=\"color: #800000;\">Par Yves ALAVO<\/span> <\/p>\n<p>Du 22 au 25 mai 2012, Montr\u00e9al sera l&rsquo;h\u00f4te de C2-MTL, un rendez-vous d&rsquo;affaires international destin\u00e9 aux dirigeants d&rsquo;entreprises avides d&rsquo;information, d&rsquo;outils, &hellip;<\/p>\n","protected":false},"author":1,"featured_media":0,"comment_status":"open","ping_status":"open","sticky":false,"template":"","format":"standard","meta":{"footnotes":""},"categories":[1],"tags":[],"class_list":["post-7594","post","type-post","status-publish","format-standard","hentry","category-accueil"],"_links":{"self":[{"href":"https:\/\/www.lecarrefourdesopinions.ca\/index.php?rest_route=\/wp\/v2\/posts\/7594","targetHints":{"allow":["GET"]}}],"collection":[{"href":"https:\/\/www.lecarrefourdesopinions.ca\/index.php?rest_route=\/wp\/v2\/posts"}],"about":[{"href":"https:\/\/www.lecarrefourdesopinions.ca\/index.php?rest_route=\/wp\/v2\/types\/post"}],"author":[{"embeddable":true,"href":"https:\/\/www.lecarrefourdesopinions.ca\/index.php?rest_route=\/wp\/v2\/users\/1"}],"replies":[{"embeddable":true,"href":"https:\/\/www.lecarrefourdesopinions.ca\/index.php?rest_route=%2Fwp%2Fv2%2Fcomments&post=7594"}],"version-history":[{"count":3,"href":"https:\/\/www.lecarrefourdesopinions.ca\/index.php?rest_route=\/wp\/v2\/posts\/7594\/revisions"}],"predecessor-version":[{"id":7664,"href":"https:\/\/www.lecarrefourdesopinions.ca\/index.php?rest_route=\/wp\/v2\/posts\/7594\/revisions\/7664"}],"wp:attachment":[{"href":"https:\/\/www.lecarrefourdesopinions.ca\/index.php?rest_route=%2Fwp%2Fv2%2Fmedia&parent=7594"}],"wp:term":[{"taxonomy":"category","embeddable":true,"href":"https:\/\/www.lecarrefourdesopinions.ca\/index.php?rest_route=%2Fwp%2Fv2%2Fcategories&post=7594"},{"taxonomy":"post_tag","embeddable":true,"href":"https:\/\/www.lecarrefourdesopinions.ca\/index.php?rest_route=%2Fwp%2Fv2%2Ftags&post=7594"}],"curies":[{"name":"wp","href":"https:\/\/api.w.org\/{rel}","templated":true}]}}