{"id":7585,"date":"2014-09-25T08:56:22","date_gmt":"2014-09-25T12:56:22","guid":{"rendered":"http:\/\/www.lecarrefourdesopinions.ca\/?p=7585"},"modified":"2014-09-25T08:56:22","modified_gmt":"2014-09-25T12:56:22","slug":"la-lachete-serait-elle-devenue-notre-mamelle","status":"publish","type":"post","link":"https:\/\/www.lecarrefourdesopinions.ca\/?p=7585","title":{"rendered":"La L\u00e2chet\u00e9, serait-elle devenue notre Mamelle."},"content":{"rendered":"<p><span style=\"color: #3366ff;\">La L\u00e2chet\u00e9, serait-elle devenue notre Mamelle. <\/span><br \/><img loading=\"lazy\" decoding=\"async\" class=\"alignleft size-thumbnail wp-image-7586\" title=\"Photo Eric Nogard 4\" src=\"http:\/\/www.lecarrefourdesopinions.ca\/wp-content\/uploads\/2012\/01\/Photo-Eric-Nogard-45-134x107.jpg\" alt=\"\" width=\"134\" height=\"107\" \/> <span style=\"color: #800000;\"><em>Par \u00c9ric E.G. NOGARD<\/em><\/span> <\/p>\n<p>Depuis un bout de temps, m\u00eame, depuis un bon bout de temps, les \u00c9tablissements de Travail, Publics ou Priv\u00e9s sont devenus dit-on, contrairement \u00e0 ce qu\u2019ils \u00e9taient, m\u00eame si parfois on y r\u00e9clamait \u2013 ce qui semble compatible, voire inh\u00e9rent \u00e0 un processus de bonne sant\u00e9 et d\u2019\u00e9panouissement de ceux qui y sont employ\u00e9s \u2013 un peu plus de confort, un peu plus de s\u00e9curit\u00e9, une meilleure paie.<\/p>\n<p>D\u2019ailleurs, le Droit de Gr\u00e8ve n\u2019a-t-il pas \u00e9t\u00e9 con\u00e7u et institu\u00e9, depuis le Moyen-\u00e2ge o\u00f9 ce Droit a \u00e9t\u00e9 reconnu, non par un quelconque syndicat ou un pr\u00e9tendu parti politique, mais bel et bien par le Roi lui-m\u00eame, ce bon Roi de France qui prit pour L\u00e9gitime le Droit de se mettre en Gr\u00e8ve afin d\u2019obtenir un meilleur salaire et de meilleures conditions de travail.<\/p>\n<p>Depuis un bout de temps, m\u00eame, depuis un bon bout de temps, les \u00c9tablissements de Travail, Publics ou Priv\u00e9s, sont devenus pires que des bagnes, par la faute de ceux-l\u00e0 m\u00eame qu\u2019on n\u2019ose pas pointer du doigt, tellement on craint de le payer cher, vu qu\u2019ils tiennent le b\u00e2ton par le bon bout et qu\u2019ils n\u2019y vont pas du dos de la cuill\u00e8re, leur r\u00f4le de cadre ou de dirigeant leur faisant prendre les lieux pour leur bien propre : <\/p>\n<p>\uf0fc\u00a0\u00a0 \u00a0Tout chef, si peu chef soit-il, se croyant plus propri\u00e9taire que le Propri\u00e9taire lui-m\u00eame, toujours jouissant de la chose de l\u2019autre tout en se gardant de fonder la sienne\u2026 et pour cause.<\/p>\n<p>\uf0fc\u00a0\u00a0 \u00a0Malheur \u00e0 qui ne leur pla\u00eet pas, malheur \u00e0 qui ne passe pas \u00e0 leurs moindres caprices, malheur \u00e0 qui ne succombe pas \u00e0 leur harc\u00e8lement.<\/p>\n<p>\uf0fc\u00a0\u00a0 \u00a0Gare \u00e0 qui ne se plie aux fantasmes de ces Employ\u00e9s Surprot\u00e9g\u00e9s.<\/p>\n<p>Confondant volontiers entre Diriger et \u00catre Propri\u00e9taire, ne distinguant pas entre Direction et Propri\u00e9t\u00e9, se laissant prendre \u00e0 la Griserie du Pouvoir ces partis de pas grand-chose, fort souvent, il est vrai que les Dipl\u00f4mes sont devenus une Religion dans notre Pays des Merveilles.<\/p>\n<p>\uf0d8\u00a0\u00a0 \u00a0Ils font de l\u2019\u00c9tablissement une Gal\u00e8re, pire, un Bagne, pire encore, un Enfer\u2026<\/p>\n<p>\uf0d8\u00a0\u00a0 \u00a0Des \u00c9tablissements o\u00f9 les cadres sont les Pires Gardes Chiourmes, les M\u00e2tons de la derni\u00e8re esp\u00e8ce, au point qu\u2019\u00e0 la seule id\u00e9e de s\u2019y rendre, on se fait une authentique maladie, les M\u00e9decins peuvent en t\u00e9moigner.<\/p>\n<p>\uf0d8\u00a0\u00a0 \u00a0Des \u00c9tablissements o\u00f9 la d\u00e9lation, la calomnie et la flatterie, la trahison sont plus infernaux que le baiser de Juda\u2026 et sont monnaie courante. <\/p>\n<p>C\u2019est-\u00e0 se demander \u00e0 quelle source s\u2019abreuvent tous ces Sortis des Hautes \u00c9coles et Bard\u00e9s de Dipl\u00f4mes qui ASSASSINENT les Personnels et \u00c9tablissements qui leurs sont confi\u00e9s, dont ils ont la charge, mais dont il convient qu\u2019ils sachent qu\u2019ils ne sont propri\u00e9taire, ni du Troupeau, ni de la Bergerie, ni du Pr\u00e9 qui les nourrit, ni m\u00eame du fouet qu\u2019ils font claquer beaucoup plus pour la Terreur du Personnel que pour la Bonne Sant\u00e9 de l\u2019Entreprise.<\/p>\n<p>Seul le Despotisme Absolu comptant pour ces Propri\u00e9taires Putatifs, leur Perversit\u00e9 et les Complicit\u00e9s dont ils s\u2019assurent, la complicit\u00e9 faisant qu\u2019ils ont toujours raison de leurs Victimes.<\/p>\n<p>Et c\u2019est ainsi que va l\u2019Entreprise Fran\u00e7aise depuis que le Personnel est Coup\u00e9 du Bon Droit par les Bonnes \u0152uvres du Directeur et de son Staff, ces Propri\u00e9taires Putatifs de Malheurs qui font que le L\u00e9gitime Propri\u00e9taire ignore tout de son Bien comme de ceux qui y triment pour le rendre Prosp\u00e8re.<\/p>\n<p>Et c\u2019est ainsi que dans l\u2019Entreprise, qu\u2019elle soit Publique, qu\u2019elle soit Priv\u00e9e, Malheur \u00e0 qui n\u2019a pas la t\u00eate solidement riv\u00e9e sur les \u00e9paules.<\/p>\n<p>Quant aux Preuves, comment les r\u00e9unir dans un tel syst\u00e8me rompu \u00e0 l\u2019art de ne pas donner prise, de ne pas laisser de traces : en demander de plein droit c\u2019est d\u00e9j\u00e0 s\u2019exposer \u00e0 une mise \u00e0 la porte.<\/p>\n<p>\uf0fc\u00a0\u00a0 \u00a0On se bourre de pilules pour que tiennent les nerfs\u2026 h\u00e9las.<\/p>\n<p>\uf0fc\u00a0\u00a0 \u00a0On en arrive \u00e0 sortir de ses gonds\u2026, deux fois h\u00e9las.<\/p>\n<p>\uf0fc\u00a0\u00a0 \u00a0La d\u00e9pression fait suite au coup de gueule\u2026 trois fois h\u00e9las.<\/p>\n<p>Et la machine s\u2019emballe, c\u2019est la violence, c\u2019est l\u2019exclusion, avec pour corollaire la faim, la rue, la Prison, l\u2019Ali\u00e9nation, le Cimeti\u00e8re.<\/p>\n<p>Au point qu\u2019on se demande, s\u2019agissant de ce Ph\u00e9nom\u00e8ne Odieux que nous montrons du doigt,<\/p>\n<p>&#8211;\u00a0\u00a0 \u00a0Dans quelle mesure il \u00e9chappe \u00e0 nos Marchands de Paradis, gens de si bons conseils.<\/p>\n<p>&#8211;\u00a0\u00a0 \u00a0Dans quelle mesure ils n\u2019y seraient pour rien, eux \u00e0 qui rien n\u2019\u00e9chappe.<\/p>\n<p>&#8211;\u00a0\u00a0 \u00a0Dans quelle mesure ils \u00e9chapperont eux-m\u00eames \u00e0 cette abomination qu\u2019ils tol\u00e8rent, qu\u2019ils encouragent ou qu\u2019ils exploitent sans avoir l\u2019air d\u2019y toucher. <\/p>\n<p>La Torture Morale est trop \u00c9vidente dans certains \u00c9tablissements Publics ou Priv\u00e9s pour qu\u2019on l\u2019ignore.<\/p>\n<p>Ses Cons\u00e9quences sont trop R\u00e9v\u00e9l\u00e9es par les M\u00e9dias comme par le bouche-\u00e0-oreille pour qu\u2019on ne tente pas d\u2019y mettre un frein.<\/p>\n<p>Pour que quiconque soit sens\u00e9 les ignorer et se taire comme il est devenu d\u2019usage\u2026 n\u2019est-ce pas \u00e0 d\u00e9sesp\u00e9rer de tout.<\/p>\n<p>Dans la mesure o\u00f9 nul ne t\u2019ignore, TORTURE,<br \/>Dans la mesure o\u00f9 tu prosp\u00e8res comme c\u2019est le Cas.<\/p>\n<p>La L\u00c2CHET\u0116 serait-elle devenue notre MAMELLE.<\/p>\n<p>Hier on savait dire \u00ab Gare \u00e0 la Mine \u00bb.<br \/>Hier on savait dire \u00ab Attention ! Un Serpent, Watch it ! \u00bb<\/p>\n<p>Impossible de dire aujourd\u2019hui \u00ab Gare au Salopard! \u00bb<br \/>A ce train que nous r\u00e9serve demain.<\/p>\n<p>Maintenant que le <span style=\"color: #800000;\">\u00ab Misereatur vestri omnipotens Deus et demissis peccatis vestris \u00bb<\/span> de notre vieille Morale chr\u00e9tienne a c\u00e9d\u00e9 la pr\u00e9s\u00e9ance au \u00ab Va mon fr\u00e8re et p\u00e8che en paix, tant et comme il te plaira \u00bb de notre nouvelle morale venue d\u2019\u00c9gypte ou de quel Rasta-boum,<\/p>\n<p>L\u00c2CHET\u0116, NE SERAIS-TU PAS DEVENUE NOTRE MAMELLE.\u00a0\u00a0 \u00a0<\/p>\n<p><\/p>\n<script type=\"text\/javascript\">\n\nvar addthis_config = {\"data_track_clickback\":false,\"data_track_addressbar\":false,\"data_track_textcopy\":false};\n<\/script><script type=\"text\/javascript\" src=\"\/\/s7.addthis.com\/js\/250\/addthis_widget.js#pubid=f084fdfbcefba74c78dfad3bbc873ffd\"><\/script>","protected":false},"excerpt":{"rendered":"<p><span style=\"color: #3366ff;\">La L\u00e2chet\u00e9, serait-elle devenue notre Mamelle. <\/span> <span style=\"color: #800000;\">Par \u00c9ric E.G. NOGARD<\/span> <\/p>\n<p>Depuis un bout de temps, m\u00eame, depuis un bon bout de temps, les \u00c9tablissements de Travail, Publics ou Priv\u00e9s sont devenus dit-on, contrairement \u00e0 ce qu\u2019ils \u00e9taient, &hellip;<\/p>\n","protected":false},"author":1,"featured_media":0,"comment_status":"open","ping_status":"open","sticky":false,"template":"","format":"standard","meta":{"footnotes":""},"categories":[1],"tags":[],"class_list":["post-7585","post","type-post","status-publish","format-standard","hentry","category-accueil"],"_links":{"self":[{"href":"https:\/\/www.lecarrefourdesopinions.ca\/index.php?rest_route=\/wp\/v2\/posts\/7585","targetHints":{"allow":["GET"]}}],"collection":[{"href":"https:\/\/www.lecarrefourdesopinions.ca\/index.php?rest_route=\/wp\/v2\/posts"}],"about":[{"href":"https:\/\/www.lecarrefourdesopinions.ca\/index.php?rest_route=\/wp\/v2\/types\/post"}],"author":[{"embeddable":true,"href":"https:\/\/www.lecarrefourdesopinions.ca\/index.php?rest_route=\/wp\/v2\/users\/1"}],"replies":[{"embeddable":true,"href":"https:\/\/www.lecarrefourdesopinions.ca\/index.php?rest_route=%2Fwp%2Fv2%2Fcomments&post=7585"}],"version-history":[{"count":2,"href":"https:\/\/www.lecarrefourdesopinions.ca\/index.php?rest_route=\/wp\/v2\/posts\/7585\/revisions"}],"predecessor-version":[{"id":10972,"href":"https:\/\/www.lecarrefourdesopinions.ca\/index.php?rest_route=\/wp\/v2\/posts\/7585\/revisions\/10972"}],"wp:attachment":[{"href":"https:\/\/www.lecarrefourdesopinions.ca\/index.php?rest_route=%2Fwp%2Fv2%2Fmedia&parent=7585"}],"wp:term":[{"taxonomy":"category","embeddable":true,"href":"https:\/\/www.lecarrefourdesopinions.ca\/index.php?rest_route=%2Fwp%2Fv2%2Fcategories&post=7585"},{"taxonomy":"post_tag","embeddable":true,"href":"https:\/\/www.lecarrefourdesopinions.ca\/index.php?rest_route=%2Fwp%2Fv2%2Ftags&post=7585"}],"curies":[{"name":"wp","href":"https:\/\/api.w.org\/{rel}","templated":true}]}}