{"id":7578,"date":"2012-02-15T13:54:09","date_gmt":"2012-02-15T18:54:09","guid":{"rendered":"http:\/\/www.lecarrefourdesopinions.ca\/?p=7578"},"modified":"2012-02-15T13:54:09","modified_gmt":"2012-02-15T18:54:09","slug":"une-verite-qui-fait-mal","status":"publish","type":"post","link":"https:\/\/www.lecarrefourdesopinions.ca\/?p=7578","title":{"rendered":"Une v\u00e9rit\u00e9 qui fait mal"},"content":{"rendered":"<p><span style=\"color: #3366ff;\">Une v\u00e9rit\u00e9 qui fait mal<\/span><br \/> <img loading=\"lazy\" decoding=\"async\" class=\"alignleft size-thumbnail wp-image-7579\" title=\"Jean Erich\" src=\"http:\/\/www.lecarrefourdesopinions.ca\/wp-content\/uploads\/2012\/01\/Jean-Erich1-134x107.jpg\" alt=\"\" width=\"134\" height=\"107\" \/> <span style=\"color: #800000;\"><em>Par Jean Erich Ren\u00e9<\/em><\/span> <\/p>\n<p> <img loading=\"lazy\" decoding=\"async\" class=\"alignleft size-full wp-image-7581\" title=\"Photo A\" src=\"http:\/\/www.lecarrefourdesopinions.ca\/wp-content\/uploads\/2012\/01\/Photo-A.jpg\" alt=\"\" width=\"595\" height=\"270\" srcset=\"https:\/\/www.lecarrefourdesopinions.ca\/wp-content\/uploads\/2012\/01\/Photo-A.jpg 595w, https:\/\/www.lecarrefourdesopinions.ca\/wp-content\/uploads\/2012\/01\/Photo-A-300x136.jpg 300w, https:\/\/www.lecarrefourdesopinions.ca\/wp-content\/uploads\/2012\/01\/Photo-A-400x181.jpg 400w\" sizes=\"auto, (max-width: 595px) 100vw, 595px\" \/><br \/>Les rapports humains sont r\u00e9gis par des conditions, parfois tacites, auxquelles personnes ne peut \u00e9chapper, sans se marginaliser. Les relations internationales sont encore plus complexes et plus d\u00e9terminantes. Parfois on fait semblant de ne rien comprendre mais la camisole\u00a0 qu\u2019on vous impose \u00e0 dessein, vous identifie aux yeux de tous. Inutile de jouer \u00e0 l&rsquo;autruche en vous cachant la t\u00eate. Il est toujours conseill\u00e9 de ne pas ignorer une maladie car la mort arrive plus vite et \u00e0 coup s\u00fbr. L\u2019inauguration de l\u2019Universit\u00e9 du Roi Henri Christophe par la R\u00e9publique Dominicaine vient de couronner la d\u00e9cr\u00e9pitude de l\u2019\u00c9tat\u00a0 ha\u00eftien et le reniement d\u2019une marque de fabrique fondamentale : la fiert\u00e9 nationale. En plein c\u0153ur du Royaume de Christophe Leonel Fernandez vient de\u00a0 camper un Cheval de Troie. Dans un \u00e9lan d\u2019orgueil et de dignit\u00e9 nationale le Roi du Nord, apr\u00e8s avoir re\u00e7u en cadeau une voiture de la Reine d\u2019Angleterre en visite \u00e0 la Citadelle Laferri\u00e8re, a command\u00e9 \u00e0 ses techniciens de construire sa r\u00e9plique beaucoup plus jolie qu&rsquo;il a offerte en retour \u00e0\u00a0 la Couronne d\u2019Angleterre.<\/p>\n<p>Qu\u2019est-il advenu de cette race d\u2019hommes qui nous ont affranchis de l\u2019esclavage malgr\u00e9 la puissance de feu de l\u2019Empire de Napol\u00e9on ? Le moment est venu pour nous rendre compte que nous sommes arriv\u00e9s au dernier barreau de l\u2019\u00e9chelle avec la gifle dominicaine ! Oui c\u2019est une gifle que nous a flanqu\u00e9e en plein visage Leonel Fernandez. L\u2019empreinte de ses doigts\u00a0 demeurent ind\u00e9l\u00e9bile dans cette nouvelle page d\u2019histoire des relations haitiano-dominicaines. Le message est clair. En lisant entre les lignes, le Gouvernement Dominicain vient\u00a0 de confirmer l\u2019imp\u00e9ritie de nos dirigeants et prouver leur incapacit\u00e9 \u00e0 offrir \u00e0 la jeunesse ha\u00eftienne les fruits de l\u2019arbre de la science. Dans l&rsquo;espace d&rsquo;un an un Campus Universitaire, aux lignes architecturales bien d\u00e9finies, est implant\u00e9 \u00e0 Limonade. Nos dirigeants peuvent-il\u00a0 r\u00e9aliser un tel record. sans aucune fuite de capitaux ? Nous en doutons.<\/p>\n<p>Il y a belle lurette que nos jeunes sont oblig\u00e9s de se rendre \u00e0 Santo Domingo pour leur formation professionnelle faute de cadres ad\u00e9quats en Ha\u00efti. D\u2019ailleurs chez nous. le mot Universit\u00e9 a perdu son sens \u00e9tymologique. L\u2019Agora qui constitue son \u00e9picentre est envahie par des oiseaux de tout acabit qui se parent de titres ronflants sans les \u00e9tudes acad\u00e9miques ad\u00e9quates. Les ramages de la plupart d\u2019entre eux ne se rapportent nullement \u00e0 leurs plumages. Sont-ils eux-m\u00eames des Universitaires ? N\u2019importe qui enseigne n\u2019importe quoi avec leurs yeux riv\u00e9s sur leurs livres et pis encore dans un cahier jauni par le temps. La d\u00e9su\u00e9tude et m\u00eame la faiblesse de leurs connaissances ne r\u00e9pondent plus au vagissement du Monde moderne. Alors comment voulez-vous que nos dipl\u00f4m\u00e9s soient comp\u00e9titifs sur le march\u00e9 du travail. \u00a0<\/p>\n<p>Quedense a casa! Restez chez vous ! Voil\u00e0 le souhait le plus sinc\u00e8re de la R\u00e9publique Dominicaine en\u00a0 faisant don aux Ha\u00eftiens d\u2019une Universit\u00e9. On ne peut pas faire semblant de ne rien comprendre, sans honte et sans vergogne ! Disons tout de suite que partout dans le Monde la Construction des Universit\u00e9s a toujours \u00e9t\u00e9 l\u2019\u0153uvre de la Hi\u00e9rarchie Catholique et de l\u2019aile progressiste de la bourgeoisie sous l &lsquo;\u00e9gide de certains Chefs d\u2019\u00c9tat \u00e9clair\u00e9s. Par exemple l\u2019Universit\u00e9 d\u2019Ottawa au Canada est l\u2019\u0153uvre des J\u00e9suites. En Ha\u00efti,\u00a0 nous nageons dans un triangle de merdes. Peut-\u00eatre que le clerg\u00e9 breton pourrait y arriver mais nous avons fait le triste constat de ce penchant grabataire des Ev\u00eaques ha\u00eftiens. L\u2019\u0153uvre la plus spectaculairequ&rsquo;ils ont r\u00e9alis\u00e9e c\u2019est le d\u00e9chouquage. En guise d&rsquo;Universit\u00e9, ils ont instaur\u00e9 les TKL (Ti Komite Legliz) ou Communaut\u00e9s eccl\u00e9siales de base qui ont g\u00e2ch\u00e9 les examens du baccalaur\u00e9at sous l&rsquo;ordre du tristement c\u00e9l\u00e8bre Ev\u00eaque Rache Many\u00f2k.<br \/> <img loading=\"lazy\" decoding=\"async\" class=\"alignleft size-full wp-image-7582\" title=\"Photo B\" src=\"http:\/\/www.lecarrefourdesopinions.ca\/wp-content\/uploads\/2012\/01\/Photo-B.jpg\" alt=\"\" width=\"400\" height=\"242\" srcset=\"https:\/\/www.lecarrefourdesopinions.ca\/wp-content\/uploads\/2012\/01\/Photo-B.jpg 400w, https:\/\/www.lecarrefourdesopinions.ca\/wp-content\/uploads\/2012\/01\/Photo-B-300x181.jpg 300w\" sizes=\"auto, (max-width: 400px) 100vw, 400px\" \/><br \/>Quant \u00e0 la bourgeoisie ha\u00eftienne, nous comprenons bien leur indiff\u00e9rence par rapport \u00e0 l\u2019implantation des Universit\u00e9s en Ha\u00efti. Rien qu\u2019en se basant sur leurs noms dores et d\u00e9j\u00e0, on constate qu\u2019on est en pr\u00e9sence d\u2019une bourgeoisie d\u00e9racin\u00e9e qui n\u2019a aucune commune mesure avec les aspirations ha\u00eftiennes. Leurs enfants, ils les envoient dans leurs pays d\u2019origine c\u2019est \u00e0 dire les Universit\u00e9s europ\u00e9ennes. Pourtant en arrivant en Ha\u00efti leurs anc\u00eatres n\u2019avaient ni sou ni maille. Pour d\u00e9m\u00ealer les ficelles, faisons un petit tour d\u2019horizon :<br \/>&#8211; Les premiers arriv\u00e9s trainaient avec une boite sur les galeries des grands magasins qu\u2019ils ont fini par acqu\u00e9rir jusqu\u2019\u00e0 leur Manufacture de v\u00eatements.<br \/>&#8211; Les autres n\u2019avaient qu\u2019un petit garage \u00e0 la Grand\u2018rue au d\u00e9part pour monter une manufacture de chaussures, une fonderie et une\u00a0 Chaine de production industrielle.<br \/>&#8211; Les derniers arriv\u00e9s ont pris le train de la mondialisation pour acqu\u00e9rir au rabais, \u00e0 la faveur de la privatisation,\u00a0 les Entreprises d\u2019Etat : Minoterie d\u2019Ha\u00efti, Ciment d\u2019Ha\u00efti, Banques priv\u00e9es etc. Au d\u00e9comple le prix de la livre de farine et de ciment a quintupl\u00e9.<\/p>\n<p>Sans feinte et sans rancune, ils doivent tous admettre, exception faite de rares entrepreneurs, que leur participation \u00e0 l\u2019\u0153uvre de construction nationale est nulle, que dire de la reconstruction ! Pour mieux les convaincre nous leur adressons ce questionnaire :<br \/>1.\u00a0\u00a0\u00a0 Combien d\u2019\u00e9coles primaires, secondaires priv\u00e9es ou publiques ont-ils construit ? Z\u00e9ro ! Pourtant la Fondation Digiciel qui ne milite pas longtemps, apr\u00e8s le s\u00e9isme du 12 janvier 2010, a engag\u00e9 6 millions de dollars et construit 50 \u00e9coles en Haiti pendant 540 jours.<br \/>2.\u00a0\u00a0\u00a0 Combien de Coll\u00e8ges ou d\u2019Universit\u00e9s ont-ils b\u00e2ti pour la formation professionnelle de la jeunesse ha\u00eftienne ? Z\u00e9ro !\u00a0 Ce sont les intellectuels de la Classe Moyenne qui, avec leurs ongles, tentent de meubler l&rsquo;esprit de nos jeunes. Chapeau!<br \/>3.\u00a0\u00a0\u00a0 Combien d\u2019h\u00f4pitaux publics ou priv\u00e9s ont-ils construits en Ha\u00efti \u00e0 l\u2019instar des Juifs qui maitrisent le secteur m\u00e9dical aux USA ? Z\u00e9ro ! Quand ils sont malades ils appellent un avion ambulance tant pis pour les laiss\u00e9s-pour-compte.<br \/>4.\u00a0\u00a0\u00a0 Quelle somme ont-ils investi dans l\u2019Industrie de la Construction en vue de permettre \u00e0 la population de se loger dans une maison modeste ? Z\u00e9ro !<\/p>\n<p>La plus grande trag\u00e9die d\u00e9rive du fait que la Droite ha\u00eftienne n\u2019est pas la seule \u00e0 se comporter ainsi. Il est \u00e9tonnant de rencontrer parmi la Gauche la r\u00e9plique de\u00a0 cette bourgeoisie pes\u00e9e succ\u00e9e.Ils s&rsquo;enrichissent aux d\u00e9pens de la Doctrine qu&rsquo;ils foulent aux pieds. Tant pis pour les camarades qui cr\u00e8vent!\u00a0 <img loading=\"lazy\" decoding=\"async\" class=\"alignleft size-full wp-image-7583\" title=\"Photo C\" src=\"http:\/\/www.lecarrefourdesopinions.ca\/wp-content\/uploads\/2012\/01\/Photo-C.jpg\" alt=\"\" width=\"466\" height=\"262\" srcset=\"https:\/\/www.lecarrefourdesopinions.ca\/wp-content\/uploads\/2012\/01\/Photo-C.jpg 466w, https:\/\/www.lecarrefourdesopinions.ca\/wp-content\/uploads\/2012\/01\/Photo-C-300x168.jpg 300w, https:\/\/www.lecarrefourdesopinions.ca\/wp-content\/uploads\/2012\/01\/Photo-C-400x224.jpg 400w\" sizes=\"auto, (max-width: 466px) 100vw, 466px\" \/><\/p>\n<p>Dans tous les pays du monde, ce sont les \u00e9lites qui donnent le ton. Avec une bourgeoisie salope qui se contente de la sous-traitance et de la pitance qu\u2019elle re\u00e7oit des grandes chaines de production internationales, ce n\u2019est pas n\u00e9cessaire de former des universitaires. Les ing\u00e9nieurs sont cas\u00e9s dans les pays riches. La main-d\u2019\u0153uvre servile est recrut\u00e9e\u00a0 dans les pays pauvres comme Ha\u00efti pour travailler dans les Zones Franches. Avec des socialistes caviars qui se comportent en de v\u00e9ritables collabos, m\u00eame lorsqu\u2019ils ont leurs repr\u00e9sentants au Parlement, les revendications de la classe ouvri\u00e8re n\u2019auront aucune suite. Le salaire minimum\u00a0 ne bougera pas.<\/p>\n<p>Comme le lion nous pr\u00e9f\u00e9rons regagner le fond des bois pour y mourir au lieu de nous faire humilier par le don de l\u2019Universit\u00e9 de Limonade. Qui pis est, ils n\u2019ont aucun budget ni structure organisationnelle, ni cadre comp\u00e9tent pour assurer le suivi. Remettre les cl\u00e9s au Rectorat de l\u2019Universit\u00e9 d\u2019\u00c9tat d\u2019Ha\u00efti, sans aucun budget de fonctionnement, c\u2019est un d\u00e9ni de responsabilit\u00e9. Partout dans le monde ce sont les Grandes Firmes qui patronnent les Universit\u00e9s et accordent aux \u00e9tudiants des bourses d\u00e9ductibles d\u2019imp\u00f4t. Le Gouvernement Martelly Conille doit employer cette m\u00e9thode de financement pour faire fonctionner le Campus Universitaire de Limonade. L\u2019\u00e9chec sera encore plus cuisant et la honte plus profonde si on n\u2019arrive m\u00eame pas \u00e0 ouvrir ses portes. Les mat\u00e9riels et ses mobiliers seront vol\u00e9s. En filigrane, c\u2019est le grand d\u00e9fi que nous lance le Gouvernement dominicain. Le Pr\u00e9sident Leonel Fernandez vient de mettre le Gouvernement haitien le dos au mur tout en prouvant au monde entier que les Haitiens auront une vie meilleure sous son protectorat. Une v\u00e9rit\u00e9 qui fait mal.<\/p>\n<script type=\"text\/javascript\">\n\nvar addthis_config = {\"data_track_clickback\":false,\"data_track_addressbar\":false,\"data_track_textcopy\":false};\n<\/script><script type=\"text\/javascript\" src=\"\/\/s7.addthis.com\/js\/250\/addthis_widget.js#pubid=f084fdfbcefba74c78dfad3bbc873ffd\"><\/script>","protected":false},"excerpt":{"rendered":"<p><span style=\"color: #3366ff;\">Une v\u00e9rit\u00e9 qui fait mal<\/span>  <span style=\"color: #800000;\">Par Jean Erich Ren\u00e9<\/span> <\/p>\n<p> Les rapports humains sont r\u00e9gis par des conditions, parfois tacites, auxquelles personnes ne peut \u00e9chapper, sans se marginaliser. Les relations internationales sont encore plus complexes et plus d\u00e9terminantes. &hellip;<\/p>\n","protected":false},"author":1,"featured_media":0,"comment_status":"open","ping_status":"open","sticky":false,"template":"","format":"standard","meta":{"footnotes":""},"categories":[1],"tags":[],"class_list":["post-7578","post","type-post","status-publish","format-standard","hentry","category-accueil"],"_links":{"self":[{"href":"https:\/\/www.lecarrefourdesopinions.ca\/index.php?rest_route=\/wp\/v2\/posts\/7578","targetHints":{"allow":["GET"]}}],"collection":[{"href":"https:\/\/www.lecarrefourdesopinions.ca\/index.php?rest_route=\/wp\/v2\/posts"}],"about":[{"href":"https:\/\/www.lecarrefourdesopinions.ca\/index.php?rest_route=\/wp\/v2\/types\/post"}],"author":[{"embeddable":true,"href":"https:\/\/www.lecarrefourdesopinions.ca\/index.php?rest_route=\/wp\/v2\/users\/1"}],"replies":[{"embeddable":true,"href":"https:\/\/www.lecarrefourdesopinions.ca\/index.php?rest_route=%2Fwp%2Fv2%2Fcomments&post=7578"}],"version-history":[{"count":3,"href":"https:\/\/www.lecarrefourdesopinions.ca\/index.php?rest_route=\/wp\/v2\/posts\/7578\/revisions"}],"predecessor-version":[{"id":7801,"href":"https:\/\/www.lecarrefourdesopinions.ca\/index.php?rest_route=\/wp\/v2\/posts\/7578\/revisions\/7801"}],"wp:attachment":[{"href":"https:\/\/www.lecarrefourdesopinions.ca\/index.php?rest_route=%2Fwp%2Fv2%2Fmedia&parent=7578"}],"wp:term":[{"taxonomy":"category","embeddable":true,"href":"https:\/\/www.lecarrefourdesopinions.ca\/index.php?rest_route=%2Fwp%2Fv2%2Fcategories&post=7578"},{"taxonomy":"post_tag","embeddable":true,"href":"https:\/\/www.lecarrefourdesopinions.ca\/index.php?rest_route=%2Fwp%2Fv2%2Ftags&post=7578"}],"curies":[{"name":"wp","href":"https:\/\/api.w.org\/{rel}","templated":true}]}}