{"id":7567,"date":"2012-01-18T12:27:15","date_gmt":"2012-01-18T17:27:15","guid":{"rendered":"http:\/\/www.lecarrefourdesopinions.ca\/?p=7567"},"modified":"2012-01-18T12:27:15","modified_gmt":"2012-01-18T17:27:15","slug":"horoscope-selon-madame-charlesia","status":"publish","type":"post","link":"https:\/\/www.lecarrefourdesopinions.ca\/?p=7567","title":{"rendered":"Horoscope selon Madame Charl\u00e9sia."},"content":{"rendered":"<p><span style=\"color: #3366ff;\">Horoscope selon Madame Charl\u00e9sia.<\/span><\/p>\n<p> <img loading=\"lazy\" decoding=\"async\" class=\"alignleft size-thumbnail wp-image-7568\" title=\"Photo Eric Nogard 4\" src=\"http:\/\/www.lecarrefourdesopinions.ca\/wp-content\/uploads\/2012\/01\/Photo-Eric-Nogard-44-134x107.jpg\" alt=\"\" width=\"134\" height=\"107\" \/> <span style=\"color: #800000;\"><em>Par \u00c9ric E.G. NOGARD<\/em><\/span> <\/p>\n<p>Madame Charl\u00e9sia est cette curieuse personne dont nous avons eu la joie de rappeler la m\u00e9moire aux Trinit\u00e9ens, car, elle est de la Trinit\u00e9.<\/p>\n<p>Non pas de la Sainte Trinit\u00e9 qui consiste en Dieu le P\u00e8re, avec son Fils J\u00e9sus, avec aussi le Saint-Esprit et \u00e0 laquelle nous croyons, tellement il vaut mieux y croire que de faire son Cr\u00e9do de tellement d\u2019id\u00e9es Diaboliques.<\/p>\n<p>Non pas de notre grande et belle voisine de la Mer des Cara\u00efbes, baptis\u00e9e Trinidad par leurs Excellences les tr\u00e8s Catholiques Rois d\u2019Espagne, cette Isle du Steel-Band dont l\u2019Art de tirer des sons m\u00e9lodieux des f\u00fbts vides de p\u00e9trole ne sera peut-\u00eatre jamais \u00e9gal\u00e9, l\u2019Inventeur, dans ce cas, demeurant le Ma\u00eetre dans la Pratique de son Invention.<\/p>\n<p>Madame Charl\u00e9sia \u00e9tant de la Trinit\u00e9, cette Trinit\u00e9-Sur-Mer dont les pieds font d\u00e9licieusement trempette, non pas dans la M\u00e9dit\u00e9rran\u00e9e, cette Mare Nostrum tellement connue des Barbaresques, tout comme de l\u2019Othello de Shakespeare, mais dans l\u2019Atlantique, avec sa Caravelle.<\/p>\n<p>Ne convient-il pas qu\u2019on sache en pr\u00e9ambule que, toute Micro-Entit\u00e9 soit-elle, la Martinique a fa\u00e7ade sur l\u2019Atlantique comme sur la Mer des Cara\u00efbes, nonobstant les \u00ab Canaux \u00bb qui l\u2019unissent \u00e0 ses ch\u00e8res voisines, la Dominique au Nord et Sainte-Lucie au Sud, qui furent ses D\u00e9pendances, tout comme la Guadeloupe, d\u2019ailleurs\u2026 et la Guyane aussi, s\u2019agissant de certaines Administrations.<\/p>\n<p>Madame Charl\u00e9sia \u00e9tait une Cassandre, une Circ\u00e9, un M\u00e9dium dans les rapports des vivants avec l\u2019au-del\u00e0, comme nous l\u2019avons relat\u00e9 dans notre chronique du 10 Mars 2011 n\u00b0 2011\/236 intitul\u00e9e \u00ab Madame CHARLESIA, M\u00e9dium. \u00bb.<\/p>\n<p>Et nous tentons de dire quel Oracle rendrait Madame Charl\u00e9sia, s\u2019agissant des prochaines \u00c9lections Fran\u00e7aises \u00e0 la Pr\u00e9sidence de la R\u00e9publique.<\/p>\n<p>\u2022\u00a0\u00a0 \u00a0<strong>Candidate Marine LE-PEN.<\/strong><\/p>\n<p>Ferait une bonne Pr\u00e9sidente de la R\u00e9publique si on consentait seulement \u00e0 lui pr\u00eater l\u2019oreille, condition n\u00e9cessaire pour saisir le bien-fond\u00e9 pour la France de son Programme.<\/p>\n<p>D\u2019ailleurs, n\u2019est-elle pas entour\u00e9e de Fran\u00e7ais parfaitement capables de la Conseiller comme le sont tous ses \u00ab Homologues \u00bb.<\/p>\n<p>H\u00e9las, l\u2019\u00c9lection de Marine LE-PEN serait pr\u00e9texte \u00e0 mettre la France sens dessus-dessous, ce qui n\u2019est souhaitable ni pour Marine, ni pour sa ch\u00e8re Patrie.<\/p>\n<p>\u2022\u00a0\u00a0 \u00a0<strong>Candidat Fran\u00e7ois HOLLANDE.<\/strong><\/p>\n<p>Honn\u00eate Homme, sympathique au demeurant, mais pris en tenaille par son entourage Politique quand certaines qualit\u00e9s de caract\u00e8re lui font d\u00e9faut.<\/p>\n<p>L\u2019\u00e9lire \u00e0 la Pr\u00e9sidence, reviendrait \u00e0 r\u00e9duire la France \u00e0 la\u00a0 situation qui lui a \u00e9t\u00e9 tellement pr\u00e9judiciable sous la Quatri\u00e8me R\u00e9publique, quand les Probl\u00e8mes de la France n\u2019\u00e9taient pas de l\u2019Ordre qu\u2019on leur conna\u00eet de nos Jours.<\/p>\n<p>HOLLANDE n\u2019est pas MITTERRAND bien que tous deux FRAN\u00c7OIS, et HOLLANDE, si aimable soit-il, ne fera pas le POIDS.<\/p>\n<p>\u2022\u00a0\u00a0 \u00a0<strong>Candidat SARKOZY.<\/strong><\/p>\n<p>Les Fran\u00e7ais sont oublieux.<\/p>\n<p>SARKOZY prit la France en main quand nul ne donnerait cher de sa Peau.<\/p>\n<p>Et SARKOZY a tenu contre Vents et Mar\u00e9es, les Probl\u00e8mes de la France ne sont pas n\u00e9s de lui.<\/p>\n<p>Ainsi, on ne peut pas dire qu\u2019il soit le P\u00e8re de l\u2019Europe.<\/p>\n<p>Et s\u2019il en est le Fils, nul autant que lui n\u2019a su tenir t\u00eate \u00e0 Angela MERKEL, et, avec Ang\u00e9la et Nicolas, l\u2019Europe tient encore sous le S\u00e9isme de la Crise Mondiale comme sous le Tsunami de la Dette.<\/p>\n<p>A voir le Trap\u00e9ziste dans ses Voltiges, on est tent\u00e9 de croire la chose si simple qu\u2019on s\u2019en croit tr\u00e8s capable, mais\u2026 il est vrai que de nos jours, il est impos\u00e9 l\u2019usage du filet\u2026 et m\u00eame du filin.<\/p>\n<p>Pour le Prochain Mandat Pr\u00e9sidentiel, \u00e0 lire dans le marc de caf\u00e9 comme l\u2019e\u00fbt fait Madame Charl\u00e9sia, Nicolas SARKOZY comme Pr\u00e9sident, c\u2019est le meilleur qu\u2019on puisse souhaiter \u00e0 la France.<\/p>\n<p>D\u2019ailleurs, tenir bon tout au long de sa Mandature avec un seul et m\u00eame Premier Ministre, n\u2019est-ce pas \u00eatre Constant dans ses Options, Responsable dans ses Choix et Stable dans la Tenue du TIMON des Affaires de la France.<\/p>\n<p>\u2022\u00a0\u00a0 \u00a0Autres Candidats.<\/p>\n<p>Ce serait faire du WASTE TIME que de s\u2019attarder sur les autres Candidats \u00e0 la Pr\u00e9sidentielle : par temps de crise et de surendettement, cela nous semble contre-indiqu\u00e9.<\/p>\n<p>Tel est ce que dirait Madame Charl\u00e9sia dans son Horoscope sur les Prochaines \u00c9lections \u00e0 la Pr\u00e9sidence de la R\u00e9publique Fran\u00e7aise.<\/p>\n<p><\/p>\n<script type=\"text\/javascript\">\n\nvar addthis_config = {\"data_track_clickback\":false,\"data_track_addressbar\":false,\"data_track_textcopy\":false};\n<\/script><script type=\"text\/javascript\" src=\"\/\/s7.addthis.com\/js\/250\/addthis_widget.js#pubid=f084fdfbcefba74c78dfad3bbc873ffd\"><\/script>","protected":false},"excerpt":{"rendered":"<p><span style=\"color: #3366ff;\">Horoscope selon Madame Charl\u00e9sia.<\/span><\/p>\n<p>  <span style=\"color: #800000;\">Par \u00c9ric E.G. NOGARD<\/span> <\/p>\n<p>Madame Charl\u00e9sia est cette curieuse personne dont nous avons eu la joie de rappeler la m\u00e9moire aux Trinit\u00e9ens, car, elle est de la Trinit\u00e9.<\/p>\n<p>Non pas de la Sainte &hellip;<\/p>\n","protected":false},"author":1,"featured_media":0,"comment_status":"open","ping_status":"open","sticky":false,"template":"","format":"standard","meta":{"footnotes":""},"categories":[1],"tags":[],"class_list":["post-7567","post","type-post","status-publish","format-standard","hentry","category-accueil"],"_links":{"self":[{"href":"https:\/\/www.lecarrefourdesopinions.ca\/index.php?rest_route=\/wp\/v2\/posts\/7567","targetHints":{"allow":["GET"]}}],"collection":[{"href":"https:\/\/www.lecarrefourdesopinions.ca\/index.php?rest_route=\/wp\/v2\/posts"}],"about":[{"href":"https:\/\/www.lecarrefourdesopinions.ca\/index.php?rest_route=\/wp\/v2\/types\/post"}],"author":[{"embeddable":true,"href":"https:\/\/www.lecarrefourdesopinions.ca\/index.php?rest_route=\/wp\/v2\/users\/1"}],"replies":[{"embeddable":true,"href":"https:\/\/www.lecarrefourdesopinions.ca\/index.php?rest_route=%2Fwp%2Fv2%2Fcomments&post=7567"}],"version-history":[{"count":2,"href":"https:\/\/www.lecarrefourdesopinions.ca\/index.php?rest_route=\/wp\/v2\/posts\/7567\/revisions"}],"predecessor-version":[{"id":7573,"href":"https:\/\/www.lecarrefourdesopinions.ca\/index.php?rest_route=\/wp\/v2\/posts\/7567\/revisions\/7573"}],"wp:attachment":[{"href":"https:\/\/www.lecarrefourdesopinions.ca\/index.php?rest_route=%2Fwp%2Fv2%2Fmedia&parent=7567"}],"wp:term":[{"taxonomy":"category","embeddable":true,"href":"https:\/\/www.lecarrefourdesopinions.ca\/index.php?rest_route=%2Fwp%2Fv2%2Fcategories&post=7567"},{"taxonomy":"post_tag","embeddable":true,"href":"https:\/\/www.lecarrefourdesopinions.ca\/index.php?rest_route=%2Fwp%2Fv2%2Ftags&post=7567"}],"curies":[{"name":"wp","href":"https:\/\/api.w.org\/{rel}","templated":true}]}}