{"id":7564,"date":"2012-01-18T12:28:22","date_gmt":"2012-01-18T17:28:22","guid":{"rendered":"http:\/\/www.lecarrefourdesopinions.ca\/?p=7564"},"modified":"2012-01-18T12:28:22","modified_gmt":"2012-01-18T17:28:22","slug":"ainsi-parla-zaratoustra","status":"publish","type":"post","link":"https:\/\/www.lecarrefourdesopinions.ca\/?p=7564","title":{"rendered":"Ainsi parla Zaratoustra !.."},"content":{"rendered":"<p><span style=\"color: #3366ff;\">Ainsi parla Zaratoustra !.. <\/span><br \/> <img loading=\"lazy\" decoding=\"async\" class=\"alignleft size-thumbnail wp-image-7565\" title=\"Photo Eric Nogard 4\" src=\"http:\/\/www.lecarrefourdesopinions.ca\/wp-content\/uploads\/2012\/01\/Photo-Eric-Nogard-43-134x107.jpg\" alt=\"\" width=\"134\" height=\"107\" \/> <span style=\"color: #800000;\"><em>Par \u00c9ric E.G. NOGARD<\/em><\/span> <\/p>\n<p>J\u2019ai \u00e9t\u00e9 sollicit\u00e9 pour pr\u00e9sider au Comit\u00e9 de Soutien \u00e0 Fran\u00e7ois HOLLANDE, candidat aux \u00c9lections \u00e0 la Pr\u00e9sidence de la R\u00e9publique Fran\u00e7aise en 2012.<\/p>\n<p>Je pense \u2013 et je suis un pense-bien \u2013 que c\u2019est parce que j\u2019ai fait le Consensus sur mon nom en Comit\u00e9 restreint, m\u00eame si je n\u2019ai pas \u00e9t\u00e9 un militant actif depuis 1991, donc depuis vingt ann\u00e9es, depuis une g\u00e9n\u00e9ration.<\/p>\n<p>Un Volcan, \u00e7a se r\u00e9veille\u2026 Me voil\u00e0 r\u00e9veill\u00e9.<\/p>\n<p>On me d\u00e9terre en somme pour faire peau neuve et servir de b\u00e9quilles \u00e0 Manscour et \u00e0 Occolier \u00e0 qui il doit manquer un petit quelque-chose, parole de Toubib.<\/p>\n<p>Les jeunes g\u00e9n\u00e9rations ne sont pas faites \u00e0 ce jeu, il leur manque la troisi\u00e8me jambe n\u00e9cessaire aux entrechats d\u2019usage.<\/p>\n<p>Mon action portera sur l\u2019accueil de Fran\u00e7ois HOLLANDE, de l\u2019a\u00e9roport Aim\u00e9 CESAIRE aux meubles de Serge LETCHIMY, au CARBET du Parc Floral, au SERMAC et vice-versa.<\/p>\n<p>Fran\u00e7ois HOLLANDE dont la visite se traduira par un MEETING, puis, par une prise de contact avec les \u00e9lecteurs, Raisons qui font que Je Crois que sa pr\u00e9sence parmi nous marquera un point important dans la Campagne \u00c9lectorale pour la Pr\u00e9sidence des Fran\u00e7ais, Martiniquais compris.<\/p>\n<p>Un point important pour qui, un point important en quoi\u2026 aucune id\u00e9e, sauf que pour moi, c\u2019est important. Il suffit que je sache pourquoi.<\/p>\n<p>Le Social s\u2019est invit\u00e9 dans le d\u00e9bat : quel casse-pied celui-l\u00e0.<\/p>\n<p>L\u2019\u00e9quilibre entre les demandes des classes d\u00e9favoris\u00e9es et les classes moyennes est l\u2019une des \u00ab constances \u00bb de la Politique Sociale des Socialistes.<\/p>\n<p>A mon avis, il faut trouver une Solution Novatrice :<\/p>\n<p>Autant dire, comme dans la chanson, qu\u2019il faut chercher apr\u00e8s Titine\u2026avec Constance\u2026 espoir faisant vivre dit-on.<\/p>\n<p>Sans compter qu\u2019\u00e0 bien plisser le front, on peut faire croire qu\u2019on cherche, qu\u2019on r\u00e9fl\u00e9chit en tout cas\u2026 c\u2019est ainsi qu\u2019on entube les ma\u00eetres d\u00e8s l\u2019\u00e9cole.<\/p>\n<p>Et puis d\u2019ailleurs, Dieu b\u00e9nit l\u2019Homme, non pour qu\u2019il trouve, mais pour qu\u2019il cherche !.. Cherchons donc, cherchons donc !.. en plissant bien le front.<\/p>\n<p>Peu importe qu\u2019on la trouve ou qu\u2019on ne la trouve pas, au point o\u00f9 nous en sommes et depuis le temps que nous la cherchons, cette Solution Novatrice, depuis le temps que nous lui courons apr\u00e8s, ce Mod\u00e8le Innovant\u2026\u00a0 on fera avec !&#8230; n\u2019est-ce pas ami MANSCOUR, n\u2019est-ce pas fr\u00e8re OCCOLIER, camarade LETCHIMY et autres Bolcheviques ?.. Pour ce qui est des autres, peu importe.<\/p>\n<p>L\u2019important c\u2019est que HOLLANDE soit \u00c9lu Pr\u00e9sident de la R\u00e9publique Fran\u00e7aise, notre strapontin sera certain d\u2019une mani\u00e8re ou d\u2019une autre.<\/p>\n<p>Une victoire de HOLLANDE est plus que n\u00e9cessaire, elle est indispensable. Elle va entra\u00eener le changement que le Peuple r\u00e9clame : du Social bien ordonn\u00e9 !..<\/p>\n<p>Il faut travailler dans cet objectif, dans la Continuit\u00e9 de Fran\u00e7ois Mimi de Solutr\u00e9, le Tonton de Latch\u00e9.<\/p>\n<p>Et puis Merde si HOLLANDE se fait gober comme un \u00ab \u0153uf mollet \u00bb, ce sera la faute aux B\u00e9k\u00e9s, profiteurs et voleurs, complices d\u2019Angela la MERKEL cette vieille maquerelle et de cette Jeunesse qui ne sait pas prendre les choses en main comme savent le faire nos si vaillants chevaux de retour.<\/p>\n<p>Parole de Zaratoustra, ne varietur ou presque,\u00a0 France-Antilles Martinique, page 8 du 11 Janvier 2012 : Rubrique \u00ab Trois questions \u00e0. \u00bb. <\/p>\n<script type=\"text\/javascript\">\n\nvar addthis_config = {\"data_track_clickback\":false,\"data_track_addressbar\":false,\"data_track_textcopy\":false};\n<\/script><script type=\"text\/javascript\" src=\"\/\/s7.addthis.com\/js\/250\/addthis_widget.js#pubid=f084fdfbcefba74c78dfad3bbc873ffd\"><\/script>","protected":false},"excerpt":{"rendered":"<p><span style=\"color: #3366ff;\">Ainsi parla Zaratoustra !.. <\/span>  <span style=\"color: #800000;\">Par \u00c9ric E.G. NOGARD<\/span> <\/p>\n<p>J\u2019ai \u00e9t\u00e9 sollicit\u00e9 pour pr\u00e9sider au Comit\u00e9 de Soutien \u00e0 Fran\u00e7ois HOLLANDE, candidat aux \u00c9lections \u00e0 la Pr\u00e9sidence de la R\u00e9publique Fran\u00e7aise en 2012.<\/p>\n<p>Je pense \u2013 et je &hellip;<\/p>\n","protected":false},"author":1,"featured_media":0,"comment_status":"open","ping_status":"open","sticky":false,"template":"","format":"standard","meta":{"footnotes":""},"categories":[1],"tags":[],"class_list":["post-7564","post","type-post","status-publish","format-standard","hentry","category-accueil"],"_links":{"self":[{"href":"https:\/\/www.lecarrefourdesopinions.ca\/index.php?rest_route=\/wp\/v2\/posts\/7564","targetHints":{"allow":["GET"]}}],"collection":[{"href":"https:\/\/www.lecarrefourdesopinions.ca\/index.php?rest_route=\/wp\/v2\/posts"}],"about":[{"href":"https:\/\/www.lecarrefourdesopinions.ca\/index.php?rest_route=\/wp\/v2\/types\/post"}],"author":[{"embeddable":true,"href":"https:\/\/www.lecarrefourdesopinions.ca\/index.php?rest_route=\/wp\/v2\/users\/1"}],"replies":[{"embeddable":true,"href":"https:\/\/www.lecarrefourdesopinions.ca\/index.php?rest_route=%2Fwp%2Fv2%2Fcomments&post=7564"}],"version-history":[{"count":2,"href":"https:\/\/www.lecarrefourdesopinions.ca\/index.php?rest_route=\/wp\/v2\/posts\/7564\/revisions"}],"predecessor-version":[{"id":7576,"href":"https:\/\/www.lecarrefourdesopinions.ca\/index.php?rest_route=\/wp\/v2\/posts\/7564\/revisions\/7576"}],"wp:attachment":[{"href":"https:\/\/www.lecarrefourdesopinions.ca\/index.php?rest_route=%2Fwp%2Fv2%2Fmedia&parent=7564"}],"wp:term":[{"taxonomy":"category","embeddable":true,"href":"https:\/\/www.lecarrefourdesopinions.ca\/index.php?rest_route=%2Fwp%2Fv2%2Fcategories&post=7564"},{"taxonomy":"post_tag","embeddable":true,"href":"https:\/\/www.lecarrefourdesopinions.ca\/index.php?rest_route=%2Fwp%2Fv2%2Ftags&post=7564"}],"curies":[{"name":"wp","href":"https:\/\/api.w.org\/{rel}","templated":true}]}}