{"id":7557,"date":"2012-01-25T21:00:59","date_gmt":"2012-01-26T02:00:59","guid":{"rendered":"http:\/\/www.lecarrefourdesopinions.ca\/?p=7557"},"modified":"2012-01-25T21:00:59","modified_gmt":"2012-01-26T02:00:59","slug":"comme-si-l%e2%80%99age-etait-un-pretexte-a-demission-2","status":"publish","type":"post","link":"https:\/\/www.lecarrefourdesopinions.ca\/?p=7557","title":{"rendered":"Comme si l\u2019\u00c2ge \u00e9tait un pr\u00e9texte \u00e0 D\u00e9mission"},"content":{"rendered":"<p><span style=\"color: #3366ff;\">Comme si l\u2019\u00c2ge \u00e9tait un pr\u00e9texte \u00e0 D\u00e9mission<\/span>.<br \/> <img loading=\"lazy\" decoding=\"async\" class=\"alignleft size-thumbnail wp-image-7558\" title=\"Photo Eric Nogard 4\" src=\"http:\/\/www.lecarrefourdesopinions.ca\/wp-content\/uploads\/2012\/01\/Photo-Eric-Nogard-41-134x107.jpg\" alt=\"\" width=\"134\" height=\"107\" \/> <span style=\"color: #800000;\"><em>Par \u00c9ric E.G. NOGARD<\/em><\/span> <br \/>Certains sujets sont \u00e0 l\u2019\u00e9vidence on ne peut plus p\u00e9nibles \u00e0 d\u00e9velopper m\u00eame s\u2019ils ont valeur de ph\u00e9nom\u00e8nes de soci\u00e9t\u00e9, m\u00eame si ceux par qui ils vous tombent dessus sont assez inconscients pour les jeter inconsid\u00e9r\u00e9ment \u00e0 l\u2019opinion publique.<\/p>\n<p>Sujets p\u00e9nibles, \u00e0 la seule id\u00e9e de les d\u00e9velopper en public, tellement ils sont de nature \u00e0 faire scandale, dans le risque qu\u2019ils comportent de d\u00e9ranger ceux-l\u00e0 m\u00eames qui sont pris pour des gens bien pensants.<\/p>\n<p>N\u00e9anmoins, faut-il laisser prosp\u00e9rer dans l\u2019opinion, sans tenter d\u2019y mettre un frein, des id\u00e9es qu\u2019on ne partage pas, fussent-elles exprim\u00e9es par son meilleur ami.<\/p>\n<p>En tout cas, doit-on cacher \u00e0 l\u2019opinion ce qu\u2019on en pense.<\/p>\n<p>Ainsi, le cas de d\u00e9mission relat\u00e9 par France-Antilles Martinique du 06 Janvier 2012 n\u00b0 13506, dans sa Rubrique Culture, page 38, Interview de F\u00e9lix CHAULEAU, Avocat, Pr\u00e9sident Fondateur du Cmac en 1974, sous le titre : \u00ab Le Cmac est devenu inexistant ! \u00bb, propos recueillis par L\u00e9ila Hamitouche .<\/p>\n<p>Il est dit par l\u2019interview\u00e9 :<\/p>\n<p>\u00ab J\u2019ai d\u00e9missionn\u00e9 au Pr\u00e9texte de mon \u00c2ge qui est de 74 ans de la Pr\u00e9sidence d\u2019une Association Culturelle Subventionn\u00e9e par l\u2019\u00c9tat, et ce, au terme de 40 ann\u00e9es de Pr\u00e9sidence. \u00bb <\/p>\n<p>Pour avoir \u00e9t\u00e9 Avocat, voire B\u00e2tonnier du Barreau de Fort-de-France, l\u2019auteur de l\u2019Article sait bien ce que parler veut dire.<\/p>\n<p>De m\u00eame, aurait-il eu \u00ab son Tour d\u2019\u00eatre B\u00e2tonnier \u00bb si la mentalit\u00e9 du Barreau \u00e9tait la sienne.<\/p>\n<p>D\u00e8s-lors, nous n\u2019entrerons pas dans le d\u00e9bat de personne soulev\u00e9 \u00e0 travers les colonnes du quotidien Martiniquais.<\/p>\n<p>Nous nous contenterons de penser et de dire ce qui suit, attendu qu\u2019une Pr\u00e9sidence \u2013 surtout de cette esp\u00e8ce \u2013 ne saurait \u00eatre assimil\u00e9e \u00e0 un Bien Propre quand elle a valeur de Sin\u00e9cure \u00e0 Caract\u00e8re D\u00e9mocratique.<\/p>\n<p>Surtout quand on sait que par ce Temps de Ch\u00f4mage, de Crise et d\u2019Endettement que conna\u00eet le Monde, et la Martinique en particulier, la Morale d\u2019une Sin\u00e9cure devrait trouver son illustration dans son caract\u00e8re \u00ab tournant \u00bb et non dans l\u2019\u00c9go\u00efsme Statique de celui qui en profite.<\/p>\n<p>D\u00e9missionner \u00e0 l\u2019\u00e2ge de 74 ans, apr\u00e8s 40 ans ann\u00e9es de Pouvoir, pour ne pas dire de Jouissance car on ne manquerait pas de nous r\u00e9pliquer \u00ab de don de soi \u00bb.<\/p>\n<p>D\u00e9missionner dans de telles conditions n\u2019est pas une D\u00e9mission au Pr\u00e9texte de l\u2019\u00c2ge, mais bien une d\u00e9mission en Raison de l\u2019\u00c2ge, voire, par mesure de sagesse, entendons par l\u00e0 pour \u00e9viter le bien m\u00e9rit\u00e9 Coup de Pied au Cul comme purgatif anti-accro.<\/p>\n<p>Jouir d\u2019une Sin\u00e9cure pendant 40 ann\u00e9es et ne pas \u00e9prouver d\u2019\u00e9tat d\u2019\u00e2me, n\u2019est-ce pas le Summum du sans g\u00eane qui caract\u00e9rise l\u2019\u00e9go\u00efste d\u00e9nu\u00e9 de savoir-vivre.<\/p>\n<p>Car, le savoir-vivre ne commande-t-il pas de c\u00e9der la place, si confortable soit-elle, afin que d\u2019autres puissent en jouir, eux aussi.<\/p>\n<p>N\u2019est-ce pas d\u2019ailleurs cette Le\u00e7on de Savoir-Vivre qu\u2019a toujours su donner le Barreau de Fort-de-France, en faisant \u00ab tourner \u00bb la Dignit\u00e9 de B\u00e2tonnier.<\/p>\n<p>Il est d\u2019ailleurs fort douteux qu\u2019un seul Avocat puisse trouver \u00e0 s\u2019en plaindre, que ce soit ouvertement, que ce soit dans son for-int\u00e9rieur, \u00e0 moins qu\u2019il ne soit de nature \u00e0 tenir un B\u00e2tonnat une quarantaine d\u2019ann\u00e9es et forc\u00e9 d\u2019y renoncer par voie de D\u00e9mission au Pr\u00e9texte de l\u2019\u00c2ge.<\/p>\n<p>En ce Cas, peut-\u00eatre faudrait-il, \u00e0 l\u2019Am\u00e9ricaine, apporter \u00e0 la Devise Fran\u00e7aise cet Amendement qui ferait d\u2019elle :<\/p>\n<p>Libert\u00e9, \u00c9galit\u00e9, Fraternit\u00e9 et Partage.<\/p>\n<p>Car, m\u00eame entre petits cochons, serait-il plus ais\u00e9\u00a0 qu\u2019en milieu Culturel, de laisser la mamelle \u00e0 un autre. <\/p>\n<p><\/p>\n<script type=\"text\/javascript\">\n\nvar addthis_config = {\"data_track_clickback\":false,\"data_track_addressbar\":false,\"data_track_textcopy\":false};\n<\/script><script type=\"text\/javascript\" src=\"\/\/s7.addthis.com\/js\/250\/addthis_widget.js#pubid=f084fdfbcefba74c78dfad3bbc873ffd\"><\/script>","protected":false},"excerpt":{"rendered":"<p><span style=\"color: #3366ff;\">Comme si l\u2019\u00c2ge \u00e9tait un pr\u00e9texte \u00e0 D\u00e9mission<\/span>.  <span style=\"color: #800000;\">Par \u00c9ric E.G. NOGARD<\/span> Certains sujets sont \u00e0 l\u2019\u00e9vidence on ne peut plus p\u00e9nibles \u00e0 d\u00e9velopper m\u00eame s\u2019ils ont valeur de ph\u00e9nom\u00e8nes de soci\u00e9t\u00e9, m\u00eame si ceux par &hellip;<\/p>\n","protected":false},"author":1,"featured_media":0,"comment_status":"open","ping_status":"open","sticky":false,"template":"","format":"standard","meta":{"footnotes":""},"categories":[1],"tags":[],"class_list":["post-7557","post","type-post","status-publish","format-standard","hentry","category-accueil"],"_links":{"self":[{"href":"https:\/\/www.lecarrefourdesopinions.ca\/index.php?rest_route=\/wp\/v2\/posts\/7557","targetHints":{"allow":["GET"]}}],"collection":[{"href":"https:\/\/www.lecarrefourdesopinions.ca\/index.php?rest_route=\/wp\/v2\/posts"}],"about":[{"href":"https:\/\/www.lecarrefourdesopinions.ca\/index.php?rest_route=\/wp\/v2\/types\/post"}],"author":[{"embeddable":true,"href":"https:\/\/www.lecarrefourdesopinions.ca\/index.php?rest_route=\/wp\/v2\/users\/1"}],"replies":[{"embeddable":true,"href":"https:\/\/www.lecarrefourdesopinions.ca\/index.php?rest_route=%2Fwp%2Fv2%2Fcomments&post=7557"}],"version-history":[{"count":2,"href":"https:\/\/www.lecarrefourdesopinions.ca\/index.php?rest_route=\/wp\/v2\/posts\/7557\/revisions"}],"predecessor-version":[{"id":7631,"href":"https:\/\/www.lecarrefourdesopinions.ca\/index.php?rest_route=\/wp\/v2\/posts\/7557\/revisions\/7631"}],"wp:attachment":[{"href":"https:\/\/www.lecarrefourdesopinions.ca\/index.php?rest_route=%2Fwp%2Fv2%2Fmedia&parent=7557"}],"wp:term":[{"taxonomy":"category","embeddable":true,"href":"https:\/\/www.lecarrefourdesopinions.ca\/index.php?rest_route=%2Fwp%2Fv2%2Fcategories&post=7557"},{"taxonomy":"post_tag","embeddable":true,"href":"https:\/\/www.lecarrefourdesopinions.ca\/index.php?rest_route=%2Fwp%2Fv2%2Ftags&post=7557"}],"curies":[{"name":"wp","href":"https:\/\/api.w.org\/{rel}","templated":true}]}}