{"id":7497,"date":"2012-01-11T13:53:08","date_gmt":"2012-01-11T18:53:08","guid":{"rendered":"http:\/\/www.lecarrefourdesopinions.ca\/?p=7497"},"modified":"2012-01-11T13:53:08","modified_gmt":"2012-01-11T18:53:08","slug":"anachronisme-en-maniere-de-derobade","status":"publish","type":"post","link":"https:\/\/www.lecarrefourdesopinions.ca\/?p=7497","title":{"rendered":"Anachronisme en mani\u00e8re de D\u00e9robade."},"content":{"rendered":"<p><span style=\"color: #3366ff;\"><strong><em>Anachronisme en mani\u00e8re de D\u00e9robade.<\/em><\/strong><\/span><\/p>\n<p><img loading=\"lazy\" decoding=\"async\" class=\"alignleft size-thumbnail wp-image-7498\" title=\"Photo Eric Nogard 4\" src=\"http:\/\/www.lecarrefourdesopinions.ca\/wp-content\/uploads\/2011\/12\/Photo-Eric-Nogard-48-134x107.jpg\" alt=\"\" width=\"134\" height=\"107\" \/> <span style=\"color: #800000;\"><em>Par<strong> <\/strong>\u00c9ric E.G. NOGARD\u00a0\u00a0\u00a0\u00a0\u00a0\u00a0\u00a0\u00a0\u00a0\u00a0\u00a0\u00a0\u00a0\u00a0\u00a0\u00a0\u00a0 <br \/><\/em><\/span><\/p>\n<p>&nbsp;<\/p>\n<p>Sauf \u00e0 parler de D\u00e9robade assez incongrue pour arborer panache, notre Opinion ne voit que Retard de Phase voire Anachronisme pervers, \u00e0 toujours Proclamer quand il faut d\u00e9cider comme si on \u00e9tait pris \u00e0 contre-pied par l\u2019\u00c9v\u00e8nement.<\/p>\n<p>&nbsp;<\/p>\n<p><span style=\"color: #800000;\">\u00ab\u00a0<strong><em>Asseyons-nous autour d\u2019une table, concertons-nous, d\u00e9signons une commission Ad\u2019Hoc, ayons le sens de nos responsabilit\u00e9s.<\/em><\/strong> \u00bb<\/span><\/p>\n<p><span style=\"color: #800000;\"> <\/span><\/p>\n<p><span style=\"color: #800000;\"> <\/span><\/p>\n<p>Le Cas qui nous occupe est un Article de France-Antilles Martinique n\u00b0 13497 du Mardi 27 D\u00e9cembre 2011, page 4.<\/p>\n<p>&nbsp;<\/p>\n<p>Il nous saute aux yeux sous le titre \u00ab\u00a0<span style=\"color: #800000;\"><strong>Cercosporiose\u00a0: le choix de la responsabilit\u00e9.<\/strong> \u00bb<\/span><\/p>\n<p><span style=\"color: #800000;\"> <\/span><\/p>\n<p><span style=\"color: #800000;\"> <\/span><\/p>\n<p>Il t\u00e9moigne de ce qu\u2019est \u00ab\u00a0le choix de la Responsabilit\u00e9 \u00e0 travers une D\u00e9marche de Concertation et de R\u00e9flexion active et partag\u00e9e\u00a0\u00bb d\u2019un Conseiller R\u00e9gional de la R\u00e9gion Ultramarine P\u00e9riph\u00e9rique (R.U.P.) de la Martinique\u00a0:<\/p>\n<p>&nbsp;<\/p>\n<p>Un Conseiller R\u00e9gional r\u00e9put\u00e9 de la Droite Politique Martiniquaise.<\/p>\n<p>&nbsp;<\/p>\n<p>&nbsp;<\/p>\n<p>Un Article Puin\u00e9 d\u2019un d\u00e9bat engag\u00e9 par un Haut Responsable de la Culture de la Banane, cette activit\u00e9 vitale pour la Martinique, et qui, De-Facto, Concerne tous les Martiniquais, et notamment tous leurs Repr\u00e9sentants Politiques \u00c9lus, donc int\u00e9ress\u00e9s au Premier Chef.<\/p>\n<p>&nbsp;<\/p>\n<p>Ce Haut Responsable a consid\u00e9r\u00e9 \u2013 et nous sommes de son avis \u2013 qu\u2019en l\u2019\u00e9tat actuel des choses, les soins phytosanitaires \u00e0 prodiguer aux cultures comportant des risques et se trouvant d\u00e9pourvus pour l\u2019instant d\u2019alternative \u00e0 caract\u00e8re inoffensif pour la Population, il serait de la derni\u00e8re l\u00e2chet\u00e9 que nos \u00c9lus jouent les Pilate, laissant au Pr\u00e9fet, Repr\u00e9sentant de l\u2019\u00c9tat, l\u2019enti\u00e8re responsabilit\u00e9 de la D\u00e9cision \u00e0 Prendre dans une situation reconnue unanimement de la Plus Grande Urgence\u00a0: ces mesures devant se traduire In Fine par la Poursuite ou par l\u2019Arr\u00eat de la Culture de la Banane.<\/p>\n<p>&nbsp;<\/p>\n<p>&nbsp;<\/p>\n<p>A l\u2019\u00e9vidence, et n\u2019en d\u00e9plaise au Conseiller R\u00e9gional R\u00e9dacteur des Consid\u00e9rations qui nous occupent et pour lesquelles, comme tout Lecteur, nous voil\u00e0 pris \u00e0 T\u00e9moins\u00a0:<\/p>\n<p>&nbsp;<\/p>\n<p>&#8211;\u00a0\u00a0\u00a0\u00a0\u00a0\u00a0 Il ne s\u2019agit plus de se concerter pour savoir s\u2019il faut ou pas s\u2019asseoir autour d\u2019une table et d\u2019ergoter \u00e0 s\u2019\u00e9railler le gosier sans parvenir \u00e0 sortir les deux pieds du m\u00eame vieux soulier.<\/p>\n<p>&nbsp;<\/p>\n<p>&#8211;\u00a0\u00a0\u00a0\u00a0\u00a0\u00a0 Il s\u2019agit de D\u00e9cider en son \u00e2me, en sa conscience et en sa connaissance de la Cause, bref, de se d\u00e9clarer ouvertement, sans biaiser ni remuer la queue comme un Toutou de Pom\u00e9ranie.<\/p>\n<p>&nbsp;<\/p>\n<p>Ou du moins, c\u2019est de \u00c7a qu\u2019il devait s\u2019agir.<\/p>\n<p>&nbsp;<\/p>\n<p>&nbsp;<\/p>\n<p>Aussi, sommes-nous amen\u00e9s \u00e0 consid\u00e9rer que, dans sa Prise de Position au Conseil R\u00e9gional comme dans la r\u00e9daction de son Article, notre Conseiller R\u00e9gional de la Droite Martiniquaise n\u2019a m\u00eame pas valeur de Voiture Balai fermant la Course.<\/p>\n<p>&nbsp;<\/p>\n<p>H\u00e9las, il a \u00e9t\u00e9, ici d\u2019un anachronisme, et l\u00e0 d\u2019un retard de phase, tous deux on ne peut plus manifestes et plus significatifs de la d\u00e9liquescence de la Droite Martiniquaise.<\/p>\n<p>&nbsp;<\/p>\n<p>&nbsp;<\/p>\n<p>En tout \u00e9tat de cause, les Partisans D\u00e9sabus\u00e9s de cette Droite esp\u00e9raient certainement\u00a0:<\/p>\n<p>&nbsp;<\/p>\n<p>Une Prise de Position plus en Rapport avec l\u2019\u00c9v\u00e8nement, de la part de ses Petits Soldats de Plomb, Rescap\u00e9s de la D\u00e9route de Russie que nous inflige chaque jour le Bolchevisme \u00e0 la Martiniquaise, pour combien de temps encore.<\/p>\n<p><img loading=\"lazy\" decoding=\"async\" class=\"alignleft size-large wp-image-7500\" title=\"Accompagner un enfant\" src=\"http:\/\/www.lecarrefourdesopinions.ca\/wp-content\/uploads\/2011\/12\/Accompagner-un-enfant-704x1023.jpg\" alt=\"\" width=\"450\" height=\"653\" srcset=\"https:\/\/www.lecarrefourdesopinions.ca\/wp-content\/uploads\/2011\/12\/Accompagner-un-enfant-704x1023.jpg 704w, https:\/\/www.lecarrefourdesopinions.ca\/wp-content\/uploads\/2011\/12\/Accompagner-un-enfant-206x300.jpg 206w, https:\/\/www.lecarrefourdesopinions.ca\/wp-content\/uploads\/2011\/12\/Accompagner-un-enfant-400x581.jpg 400w, https:\/\/www.lecarrefourdesopinions.ca\/wp-content\/uploads\/2011\/12\/Accompagner-un-enfant.jpg 1774w\" sizes=\"auto, (max-width: 450px) 100vw, 450px\" \/><\/p>\n<p>&nbsp;<\/p>\n<p>&nbsp;<\/p>\n<script type=\"text\/javascript\">\n\nvar addthis_config = {\"data_track_clickback\":false,\"data_track_addressbar\":false,\"data_track_textcopy\":false};\n<\/script><script type=\"text\/javascript\" src=\"\/\/s7.addthis.com\/js\/250\/addthis_widget.js#pubid=f084fdfbcefba74c78dfad3bbc873ffd\"><\/script>","protected":false},"excerpt":{"rendered":"<p><span style=\"color: #3366ff;\">Anachronisme en mani\u00e8re de D\u00e9robade.<\/span><\/p>\n<p> <span style=\"color: #800000;\">Par \u00c9ric E.G. NOGARD\u00a0\u00a0\u00a0\u00a0\u00a0\u00a0\u00a0\u00a0\u00a0\u00a0\u00a0\u00a0\u00a0\u00a0\u00a0\u00a0\u00a0 <\/span><\/p>\n<p>&nbsp;<\/p>\n<p>Sauf \u00e0 parler de D\u00e9robade assez incongrue pour arborer panache, notre Opinion ne voit que Retard de Phase voire Anachronisme pervers, \u00e0 toujours Proclamer quand il faut &hellip;<\/p>\n","protected":false},"author":1,"featured_media":0,"comment_status":"open","ping_status":"open","sticky":false,"template":"","format":"standard","meta":{"footnotes":""},"categories":[1],"tags":[],"class_list":["post-7497","post","type-post","status-publish","format-standard","hentry","category-accueil"],"_links":{"self":[{"href":"https:\/\/www.lecarrefourdesopinions.ca\/index.php?rest_route=\/wp\/v2\/posts\/7497","targetHints":{"allow":["GET"]}}],"collection":[{"href":"https:\/\/www.lecarrefourdesopinions.ca\/index.php?rest_route=\/wp\/v2\/posts"}],"about":[{"href":"https:\/\/www.lecarrefourdesopinions.ca\/index.php?rest_route=\/wp\/v2\/types\/post"}],"author":[{"embeddable":true,"href":"https:\/\/www.lecarrefourdesopinions.ca\/index.php?rest_route=\/wp\/v2\/users\/1"}],"replies":[{"embeddable":true,"href":"https:\/\/www.lecarrefourdesopinions.ca\/index.php?rest_route=%2Fwp%2Fv2%2Fcomments&post=7497"}],"version-history":[{"count":3,"href":"https:\/\/www.lecarrefourdesopinions.ca\/index.php?rest_route=\/wp\/v2\/posts\/7497\/revisions"}],"predecessor-version":[{"id":7550,"href":"https:\/\/www.lecarrefourdesopinions.ca\/index.php?rest_route=\/wp\/v2\/posts\/7497\/revisions\/7550"}],"wp:attachment":[{"href":"https:\/\/www.lecarrefourdesopinions.ca\/index.php?rest_route=%2Fwp%2Fv2%2Fmedia&parent=7497"}],"wp:term":[{"taxonomy":"category","embeddable":true,"href":"https:\/\/www.lecarrefourdesopinions.ca\/index.php?rest_route=%2Fwp%2Fv2%2Fcategories&post=7497"},{"taxonomy":"post_tag","embeddable":true,"href":"https:\/\/www.lecarrefourdesopinions.ca\/index.php?rest_route=%2Fwp%2Fv2%2Ftags&post=7497"}],"curies":[{"name":"wp","href":"https:\/\/api.w.org\/{rel}","templated":true}]}}