{"id":7494,"date":"2012-01-03T16:44:01","date_gmt":"2012-01-03T21:44:01","guid":{"rendered":"http:\/\/www.lecarrefourdesopinions.ca\/?p=7494"},"modified":"2012-01-03T16:44:01","modified_gmt":"2012-01-03T21:44:01","slug":"elle-s%e2%80%99est-bien-battue","status":"publish","type":"post","link":"https:\/\/www.lecarrefourdesopinions.ca\/?p=7494","title":{"rendered":"Elle s\u2019est bien battue !"},"content":{"rendered":"<p><span style=\"color: #3366ff;\"><strong><em>Elle s\u2019est bien battue\u00a0!<\/em><\/strong><\/span><\/p>\n<p><img loading=\"lazy\" decoding=\"async\" class=\"alignleft size-thumbnail wp-image-7495\" title=\"Photo Eric Nogard 4\" src=\"http:\/\/www.lecarrefourdesopinions.ca\/wp-content\/uploads\/2011\/12\/Photo-Eric-Nogard-47-134x107.jpg\" alt=\"\" width=\"134\" height=\"107\" \/> <span style=\"color: #800000;\"><em> Par \u00c9ric E.G. NOGARD\u00a0\u00a0\u00a0\u00a0\u00a0\u00a0\u00a0\u00a0\u00a0\u00a0\u00a0\u00a0\u00a0\u00a0\u00a0\u00a0\u00a0\u00a0\u00a0 <br \/><\/em><\/span><\/p>\n<p>&nbsp;<\/p>\n<p>Au lieu de bien se battre pour son Pays, pour ses Couleurs, pour ses Valeurs et pour son Id\u00e9al, elle s\u2019est bien battue, la Droite Martiniquaise, pour ouvrir toute grande la voie \u00e0 un bolchevisme comme \u00e0 un fascisme pires encore que le L\u00e9nino-Stalinisme, pires encore que le Benito Mussolinisme puisque nous voil\u00e0 bel et bien install\u00e9s dans un Progresso-Macoutisme dont nous ressentons d\u00e9j\u00e0 les effets.<\/p>\n<p>&nbsp;<\/p>\n<p>En cette nuit de No\u00ebl 2011, pas le moindre Navire Fran\u00e7ais ou \u0116tranger n\u2019a salu\u00e9 la Martinique du Mugissement de ses Sir\u00e8nes et ne lui a pr\u00e9sent\u00e9 ses V\u0153ux \u00e0 l\u2019occasion de la Nativit\u00e9\u00a0: du JAMAIS VU.<\/p>\n<p>&nbsp;<\/p>\n<p>&nbsp;<\/p>\n<p>N\u2019est-ce pas assez dire qu\u2019il n\u2019y a pas eu que nos jeunes et brillants intellectuels, les Aim\u00e9 C\u00e9saire et les Frantz Fanon pour se laisser farcir l\u2019esprit de ces id\u00e9es subversives et totalitaires qui, non seulement ont remplac\u00e9 nos entrailles \u00e0 la mani\u00e8re des Taxidermistes, mais ont aussi d\u00e9boussol\u00e9 nos cerveaux des principes de Travail, de Tol\u00e9rance et de Fraternit\u00e9 qui sont le Fondement de la Soci\u00e9t\u00e9 Martiniquaise d\u2019avant 1945.<\/p>\n<p>&nbsp;<\/p>\n<p>&nbsp;<\/p>\n<p>Id\u00e9es non seulement subversives et totalitaires, mais aussi Redoutablement Mensong\u00e8res et Contagieuses.<\/p>\n<p>&nbsp;<\/p>\n<p>Ainsi\u00a0:<\/p>\n<p>&nbsp;<\/p>\n<p>&#8211;\u00a0\u00a0\u00a0\u00a0\u00a0\u00a0 \u00ab\u00a0Le B\u00e8l\u00e8 et le Tambour \u00e9taient affaire de vieux N\u00e8gres\u00a0\u00bb, souffle-t-on dans les Conques de Lambi et relaie-t-on \u00e0 travers les M\u00e9dias \u00e9crits, parl\u00e9s et visuels\u00a0: ce qui est FAUX.<\/p>\n<p>&nbsp;<\/p>\n<p>Il est bien vrai que \u00ab\u00a0B\u00e8l\u00e8 et Tambour\u00a0\u00bb ont \u00e9t\u00e9 valoris\u00e9s par Anka BERTRAND, une Artiste des Arts Appliqu\u00e9s de l\u2019Europe de l\u2019Est, Martiniquaise d\u2019adoption pour avoir \u00e9pous\u00e9 un Martiniquais.<\/p>\n<p>&nbsp;<\/p>\n<p>Anka aimait \u00ab\u00a0B\u00e8l\u00e8 et Tambour\u00a0\u00bb, elle en fut le porte-drapeau dans un \u00e9tat d\u2019esprit dont les d\u00e9rives la surprendraient, si elles ne l\u2019ont pas fait d\u00e9j\u00e0 se retourner dans sa tombe, elle que l\u2019exp\u00e9rience Martiniquaise conduisit \u00e0 affirmer \u00ab\u00a0\u00c9pouser un \u00e9tranger r\u00e9clame beaucoup d\u2019intelligence\u00a0\u00bb.<\/p>\n<p>&nbsp;<\/p>\n<p>Il est tout aussi vrai et bon de rappeler que Tambour et B\u00e8l\u00e8 n\u2019ont jamais \u00e9t\u00e9 interdits dans les limites du supportable des \u00ab\u00a0Bruits et Tapages Diurnes et Nocturnes\u00a0\u00bb pr\u00e9vus par la Loi.<\/p>\n<p>&nbsp;<\/p>\n<p>De m\u00eame, B\u00e8l\u00e8 et Ladja et Tambour ont toujours eu leur place dans toutes f\u00eates foraines, patronales, paroissiales ou Nationales sur la Terre Martiniquaise d\u2019avant 1945.<\/p>\n<p>&nbsp;<\/p>\n<p>&nbsp;<\/p>\n<p>Cependant il y a ceux qui aiment et ceux qui n\u2019aiment pas, de tout temps en tout lieu \u00a0et quelle que soit la chose, d\u2019o\u00f9 l\u2019adage d\u2019avant 1945\u00a0:<\/p>\n<p>&nbsp;<\/p>\n<p>\u00ab\u00a0Les Go\u00fbts et les Couleurs ne sont pas \u00e0 discuter.\u00a0\u00bb<\/p>\n<p>&nbsp;<\/p>\n<p>Or, il se trouve que de nos jours, on vous force \u00e0 aimer ou \u00e0 ne pas aimer sous peine de R\u00e9torsions et m\u00eame d\u2019Exclusion, voire de Poursuites P\u00e9nales.<\/p>\n<p>&nbsp;<\/p>\n<p>Notre Droite Martiniquaise, ne s\u2019en serait-elle pas rendu compte ou plierait-elle les genoux pour rendre gr\u00e2ce \u00e0 nos nouveaux G\u00e9nies.<\/p>\n<p>&nbsp;<\/p>\n<p>Plus, que compte-t-elle entreprendre pour Exorciser cet Odieux Racisme qui casse la Population Martiniquaise en deux, en livrant aux abus du plus grand nombre, un plus grand nombre manipul\u00e9 et contraint par une poign\u00e9e de B\u00e2tards inconscients et dangereux d\u2019un Bolchevisme Honni et R\u00e9volu.<\/p>\n<p>&nbsp;<\/p>\n<p>&nbsp;<\/p>\n<p>Le Noir Am\u00e9ricain s\u2019est-il jamais montr\u00e9 aussi \u00e0 l\u2019\u00e9troit dans sa t\u00eate que le pr\u00e9tendu N\u00e8gre Martiniquais.<\/p>\n<p>&nbsp;<\/p>\n<p>Un exemple, le JAZZ, cette Musique n\u00e9e du Rag-Time, du Temps des Noirs d\u00e9guenill\u00e9s.<\/p>\n<p>&nbsp;<\/p>\n<p>Le JAZZ ne s\u2019est jamais impos\u00e9 et n\u2019a jamais cherch\u00e9\u00a0 \u00e0 s\u2019imposer de fa\u00e7on autoritaire, en crevant les tympans, en fracassant les cr\u00e2nes.<\/p>\n<p>&nbsp;<\/p>\n<p>Le JAZZ s\u2019est fait aimer en sachant s\u2019en montrer digne.<\/p>\n<p>&nbsp;<\/p>\n<p>On en est venu \u00e0 l\u2019aimer, pour ne pas dire \u00e0 l\u2019adorer, sous tous les climats, sous toutes les latitudes, \u00e0 toutes les longitudes, \u00e0 toutes les altitudes.<\/p>\n<p>&nbsp;<\/p>\n<p>Le JAZZ a ses amoureux, il a ses FANS de Toutes les Couleurs de Peau, tout simplement parce qu\u2019il s\u2019ouvre \u00e0 Toutes les Couleurs de Peau et comprend avec Fair-Play qu\u2019on puisse l\u2019aimer ou pas, qu\u2019on soit \u00ab\u00a0Puissant ou Mis\u00e9rable\u00a0\u00bb.<\/p>\n<p>&nbsp;<\/p>\n<p>&nbsp;<\/p>\n<p>Que le Bel\u2019Air prenne cette Le\u00e7on du JAZZ.<\/p>\n<p>Que le Cr\u00e9ole en fasse autant.<\/p>\n<p>&nbsp;<\/p>\n<p>Que la Droite Martiniquaise en fasse de m\u00eame, elle qui s\u2019est bien battue pour se trouver dans l\u2019\u00e9tat o\u00f9 elle est\u2026 \u00eatre r\u00e9duite \u00e0 rien\u00a0!<\/p>\n<p>&nbsp;<\/p>\n<p>Qu\u2019elle se redresse et se batte pour sortir du fond du puits o\u00f9 elle s\u2019est mise, et qu\u2019elle d\u00e9fende r\u00e9solument nos vraies valeurs et notre qualit\u00e9 de Fran\u00e7ais.<\/p>\n<p>&nbsp;<\/p>\n<p>La Martinique le lui r\u00e9clame et \u00ab\u00a0Martinique Province Fran\u00e7aise\u00a0\u00bb l\u2019y encourage.<\/p>\n<p>&nbsp;<\/p>\n<p>&nbsp;<\/p>\n<script type=\"text\/javascript\">\n\nvar addthis_config = {\"data_track_clickback\":false,\"data_track_addressbar\":false,\"data_track_textcopy\":false};\n<\/script><script type=\"text\/javascript\" src=\"\/\/s7.addthis.com\/js\/250\/addthis_widget.js#pubid=f084fdfbcefba74c78dfad3bbc873ffd\"><\/script>","protected":false},"excerpt":{"rendered":"<p><span style=\"color: #3366ff;\">Elle s\u2019est bien battue\u00a0!<\/span><\/p>\n<p> <span style=\"color: #800000;\"> Par \u00c9ric E.G. NOGARD\u00a0\u00a0\u00a0\u00a0\u00a0\u00a0\u00a0\u00a0\u00a0\u00a0\u00a0\u00a0\u00a0\u00a0\u00a0\u00a0\u00a0\u00a0\u00a0 <\/span><\/p>\n<p>&nbsp;<\/p>\n<p>Au lieu de bien se battre pour son Pays, pour ses Couleurs, pour ses Valeurs et pour son Id\u00e9al, elle s\u2019est bien battue, la Droite Martiniquaise, pour &hellip;<\/p>\n","protected":false},"author":1,"featured_media":0,"comment_status":"open","ping_status":"open","sticky":false,"template":"","format":"standard","meta":{"footnotes":""},"categories":[1],"tags":[],"class_list":["post-7494","post","type-post","status-publish","format-standard","hentry","category-accueil"],"_links":{"self":[{"href":"https:\/\/www.lecarrefourdesopinions.ca\/index.php?rest_route=\/wp\/v2\/posts\/7494","targetHints":{"allow":["GET"]}}],"collection":[{"href":"https:\/\/www.lecarrefourdesopinions.ca\/index.php?rest_route=\/wp\/v2\/posts"}],"about":[{"href":"https:\/\/www.lecarrefourdesopinions.ca\/index.php?rest_route=\/wp\/v2\/types\/post"}],"author":[{"embeddable":true,"href":"https:\/\/www.lecarrefourdesopinions.ca\/index.php?rest_route=\/wp\/v2\/users\/1"}],"replies":[{"embeddable":true,"href":"https:\/\/www.lecarrefourdesopinions.ca\/index.php?rest_route=%2Fwp%2Fv2%2Fcomments&post=7494"}],"version-history":[{"count":2,"href":"https:\/\/www.lecarrefourdesopinions.ca\/index.php?rest_route=\/wp\/v2\/posts\/7494\/revisions"}],"predecessor-version":[{"id":7518,"href":"https:\/\/www.lecarrefourdesopinions.ca\/index.php?rest_route=\/wp\/v2\/posts\/7494\/revisions\/7518"}],"wp:attachment":[{"href":"https:\/\/www.lecarrefourdesopinions.ca\/index.php?rest_route=%2Fwp%2Fv2%2Fmedia&parent=7494"}],"wp:term":[{"taxonomy":"category","embeddable":true,"href":"https:\/\/www.lecarrefourdesopinions.ca\/index.php?rest_route=%2Fwp%2Fv2%2Fcategories&post=7494"},{"taxonomy":"post_tag","embeddable":true,"href":"https:\/\/www.lecarrefourdesopinions.ca\/index.php?rest_route=%2Fwp%2Fv2%2Ftags&post=7494"}],"curies":[{"name":"wp","href":"https:\/\/api.w.org\/{rel}","templated":true}]}}