{"id":7481,"date":"2012-01-03T16:42:05","date_gmt":"2012-01-03T21:42:05","guid":{"rendered":"http:\/\/www.lecarrefourdesopinions.ca\/?p=7481"},"modified":"2012-01-03T16:42:05","modified_gmt":"2012-01-03T21:42:05","slug":"la-martinique-cette-isle-a-faire-peur","status":"publish","type":"post","link":"https:\/\/www.lecarrefourdesopinions.ca\/?p=7481","title":{"rendered":"La Martinique, cette Isle \u00e0 faire Peur."},"content":{"rendered":"<p><span style=\"color: #3366ff;\"><strong><em>La Martinique, cette Isle \u00e0 faire Peur.<\/em><\/strong><\/span><\/p>\n<p><img loading=\"lazy\" decoding=\"async\" class=\"alignleft size-thumbnail wp-image-7482\" title=\"Photo Eric Nogard 4\" src=\"http:\/\/www.lecarrefourdesopinions.ca\/wp-content\/uploads\/2011\/12\/Photo-Eric-Nogard-46-134x107.jpg\" alt=\"\" width=\"134\" height=\"107\" \/> <span style=\"color: #800000;\"><em>Par<strong> <\/strong>\u00c9ric E.G. NOGARD\u00a0\u00a0\u00a0\u00a0\u00a0\u00a0\u00a0\u00a0\u00a0\u00a0\u00a0\u00a0\u00a0\u00a0 <br \/><\/em><\/span><\/p>\n<p>&nbsp;<\/p>\n<p>Comme si Personne ne r\u00e9alisait quelle Partie est en train de se jouer.<\/p>\n<p>&nbsp;<\/p>\n<p>Et dire qu\u2019on en dira demain qu\u2019on ne savait pas.<\/p>\n<p>Et dire qu\u2019on en dira demain qu\u2019on faisait confiance.<\/p>\n<p>Et dire qu\u2019on en dira demain qu\u2019on redoutait de perdre son gagne-pain\u2026 mais qu\u2019on n\u2019\u00e9tait pas des L\u00e2ches.<\/p>\n<p>&nbsp;<\/p>\n<p>C\u2019est \u00e7a le propre du mauvais joueur, c\u2019est \u00e7a le propre du joueur de la pire esp\u00e8ce, du joueur qui triche cyniquement, pour tout rafler, et qui, s\u2019il lui arrive de perdre, se met \u00e0 pleurnicher\u00a0:<\/p>\n<p>&nbsp;<\/p>\n<p>\u00ab\u00a0Je n\u2019ai pas fait expr\u00e8s, je ne savais pas, je faisais confiance, j\u2019avais peur de perdre mon emploi et donc mon gagne pain.\u00a0\u00bb<\/p>\n<p>&nbsp;<\/p>\n<p>&nbsp;<\/p>\n<p>Et c\u2019est ainsi que la Martinique est devenue une \u00cele \u00e0 faire peur, tellement elle compte de mauvais joueurs, de mauvais joueurs qui ont la partie belle, la carte \u00e9corn\u00e9e et us\u00e9e de l\u2019esclavage surgissant toujours de leur manche, telle une Carte Capitale, du plus bel effet et du meilleurs office, au sein d\u2019une Population tellement abus\u00e9e qu\u2019elle n\u2019en peut mais, qu\u2019elle <span style=\"color: #800000;\">lay down her arms and surrender, broken under the strains.<\/span><\/p>\n<p>&nbsp;<\/p>\n<p>Et c\u2019est ainsi que bien des Martiniquais se sentent \u00e9trangl\u00e9s et perdus en cette Martinique devenue pour eux moins hospitali\u00e8re que le pays \u00e9tranger le plus hostile, mais o\u00f9 au moins, on sait \u00e0 quoi s\u2019en tenir avec b\u00eates, choses et gens.<\/p>\n<p>&nbsp;<\/p>\n<p>Tant des n\u00f4tres ont d\u00e9j\u00e0 fui et tant d\u2019autres aimeraient pouvoir le faire, mais est-ce si facile.<\/p>\n<p>&nbsp;<\/p>\n<p>Maintenant qu\u2019on s\u2019y est fait un nouveau Dieu avec ses bons ap\u00f4tres et son compte de saints, voil\u00e0 qu\u2019on se pr\u00e9pare \u00e0 \u00ab\u00a0d\u00e9baptiser\u00a0\u00bb les rues porteuses de noms d\u2019esclavagistes, ou pr\u00e9tendus tels, comme si, en mati\u00e8re d\u2019esclavage, il y avait un autre esclavagisme que ce complexe d\u00fb \u00e0 la peau noire, cette peau pourtant si belle, mais qui, h\u00e9las, tient lieu d\u2019enveloppe \u00e0 des esprits si coinc\u00e9s, \u00e0 des mentalit\u00e9s si \u00e9troites comme \u00e0 des tortionnaires tellement ambitieux et pervers.<\/p>\n<p>&nbsp;<\/p>\n<p>Comme si, en fait, la peau noire pourtant si belle, n\u2019\u00e9tait pas le souffre douleur de complex\u00e9s imb\u00e9ciles, qui ne sont pas dignes de la porter.<\/p>\n<p>&nbsp;<\/p>\n<p>&nbsp;<\/p>\n<p>Car le Coupable n\u2019est pas la peau, ni l\u2019une ni l\u2019autre d\u2019ailleurs. La Preuve en est palpable\u00a0: le M\u00e9tissage.<\/p>\n<p>&nbsp;<\/p>\n<p><img loading=\"lazy\" decoding=\"async\" class=\"alignleft size-medium wp-image-7484\" title=\"IMG_0407\" src=\"http:\/\/www.lecarrefourdesopinions.ca\/wp-content\/uploads\/2011\/12\/IMG_0407-225x300.jpg\" alt=\"\" width=\"225\" height=\"300\" srcset=\"https:\/\/www.lecarrefourdesopinions.ca\/wp-content\/uploads\/2011\/12\/IMG_0407-225x300.jpg 225w, https:\/\/www.lecarrefourdesopinions.ca\/wp-content\/uploads\/2011\/12\/IMG_0407-768x1024.jpg 768w, https:\/\/www.lecarrefourdesopinions.ca\/wp-content\/uploads\/2011\/12\/IMG_0407-400x533.jpg 400w\" sizes=\"auto, (max-width: 225px) 100vw, 225px\" \/>Quelle loi \u00e0 ce jour a pu l\u2019emp\u00eacher et quelle loi l\u2019emp\u00eachera jamais. Les peaux qui s\u2019aiment, pour fusionner au plus intime, regardent-elles \u00e0 leur couleur.<\/p>\n<p>&nbsp;<\/p>\n<p>&nbsp;<\/p>\n<p>Car le Coupable n\u2019est pas l\u2019esclavage\u00a0: nul ne peut en parler d\u00e9cemment pour l\u2019avoir connu en Martinique.<\/p>\n<p>&nbsp;<\/p>\n<p>Si le rag-time et la soul music rappellent qu\u2019il exist\u00e2t quelque part, nos chansons de Biguine comme de Mazurka et m\u00eame de \u00ab\u00a0B\u00e8l\u00e8\u00a0\u00bb le contredisent de la mani\u00e8re la plus irr\u00e9futable et le renvoient \u00e0 notre pr\u00e9histoire.<\/p>\n<p>&nbsp;<\/p>\n<p>&nbsp;<\/p>\n<p>En revanche, la Dictature est bien de notre actualit\u00e9 et les Macoutes aussi, h\u00e9las.<\/p>\n<p>&nbsp;<\/p>\n<p>Que l\u2019Esclavage ne soit pas l\u2019\u00e9cran derri\u00e8re lequel se cache la Dictature bien pr\u00e9sente chez-nous, mais tellement trompeuse et forte de tant de Complices et de Complicit\u00e9s.<\/p>\n<p>&nbsp;<\/p>\n<p>Que l\u2019Esclavage ne soit pas le Rideau qui rec\u00e8le les Macoutes et le Macoutisme que la Tutelle de la France a jusqu\u2019ici pu tenir en respect, mais pour combien de temps encore.<\/p>\n<p>&nbsp;<\/p>\n<p>&nbsp;<\/p>\n<p>Colonialisme et Esclavage, c\u2019est \u00e7a notre Pr\u00e9-histoire ou c\u2019est \u00e7a notre mal\u00e9diction, mal\u00e9diction \u00e0 laquelle nous nous accrochons d\u00e9sesp\u00e9r\u00e9ment comme \u00e0 une bou\u00e9e de sauvetage en mati\u00e8re de chantage pour l\u2019acc\u00e8s \u00e0 la chose de l\u2019autre.<\/p>\n<p>&nbsp;<\/p>\n<p>Nul ne songe \u00e0 ces D\u00e9mons, mis \u00e0 part ces propagandistes qui autrement ne sauraient quoi dire pour justifier leur volont\u00e9 de mainmise tout \u00e0 fait injustifi\u00e9e.<\/p>\n<p>&nbsp;<\/p>\n<p>Dictature, Macoutes et Corde autour du Cou, n\u2019y sommes-nous pas d\u00e9j\u00e0, au point que, de toutes nos forces, nous souhaitions la partition de la Martinique selon une Ligne MASON &amp; DIXON \u00e0 d\u00e9terminer.<\/p>\n<p>&nbsp;<\/p>\n<p>Vu le nouvel \u00e9tat d\u2019esprit, notre \u00e2me est \u00e0 la s\u00e9cession, \u00e0 la nouvelle Dixie-Land.<\/p>\n<p>&nbsp;<\/p>\n<p>L\u2019esp\u00e8ce de Martinique qu\u2019on nous promet n\u2019est pas \u00e0 notre go\u00fbt\u2026 n\u2019est-elle pas plut\u00f4t de nature \u00e0 nous faire peur.<\/p>\n<p>&nbsp;<\/p>\n<p>&nbsp;<\/p>\n<p>En tout \u00e9tat de cause, \u00e0 d\u00e9faut de rayer les mots Colonialisme et Esclavage de son Vocabulaire, la Martinique portera en son sein les germes de sa ruine pour plus t\u00f4t qu\u2019elle ne saurait le croire.<\/p>\n<p>&nbsp;<\/p>\n<p>Puisse-t-elle se ressaisir avant qu\u2019il soit trop tard.<\/p>\n<p><img loading=\"lazy\" decoding=\"async\" class=\"aligncenter size-full wp-image-7486\" title=\"au l\u00e8che doigts\" src=\"http:\/\/www.lecarrefourdesopinions.ca\/wp-content\/uploads\/2011\/12\/au-l\u00e8che-doigts1.jpg\" alt=\"\" width=\"554\" height=\"252\" srcset=\"https:\/\/www.lecarrefourdesopinions.ca\/wp-content\/uploads\/2011\/12\/au-l\u00e8che-doigts1.jpg 554w, https:\/\/www.lecarrefourdesopinions.ca\/wp-content\/uploads\/2011\/12\/au-l\u00e8che-doigts1-300x136.jpg 300w, https:\/\/www.lecarrefourdesopinions.ca\/wp-content\/uploads\/2011\/12\/au-l\u00e8che-doigts1-400x181.jpg 400w\" sizes=\"auto, (max-width: 554px) 100vw, 554px\" \/><\/p>\n<p>&nbsp;<\/p>\n<p>&nbsp;<\/p>\n<script type=\"text\/javascript\">\n\nvar addthis_config = {\"data_track_clickback\":false,\"data_track_addressbar\":false,\"data_track_textcopy\":false};\n<\/script><script type=\"text\/javascript\" src=\"\/\/s7.addthis.com\/js\/250\/addthis_widget.js#pubid=f084fdfbcefba74c78dfad3bbc873ffd\"><\/script>","protected":false},"excerpt":{"rendered":"<p><span style=\"color: #3366ff;\">La Martinique, cette Isle \u00e0 faire Peur.<\/span><\/p>\n<p> <span style=\"color: #800000;\">Par \u00c9ric E.G. NOGARD\u00a0\u00a0\u00a0\u00a0\u00a0\u00a0\u00a0\u00a0\u00a0\u00a0\u00a0\u00a0\u00a0\u00a0 <\/span><\/p>\n<p>&nbsp;<\/p>\n<p>Comme si Personne ne r\u00e9alisait quelle Partie est en train de se jouer.<\/p>\n<p>&nbsp;<\/p>\n<p>Et dire qu\u2019on en dira demain qu\u2019on ne savait pas.<\/p>\n<p>Et &hellip;<\/p>\n","protected":false},"author":1,"featured_media":0,"comment_status":"open","ping_status":"open","sticky":false,"template":"","format":"standard","meta":{"footnotes":""},"categories":[1],"tags":[],"class_list":["post-7481","post","type-post","status-publish","format-standard","hentry","category-accueil"],"_links":{"self":[{"href":"https:\/\/www.lecarrefourdesopinions.ca\/index.php?rest_route=\/wp\/v2\/posts\/7481","targetHints":{"allow":["GET"]}}],"collection":[{"href":"https:\/\/www.lecarrefourdesopinions.ca\/index.php?rest_route=\/wp\/v2\/posts"}],"about":[{"href":"https:\/\/www.lecarrefourdesopinions.ca\/index.php?rest_route=\/wp\/v2\/types\/post"}],"author":[{"embeddable":true,"href":"https:\/\/www.lecarrefourdesopinions.ca\/index.php?rest_route=\/wp\/v2\/users\/1"}],"replies":[{"embeddable":true,"href":"https:\/\/www.lecarrefourdesopinions.ca\/index.php?rest_route=%2Fwp%2Fv2%2Fcomments&post=7481"}],"version-history":[{"count":4,"href":"https:\/\/www.lecarrefourdesopinions.ca\/index.php?rest_route=\/wp\/v2\/posts\/7481\/revisions"}],"predecessor-version":[{"id":7516,"href":"https:\/\/www.lecarrefourdesopinions.ca\/index.php?rest_route=\/wp\/v2\/posts\/7481\/revisions\/7516"}],"wp:attachment":[{"href":"https:\/\/www.lecarrefourdesopinions.ca\/index.php?rest_route=%2Fwp%2Fv2%2Fmedia&parent=7481"}],"wp:term":[{"taxonomy":"category","embeddable":true,"href":"https:\/\/www.lecarrefourdesopinions.ca\/index.php?rest_route=%2Fwp%2Fv2%2Fcategories&post=7481"},{"taxonomy":"post_tag","embeddable":true,"href":"https:\/\/www.lecarrefourdesopinions.ca\/index.php?rest_route=%2Fwp%2Fv2%2Ftags&post=7481"}],"curies":[{"name":"wp","href":"https:\/\/api.w.org\/{rel}","templated":true}]}}