{"id":7464,"date":"2012-01-03T16:44:27","date_gmt":"2012-01-03T21:44:27","guid":{"rendered":"http:\/\/www.lecarrefourdesopinions.ca\/?p=7464"},"modified":"2012-01-03T16:44:27","modified_gmt":"2012-01-03T21:44:27","slug":"que-sera-le-tiers-monde-avec-la-recession","status":"publish","type":"post","link":"https:\/\/www.lecarrefourdesopinions.ca\/?p=7464","title":{"rendered":"Que sera le Tiers-Monde avec la r\u00e9cession?"},"content":{"rendered":"<p><span style=\"color: #3366ff;\"><strong>Que sera le Tiers-Monde avec la r\u00e9cession?<\/strong><\/span><\/p>\n<p><em><span style=\"color: #800000;\"><img loading=\"lazy\" decoding=\"async\" class=\"alignleft size-thumbnail wp-image-7465\" title=\"Jean Erich Ren\u00e9\" src=\"http:\/\/www.lecarrefourdesopinions.ca\/wp-content\/uploads\/2011\/12\/Jean-Erich-Ren\u00e92-134x107.jpg\" alt=\"\" width=\"134\" height=\"107\" \/>Jean Erich Ren\u00e9<\/span><\/em><\/p>\n<p><em><span style=\"color: #800000;\">Ing. Agronome<\/span><\/em><\/p>\n<p>L\u2019expression Tiers-Monde est une invention d\u2019Alfred Sauvy par analogie \u00e0 la hi\u00e9rarchie sociale fran\u00e7aise d\u2019antan\u00a0: la Noblesse, le Clerg\u00e9 et le Tiers-\u00c9tat. On peut ais\u00e9ment comprendre que le Tiers-Monde, la classe des pays pauvres,\u00a0 a une connotation tout \u00e0 fait p\u00e9jorative. Selon le prisme des sp\u00e9cialistes du d\u00e9veloppement et du sous-d\u00e9veloppement le Tiers-Monde se caract\u00e9rise par sa domination et sa d\u00e9pendance des\u00a0 grandes puissances du Monde. En effet, il suffit de remuer un peu les poussi\u00e8res de l\u2019Histoire pour arriver \u00e0 l\u2019\u00e9vidence. Prenons Ha\u00efti comme cobaye de notre laboratoire ou du moins comme t\u00e9moin pour bien comprendre les origines de la richesse des uns et de la pauvret\u00e9 des autres.<\/p>\n<p><a href=\"http:\/\/www.google.ca\/imgres?q=jean+bertrand+aristide+2011&amp;um=1&amp;hl=fr&amp;sa=N&amp;rlz=1W1ADSA_en&amp;biw=800&amp;bih=402&amp;tbm=isch&amp;tbnid=v_oIUd7BT88npM:&amp;imgrefurl=http:\/\/pyepimanla.blogspot.com\/2008\/10\/autour-du-nouveau-livre-du-dr-jean.html&amp;docid=17GLFOPNXSzjRM&amp;imgurl=http:\/\/3.bp.blogspot.com\/_qPMG-iq57KQ\/SPsUzcaAXQI\/AAAAAAAAAnY\/y8Wnq_gwjqo\/s400\/Dr+Jean+Bertrand+Aristide.jpg&amp;w=351&amp;h=293&amp;ei=NrjhTuuGK4HagAf9mPGYBg&amp;zoom=\"><\/a>Le d\u00e9barquement de Christophe Colomb, le premier des colons, le 5 d\u00e9cembre 1492, n\u2019\u00e9tait pas un acte gratuit. L\u2019octroi des 3 caravelles par la Couronne d\u2019Espagne \u00e9tait un investissement. Le retour sur Capital d\u00e9passait l\u2019esp\u00e9rance des bailleurs de fonds. Si Ha\u00efti \u00e9tait\u00a0 appel\u00e9 <img loading=\"lazy\" decoding=\"async\" class=\"alignleft size-full wp-image-7466\" title=\"PH9\" src=\"http:\/\/www.lecarrefourdesopinions.ca\/wp-content\/uploads\/2011\/12\/PH9.jpg\" alt=\"\" width=\"246\" height=\"205\" \/>la Perle des Antilles par\u00a0 la France ce n\u2019\u00e9tait pas pour la beaut\u00e9 de l\u2019Ile mais gr\u00e2ce \u00e0 ses richesses qui remplissaient leurs coffre-fort. Jean Bertrand Aristide n\u2019avait pas tout \u00e0 fait tort quand il exigeait le remboursement de la dette de l\u2019ind\u00e9pendance par la France. Il a tout simplement commis une erreur de calcul puisqu\u2019une partie a \u00e9t\u00e9 d\u00e9j\u00e0 biff\u00e9e. Le monde n\u2019a pas beaucoup chang\u00e9. Les gros poissons pour assouvir leur faim mange les petits. Malheureusement apr\u00e8s 207 ans, les Ha\u00eftiens n\u2019ont pas grandi. Sans quoi ils auraient compris que les grandes puissances loin de les aider sont en train de rectifier l\u2019inflation qui accable leurs pays par la d\u00e9localisation de leurs manufactures de la sous-traitance vers les \u00e9conomies p\u00e9riph\u00e9riques o\u00f9 il n\u2019existe aucune loi pour la protection des travailleurs. Le Parlement est achetable et mall\u00e9able \u00e0 volont\u00e9. C\u2019est l\u2019esclavage des temps modernes.<\/p>\n<p>Jusqu\u2019\u00e0 pr\u00e9sent le complexe d\u2019Oedipe nous affecte. Nous nous accrochons toujours \u00e0 une M\u00e8re-Patrie sous pr\u00e9texte de jouir de sa protection et de ses largesses. Pourtant au lieu de la t\u00e9ter c\u2019est elle qui\u00a0 nous suce comme une sangsue, ensuite pour nous l\u00e2cher \u00e0 notre triste sort. Dans la catastrophe \u00e9conomique qui s\u2019annonce c\u2019est le sauve qui peut. Les larmes vers\u00e9es par la nouvelle Ministre de l\u2019Int\u00e9rieur de l\u2019Italie en dit long. Du Minist\u00e8re de l\u2019Emploi, elle a \u00e9t\u00e9 mut\u00e9e pour devenir le premier flic de l\u2019Italie. Mme<strong> <\/strong><strong>Elsa Fornero<\/strong> pleure, <img loading=\"lazy\" decoding=\"async\" class=\"alignright size-full wp-image-7467\" title=\"PH10\" src=\"http:\/\/www.lecarrefourdesopinions.ca\/wp-content\/uploads\/2011\/12\/PH10.jpg\" alt=\"\" width=\"202\" height=\"196\" \/>compte tenu du plan draconien qui devrait 136 \u00eatre mis en \u0153uvre. Elle a craqu\u00e9 parce qu\u2019elle suppute les retomb\u00e9es malheureuses d\u2019une telle mesure pour les d\u00e9munis et les d\u00e9sh\u00e9rit\u00e9s du sort.<\/p>\n<p>Partout c\u2019est la r\u00e9forme afin d\u2019att\u00e9nuer les effets d\u00e9vastateurs de la r\u00e9cession \u00e9conomique en perspective. Dans les pays du Tiers-Monde on n\u2019entend aucun branle-bas. Les dirigeants restent dans l\u2019expectative sans se rendre compte qu\u2019ils sont des laiss\u00e9s-pour-compte. Dans la m\u00eal\u00e9e, qui va aider qui ? \u00ab\u00a0Malheur au pays dont le roi est un enfant et dont les princes ont mang\u00e9 d\u00e8s le matin\u00bb !\u00a0 Le bulletin m\u00e9t\u00e9orologique annonce le mauvais temps, le Chef de l\u2019\u00c9tat danse, voyage avec une longue suite, soit un cort\u00e8ge de 30 personnes, rapporte la presse. Il gaspille les deniers publics qu\u2019il faudrait\u00a0 de pr\u00e9f\u00e9rence \u00e9conomiser pour limiter les d\u00e9g\u00e2ts.<\/p>\n<p>Le gel des r\u00e9serves nationales en dollars am\u00e9ricains devrait faire partie d\u2019un train de mesures visant \u00e0 assurer la survie de la Nation relativement \u00e0 l\u2019importation des biens indispensables tels que la gazoline, l\u2019huile de cuisine etc. Cependant la fa\u00e7on purement cavali\u00e8re de proc\u00e9der par la Banque Centrale laisse planer des doutes. Le Tiers-Monde est malade de sa corruption. L\u2019historien malien, Tidiane Diakite avait d\u00e9j\u00e0 d\u00e9nonc\u00e9 ce travers dans son livre\u00a0: <strong>L\u2019Afrique malade d\u2019elle m\u00eame<\/strong>. \u00c9coutons-le\u00a0:\u00a0<em>\u00ab L\u2019administration n\u2019est pas un outil de d\u00e9veloppement en Afrique, c\u2019est au contraire un\u00a0 \u00e9norme gouffre qui engloutit des sommes \u00e9normes quotidiennement et sans le moindre apport<\/em>.\u00a0\u00bb<\/p>\n<p>En Ha\u00efti comme en Afrique nous faisons depuis 1804 la malheureuse exp\u00e9rience de r\u00e9gimes autoritaires qui ne luttent que pour rester au pouvoir en pillant les caisses publiques. Son \u00e9pouse commande. Son oncle veut avoir le monopole de la vente d\u2019engrais de l\u2019Artibonite et <img loading=\"lazy\" decoding=\"async\" class=\"alignleft size-full wp-image-7468\" title=\"PH11\" src=\"http:\/\/www.lecarrefourdesopinions.ca\/wp-content\/uploads\/2011\/12\/PH11.jpg\" alt=\"\" width=\"180\" height=\"163\" \/>son cousin entend d\u00e9barquer ses marchandises \u00e0 Mirago\u00e2ne sans payer les frais de Douane. Quelle gal\u00e8re! Une dictature succ\u00e8de l\u2019autre quel que soit leur nom d\u2019animal\u00a0: pintade, coq, b\u0153uf, idem. Le Pr\u00e9sident d\u2019Ha\u00efti croit avoir la science infuse. Il se comporte au Palais National comme l\u2019HOMME ORCHESTRE. Il touche\u00a0 tous les instruments de l\u2019Administration publique. Qui pis est, souvent la comp\u00e9tence n\u2019est pas au rendez-vous. Quelle est la r\u00e9ponse du pseudo-paysan pour contrecarrer la disette qui s\u2019annonce?<\/p>\n<p>Dans cette conjoncture de crise \u00e9conomique internationale les retomb\u00e9es pour les pays du Tiers-Monde ne devraient pas \u00eatre pires \u00e0 cause de la nature de leur \u00e9conomie qui est agricole et leurs trains de vie qui sont compl\u00e8tement diff\u00e9rents des habitants des pays riches. Les retomb\u00e9es seraient pires pour les populations des pays d\u00e9velopp\u00e9s habitu\u00e9s au luxe de la vie moderne. Roch lan dlo pwal konn doul\u00e8 roch lan soley.<\/p>\n<p>L\u2019aspect le plus grima\u00e7ant d\u2019une r\u00e9cession \u00e9conomique c\u2019est la famine. Au lieu de passer notre temps \u00e0 chanter comme la cigale, vaut mieux\u00a0 emprunter \u00e0 la fourmi sa pr\u00e9voyance en nous pr\u00e9parant pour l\u2019hiver \u00e9conomique qui va s\u2019abattre sur nous.En d\u00e9pit des contestations, le gel des devises am\u00e9ricaines est une mesure de pr\u00e9caution lucide de l\u2019autorit\u00e9 mon\u00e9taire,\u00a0 La secode initiative du Gouvernement\u00a0 Martelly Conille, devrait \u00eatre l\u2019augmentation de la production agricole. On devrait engranger pour une p\u00e9riode de 6 mois, au niveau de chaque D\u00e9partement\u00a0 G\u00e9ographique d\u2019Ha\u00efti les quantit\u00e9s suivantes\u00a0:<\/p>\n<p><strong>\u00c9valuation des besoins pour 6 mois pour les populations de desserte<\/strong><\/p>\n<table border=\"1\" cellspacing=\"0\" cellpadding=\"0\">\n<tbody>\n<tr>\n<td width=\"114\" valign=\"top\">\n<p><strong>D\u00e9partement Budget<\/strong><\/p>\n<\/td>\n<td width=\"114\" valign=\"top\">\n<p><strong>Ma\u00efs<\/strong><\/p>\n<p><strong>Sacs 100#<\/strong><\/p>\n<\/td>\n<td width=\"114\" valign=\"top\">\n<p><strong>Riz<\/strong><\/p>\n<p><strong>Sacs 100#<\/strong><\/p>\n<\/td>\n<td width=\"114\" valign=\"top\">\n<p><strong>Farine<\/strong><\/p>\n<p><strong>Sacs 100#<\/strong><\/p>\n<\/td>\n<td width=\"114\" valign=\"top\">\n<p><strong>Haricot sec<\/strong><\/p>\n<p><strong>Sacs 100#<\/strong><\/p>\n<\/td>\n<td width=\"129\" valign=\"top\">\n<p><strong>Huile<\/strong><\/p>\n<p><strong>Gallon 3 litres<\/strong><\/p>\n<\/td>\n<\/tr>\n<tr>\n<td width=\"114\" valign=\"top\">\n<p><strong>Centre<\/strong><\/p>\n<\/td>\n<td width=\"114\" valign=\"top\">\n<p><strong>17.629<\/strong><\/p>\n<\/td>\n<td width=\"114\" valign=\"top\">\n<p><strong>135.611<\/strong><\/p>\n<\/td>\n<td width=\"114\" valign=\"top\">\n<p><strong>111.743<\/strong><\/p>\n<\/td>\n<td width=\"114\" valign=\"top\">\n<p><strong>94.114<\/strong><\/p>\n<\/td>\n<td width=\"129\" valign=\"top\">\n<p><strong>43.450<\/strong><\/p>\n<\/td>\n<\/tr>\n<tr>\n<td width=\"114\" valign=\"top\">\n<p><strong>Grde Anse<\/strong><\/p>\n<\/td>\n<td width=\"114\" valign=\"top\">\n<p><strong>18.841<\/strong><\/p>\n<\/td>\n<td width=\"114\" valign=\"top\">\n<p><strong>164.065<\/strong><\/p>\n<\/td>\n<td width=\"114\" valign=\"top\">\n<p><strong>119.426<\/strong><\/p>\n<\/td>\n<td width=\"114\" valign=\"top\">\n<p><strong>100.585<\/strong><\/p>\n<\/td>\n<td width=\"129\" valign=\"top\">\n<p><strong>46.437<\/strong><\/p>\n<\/td>\n<\/tr>\n<tr>\n<td width=\"114\" valign=\"top\">\n<p><strong>Nord<\/strong><\/p>\n<\/td>\n<td width=\"114\" valign=\"top\">\n<p><strong>24.135<\/strong><\/p>\n<\/td>\n<td width=\"114\" valign=\"top\">\n<p><strong>210.157<\/strong><\/p>\n<\/td>\n<td width=\"114\" valign=\"top\">\n<p><strong>152.976<\/strong><\/p>\n<\/td>\n<td width=\"114\" valign=\"top\">\n<p><strong>144.700<\/strong><\/p>\n<\/td>\n<td width=\"129\" valign=\"top\">\n<p><strong>59.483<\/strong><\/p>\n<\/td>\n<\/tr>\n<tr>\n<td width=\"114\" valign=\"top\">\n<p><strong>Nord-est<\/strong><\/p>\n<\/td>\n<td width=\"114\" valign=\"top\">\n<p><strong>9.375<\/strong><\/p>\n<\/td>\n<td width=\"114\" valign=\"top\">\n<p><strong>81.638<\/strong><\/p>\n<\/td>\n<td width=\"114\" valign=\"top\">\n<p><strong>59.425<\/strong><\/p>\n<\/td>\n<td width=\"114\" valign=\"top\">\n<p><strong>50.050<\/strong><\/p>\n<\/td>\n<td width=\"129\" valign=\"top\">\n<p><strong>23.107<\/strong><\/p>\n<\/td>\n<\/tr>\n<tr>\n<td width=\"114\" valign=\"top\">\n<p><strong>Nord-Ouest<\/strong><\/p>\n<\/td>\n<td width=\"114\" valign=\"top\">\n<p><strong>13.837<\/strong><\/p>\n<\/td>\n<td width=\"114\" valign=\"top\">\n<p><strong>120.219<\/strong><\/p>\n<\/td>\n<td width=\"114\" valign=\"top\">\n<p><strong>88.019<\/strong><\/p>\n<\/td>\n<td width=\"114\" valign=\"top\">\n<p><strong>74.133<\/strong><\/p>\n<\/td>\n<td width=\"129\" valign=\"top\">\n<p><strong>34.225<\/strong><\/p>\n<\/td>\n<\/tr>\n<tr>\n<td width=\"114\" valign=\"top\">\n<p><strong>Ouest<\/strong><\/p>\n<\/td>\n<td width=\"114\" valign=\"top\">\n<p><strong>96.523<\/strong><\/p>\n<\/td>\n<td width=\"114\" valign=\"top\">\n<p><strong>840.496<\/strong><\/p>\n<\/td>\n<td width=\"114\" valign=\"top\">\n<p><strong>611.810<\/strong><\/p>\n<\/td>\n<td width=\"114\" valign=\"top\">\n<p><strong>515.287<\/strong><\/p>\n<\/td>\n<td width=\"129\" valign=\"top\">\n<p><strong>237.895<\/strong><\/p>\n<\/td>\n<\/tr>\n<tr>\n<td width=\"114\" valign=\"top\">\n<p><strong>Sud<\/strong><\/p>\n<\/td>\n<td width=\"114\" valign=\"top\">\n<p><strong>10.572<\/strong><\/p>\n<\/td>\n<td width=\"114\" valign=\"top\">\n<p><strong>170.428<\/strong><\/p>\n<\/td>\n<td width=\"114\" valign=\"top\">\n<p><strong>124.057<\/strong><\/p>\n<\/td>\n<td width=\"114\" valign=\"top\">\n<p><strong>104.485<\/strong><\/p>\n<\/td>\n<td width=\"129\" valign=\"top\">\n<p><strong>48.238<\/strong><\/p>\n<\/td>\n<\/tr>\n<tr>\n<td width=\"114\" valign=\"top\">\n<p><strong>Sud-est<\/strong><\/p>\n<\/td>\n<td width=\"114\" valign=\"top\">\n<p><strong>14.027<\/strong><\/p>\n<\/td>\n<td width=\"114\" valign=\"top\">\n<p><strong>122.143<\/strong><\/p>\n<\/td>\n<td width=\"114\" valign=\"top\">\n<p><strong>88.910<\/strong><\/p>\n<\/td>\n<td width=\"114\" valign=\"top\">\n<p><strong>74.883<\/strong><\/p>\n<\/td>\n<td width=\"129\" valign=\"top\">\n<p><strong>34.572<\/strong><\/p>\n<\/td>\n<\/tr>\n<tr>\n<td width=\"114\" valign=\"top\">\n<p><strong>Artibonite<\/strong><\/p>\n<\/td>\n<td width=\"114\" valign=\"top\">\n<p><strong>33.396<\/strong><\/p>\n<\/td>\n<td width=\"114\" valign=\"top\">\n<p><strong>290.805<\/strong><\/p>\n<\/td>\n<td width=\"114\" valign=\"top\">\n<p><strong>211.682<\/strong><\/p>\n<\/td>\n<td width=\"114\" valign=\"top\">\n<p><strong>178.285<\/strong><\/p>\n<\/td>\n<td width=\"129\" valign=\"top\">\n<p><strong>82.310<\/strong><\/p>\n<\/td>\n<\/tr>\n<tr>\n<td width=\"114\" valign=\"top\">\n<p><strong>Ha\u00efti<\/strong><\/p>\n<\/td>\n<td width=\"114\" valign=\"top\">\n<p><strong>238.385<\/strong><strong> <\/strong><\/p>\n<\/td>\n<td width=\"114\" valign=\"top\">\n<p><strong>2.135.562<\/strong><\/p>\n<\/td>\n<td width=\"114\" valign=\"top\">\n<p><strong>1.568.048<\/strong><strong> <\/strong><\/p>\n<\/td>\n<td width=\"114\" valign=\"top\">\n<p><strong>1.336.522<\/strong><strong> <\/strong><\/p>\n<\/td>\n<td width=\"129\" valign=\"top\">\n<p><strong>656.154<\/strong><strong> <\/strong><\/p>\n<\/td>\n<\/tr>\n<\/tbody>\n<\/table>\n<p>constitu\u00e9es d\u2019arr\u00eater les mesures subs\u00e9quentes en\u00a0:<\/p>\n<h1>Gouverner c\u2019est pr\u00e9voir. Dans la tourmente, il ne faut\u00a0 <span style=\"color: #800000;\">compter sur personne. Les \u00e9meutes de la faim sont proches. Il revient aux autorit\u00e9s constitu\u00e9es d\u2019arr\u00eater les mesures subs\u00e9quentes en\u00a0:<\/span><\/h1>\n<p><span style=\"color: #800000;\"> <\/span><\/p>\n<h1><span style=\"color: #800000;\">1.\u00a0 garnissant nos d\u00e9p\u00f4ts en c\u00e9r\u00e9ales et en huile de cuisine parce que ces produits se pr\u00eatent bien \u00e0 l\u2019entreposage gr\u00e2ce \u00e0 leur shelflife, c\u2019est \u00e0 dire leur dur\u00e9e de vie sur \u00e9tag\u00e8re,<\/span><\/h1>\n<p><span style=\"color: #800000;\"> <\/span><\/p>\n<h1><span style=\"color: #800000;\">2.\u00a0\u00a0 stockant de la gazoline, un bien noble d\u2019une importance capitale pour faciliter le transport en <img loading=\"lazy\" decoding=\"async\" class=\"alignright size-full wp-image-7471\" title=\"Ph12\" src=\"http:\/\/www.lecarrefourdesopinions.ca\/wp-content\/uploads\/2011\/12\/Ph121.jpg\" alt=\"\" width=\"269\" height=\"187\" \/>commun, sans oublier le k\u00e9ros\u00e8ne pour l\u2019\u00e9clairage des maisons<\/span><\/h1>\n<p><span style=\"color: #800000;\"> <\/span><\/p>\n<h1><span style=\"color: #800000;\">3.\u00a0 exhortant le covoiturage pour \u00e9viter tout gaspillage d\u2019essence.<\/span><\/h1>\n<p><span style=\"color: #800000;\"> <\/span><\/p>\n<h1><span style=\"color: #800000;\">4.\u00a0 dressant des cantines pour donner \u00e0 manger au moins une fois par jour dans les quartiers les plus pauvres.<\/span><\/h1>\n<p><span style=\"color: #800000;\"> <\/span><span style=\"color: #800000;\"> <\/span><\/p>\n<h1><span style=\"color: #800000;\">C\u2019est le moment de penser \u00e0 nous affranchir des tutelles de l\u2019Occident exploiteur relativement \u00e0 certains besoins. Ha\u00efti peut \u00eatre \u00e9lectrifi\u00e9 gr\u00e2ce \u00e0 notre potentiel en \u00e9nergie solaire comme pays tropical. Il en est de m\u00eame des pays de l\u2019Afrique et de la  Cara\u00efbe pratiquement tiers-mondistes. Qu\u2019attendons-nous?<\/span><\/h1>\n<p><span style=\"color: #800000;\"> <\/span><span style=\"color: #800000;\"> <\/span><\/p>\n<h1><span style=\"color: #800000;\">Les dirigeants des pays pauvres g\u00e9n\u00e9ralement affichent un laxisme inqui\u00e9tant.\u00a0Avec la r\u00e9cession \u00e9conomique qu\u2019adviendra-t-il d\u2019Ha\u00efti\u00a0? Que sera le Tiers-Monde\u00a0?<\/span><\/h1>\n<p><span style=\"color: #800000;\"> <\/span><\/p>\n<p><span style=\"color: #800000;\"> <\/span><\/p>\n<p><span style=\"color: #800000;\"> <\/span><\/p>\n<p><span style=\"color: #800000;\"> <\/span><\/p>\n<script type=\"text\/javascript\">\n\nvar addthis_config = {\"data_track_clickback\":false,\"data_track_addressbar\":false,\"data_track_textcopy\":false};\n<\/script><script type=\"text\/javascript\" src=\"\/\/s7.addthis.com\/js\/250\/addthis_widget.js#pubid=f084fdfbcefba74c78dfad3bbc873ffd\"><\/script>","protected":false},"excerpt":{"rendered":"<p><span style=\"color: #3366ff;\">Que sera le Tiers-Monde avec la r\u00e9cession?<\/span><\/p>\n<p><span style=\"color: #800000;\">Jean Erich Ren\u00e9<\/span><\/p>\n<p><span style=\"color: #800000;\">Ing. Agronome<\/span><\/p>\n<p>L\u2019expression Tiers-Monde est une invention d\u2019Alfred Sauvy par analogie \u00e0 la hi\u00e9rarchie sociale fran\u00e7aise d\u2019antan\u00a0: la Noblesse, le Clerg\u00e9 et le Tiers-\u00c9tat. On peut &hellip;<\/p>\n","protected":false},"author":1,"featured_media":0,"comment_status":"open","ping_status":"open","sticky":false,"template":"","format":"standard","meta":{"footnotes":""},"categories":[1],"tags":[],"class_list":["post-7464","post","type-post","status-publish","format-standard","hentry","category-accueil"],"_links":{"self":[{"href":"https:\/\/www.lecarrefourdesopinions.ca\/index.php?rest_route=\/wp\/v2\/posts\/7464","targetHints":{"allow":["GET"]}}],"collection":[{"href":"https:\/\/www.lecarrefourdesopinions.ca\/index.php?rest_route=\/wp\/v2\/posts"}],"about":[{"href":"https:\/\/www.lecarrefourdesopinions.ca\/index.php?rest_route=\/wp\/v2\/types\/post"}],"author":[{"embeddable":true,"href":"https:\/\/www.lecarrefourdesopinions.ca\/index.php?rest_route=\/wp\/v2\/users\/1"}],"replies":[{"embeddable":true,"href":"https:\/\/www.lecarrefourdesopinions.ca\/index.php?rest_route=%2Fwp%2Fv2%2Fcomments&post=7464"}],"version-history":[{"count":3,"href":"https:\/\/www.lecarrefourdesopinions.ca\/index.php?rest_route=\/wp\/v2\/posts\/7464\/revisions"}],"predecessor-version":[{"id":7519,"href":"https:\/\/www.lecarrefourdesopinions.ca\/index.php?rest_route=\/wp\/v2\/posts\/7464\/revisions\/7519"}],"wp:attachment":[{"href":"https:\/\/www.lecarrefourdesopinions.ca\/index.php?rest_route=%2Fwp%2Fv2%2Fmedia&parent=7464"}],"wp:term":[{"taxonomy":"category","embeddable":true,"href":"https:\/\/www.lecarrefourdesopinions.ca\/index.php?rest_route=%2Fwp%2Fv2%2Fcategories&post=7464"},{"taxonomy":"post_tag","embeddable":true,"href":"https:\/\/www.lecarrefourdesopinions.ca\/index.php?rest_route=%2Fwp%2Fv2%2Ftags&post=7464"}],"curies":[{"name":"wp","href":"https:\/\/api.w.org\/{rel}","templated":true}]}}