{"id":7457,"date":"2011-12-27T16:34:20","date_gmt":"2011-12-27T21:34:20","guid":{"rendered":"http:\/\/www.lecarrefourdesopinions.ca\/?p=7457"},"modified":"2011-12-27T16:34:20","modified_gmt":"2011-12-27T21:34:20","slug":"la-foi","status":"publish","type":"post","link":"https:\/\/www.lecarrefourdesopinions.ca\/?p=7457","title":{"rendered":"La foi"},"content":{"rendered":"<p><span style=\"color: #3366ff;\"><strong>La foi<\/strong><\/span><\/p>\n<p><em> <img loading=\"lazy\" decoding=\"async\" class=\"alignleft size-thumbnail wp-image-7458\" title=\"photo Michel Frankland 2\" src=\"http:\/\/www.lecarrefourdesopinions.ca\/wp-content\/uploads\/2011\/12\/photo-Michel-Frankland-2-134x107.jpg\" alt=\"\" width=\"134\" height=\"107\" \/> <span style=\"color: #800000;\">Par Michel Frankland<\/span> <br \/><\/em><\/p>\n<p>&nbsp;<\/p>\n<p>&nbsp;<\/p>\n<p>Vous \u00eates surpris\u00a0? Un peu quand m\u00eame. Je vous annon\u00e7ais un article que vous ne pouviez pas vous imaginer.\u00a0 Vous avez pr\u00e9vu des r\u00e9v\u00e9lations politiques, des d\u00e9nonciations\u00a0 tapageuses. Du style\u00a0: tel artiste connu a fait l\u2019amour avec une belette\u00a0! Enfin\u2026<\/p>\n<p>Je veux vous parler de la foi parce que c\u2019est une question de fond.\u00a0 Camus remarquait que la foi constituait la question\u00a0 cruciale de son \u00e9poque.<\/p>\n<p>J\u2019aborde ce sujet aussi\u00a0 parce que je me suis rendu compte, en causant avec des amis ath\u00e9es ou agnostiques, que plusieurs ont une perception alambiqu\u00e9e de la foi. Effectivement, la majorit\u00e9 de mes amis sont de l\u2019autre c\u00f4t\u00e9 de la fronti\u00e8re th\u00e9ologale .\u00a0\u00a0 Nous nous aimons comme \u00e7a. Ce constat de d\u00e9phasage sur la foi vient de nos rares \u00e9changes sur le sujet.<\/p>\n<p>La foi appara\u00eet \u00e0 plusieurs comme l\u2019aboutissement d\u2019un raisonnement. Un mardi soir, apr\u00e8s avoir brass\u00e9 les preuves de l\u2019existence de Dieu d\u00e9velopp\u00e9es par Aristote, vous concluez \u00e0 la validit\u00e9 de son approche. Vous la jugez rigoureuse et imparable. Vous avez la foi\u2026<\/p>\n<p>La foi n\u2019a rien \u00e0 voir avec la d\u00e9marche philosophique. Qu\u2019elle vienne d\u2019Aristote, de Thomas d\u2019Aquin ou d\u2019un autre.<\/p>\n<p><strong>La foi est une exp\u00e9rience<\/strong>.<\/p>\n<p>Une pr\u00e9sence au fond de soi. Une certitude\u00a0 en de\u00e7a et au-del\u00e0 du raisonnement. Une analogie\u00a0: vous adorez telle pi\u00e8ce musicale.\u00a0 Vous savez, au fond de vos tripes, qu\u2019elle vous signifie bien plus que des heures de discussions sur vous-m\u00eame.\u00a0 Vous vous ouvrez \u00e0 une connaissance de cette musique sublime \u00e0 vos oreilles. Il discute avec vous. Il l\u2019estime quelconque.\u00a0 Vous vous rendez compte qu\u2019il est pour ainsi dire \u00e0 l\u2019ext\u00e9rieur de cet air. Il\u00a0 n\u2019en a pas l\u2019exp\u00e9rience. Anne H\u00e9bert songe \u00e0 la nature de la po\u00e9sie\u00a0: \u00abLa po\u00e9sie n\u2019est ni vraie ni fausse. Elle est et elle remplit.\u00bb. La foi, comme la po\u00e9sie, est une exp\u00e9rience.<\/p>\n<p>Il flotte un pr\u00e9jug\u00e9 sur la foi\u00a0 qui l\u2019associe \u00e0 des intelligences de petit calibre. Tu es une bonne personne. Le c\u0153ur sur la main.\u00a0 Tu\u00a0 es gouvern\u00e9 par tes \u00e9motions. Tu associes facilement l\u2019amour, le partage, la chaleur humaine , valeurs transcendantes \u00e0 tes yeux, \u00e0 l\u2019\u00e2me et son destin qui t\u2019appara\u00eet alors naturellement\u00a0 \u00e9ternel. Une bonne personne incapable\u00a0 d\u2019une analyse rationnelle s\u00e9rieuse\u00a0!&#8230;\u00a0 Pourtant, l\u2019histoire nous montre tant d\u2019exemples d\u2019esprit\u00a0 reconnus puissants et qui ont affirm\u00e9 leur foi. Un psychologue a consacr\u00e9 de longues \u00e9tudes \u00e0 classer les g\u00e9nies de l\u2019humanit\u00e9. Il attribuait un quotient de 180 \u00e0 Blaise Pascal.\u00a0 Or, Pascal\u00a0 s\u2019est d\u00e9fini\u00a0 d\u2019abord comme un homme de foi. Plus proche de moi, un de mes fils me confiait, il y a quelques mois,\u00a0 que la foi consiste dans la pr\u00e9sence de J\u00e9sus en lui.\u00a0 27 ans.\u00a0 Catholique pratiquant\u2026. Et PHD de MIT en maths. Une des trois meilleures universit\u00e9s au monde dans cette science. En somme, il y a autre chose que \u00abla foi du charbonnier\u00bb. Et de toute fa\u00e7on, que sait-on\u00a0 de sa qualit\u00e9 spirituelle\u00a0? Ses mains\u00a0 sont\u00a0 dans la suie. Il n\u2019a pas les mots\u00a0 pour le dire. Mais nous\u00a0 ne\u00a0 savons rien de la puissance de sa perception\u00a0 des \u00abvraies choses de la vie\u00bb.<\/p>\n<p>Je vous propose maintenant une autre approche de la foi.\u00a0 Le rivage est \u00e0 l\u2019oc\u00e9an\u00a0 ce que l\u2019esprit\u00a0 est au myst\u00e8re qui nous entoure. De m\u00eame que le rivage re\u00e7oit l\u2019immense oc\u00e9an, notre esprit\u00a0 est habit\u00e9 par les confidences \u00e9nigmatiques que nous souffle la vie\u00a0:\u00a0 Qu\u2019est-ce que l\u2019amour, la mort, la justice, la fid\u00e9lit\u00e9.. etc. Ainsi des faces changeantes de l\u2019\u00eatre.\u00a0 Or, de m\u00eame que\u00a0 le rivage ne re\u00e7oit\u00a0 qu\u2019une part infime de l\u2019oc\u00e9an,\u00a0 notre\u00a0 esprit n\u2019est en contact direct qu\u2019avec une part infime\u00a0 de la r\u00e9alit\u00e9. Soit la mati\u00e8re.\u00a0 Il n\u2019y a pas beaucoup\u00a0 de densit\u00e9\u00a0 dans la mati\u00e8re.\u00a0 La mati\u00e8re n\u2019existe pas beaucoup. Il y a pour le moins un paradoxe\u00a0\u00e0 se\u00a0 satisfaire de ce plan d\u2019existence alors qu\u2019on est b\u00e2tis pour aimer infiniment\u00a0 et \u00eatre aim\u00e9s sans limite.<\/p>\n<p>Certaines branches du christianisme condamnent\u00a0 automatiquement les non-croyants. La r\u00e9v\u00e9lation chr\u00e9tienne a eu lieu\u00a0; c\u2019est leur\u00a0 faute s\u2019ils ne croient pas. Ce cr\u00e9do m\u2019appara\u00eet simpliste et faux. D\u2019une part, j\u2019estime \u00e9vident que certains ont perdu la foi\u00a0 par orgueil. \u00abJe ne servirai pas\u00a0!\u00bb a d\u00e9clar\u00e9 Lucifer. Le m\u00eame qui a tent\u00e9 Adam et \u00cave\u00a0: \u00abVous serez comme des dieux\u00a0!\u00bb Mais il est non moins \u00e9vident qu\u2019il y a plusieurs non-croyants de la plus juste honn\u00eatet\u00e9. S\u2019ils ne croient pas, la conclusion s\u2019impose\u00a0: ils n\u2019ont pas re\u00e7u\u00a0le don de la foi. Dieu leur a laiss\u00e9 la loi naturelle.\u00a0 Ils ont en elle tout ce qu\u2019il leur faut pour mener une vie honn\u00eate, responsable et heureuse.<\/p>\n<p>Car la\u00a0 foi est une gr\u00e2ce. Pourvu que le croyant ait quelque conscience de ce\u00a0 qui se passe en lui, il est\u00a0 persuad\u00e9 qu\u2019il ne la\u00a0 m\u00e9rite\u00a0 pas. C\u2019est pourquoi l\u2019acte de louange et de remerciement arrive spontan\u00e9ment aux l\u00e8vres du croyant. Car il jouit d\u2019une qualit\u00e9 de bonheur, de joie surtout, qui illumine sa vie. Il la souhaite \u00e0 tous ses amis ath\u00e9es ou agnostiques.<\/p>\n<p>&nbsp;<\/p>\n<p><strong>Michel Frankland<\/strong><br \/> site de bridge jug\u00e9 incontournable par les experts<br \/> <a href=\"http:\/\/pages.videotron.ca\/lepeuple\/\"><strong>http:\/\/pages.videotron.ca\/lepeuple\/<\/strong><\/a><\/p>\n<p>____________________________________________________________<\/p>\n<p><strong>Christine Schwab<\/strong><br \/> psychologue comp\u00e9tente et extr\u00eamement honn\u00eate avec ses clients<br \/> (pas de prolongation inutile de traitement)<br \/> <a href=\"http:\/\/www.cschwab.net\/\"><strong>www.cschwab.net<\/strong><\/a><\/p>\n<p>____________________________________________________________<\/p>\n<p><strong>Henri Cohen<\/strong><br \/> Un expert en pollution domestique et industrielle,<br \/> <a href=\"http:\/\/www.coblair.com\/\"><strong>www.coblair.com<\/strong><\/a><\/p>\n<p>&nbsp;<\/p>\n<script type=\"text\/javascript\">\n\nvar addthis_config = {\"data_track_clickback\":false,\"data_track_addressbar\":false,\"data_track_textcopy\":false};\n<\/script><script type=\"text\/javascript\" src=\"\/\/s7.addthis.com\/js\/250\/addthis_widget.js#pubid=f084fdfbcefba74c78dfad3bbc873ffd\"><\/script>","protected":false},"excerpt":{"rendered":"<p><span style=\"color: #3366ff;\">La foi<\/span><\/p>\n<p>  <span style=\"color: #800000;\">Par Michel Frankland<\/span> <\/p>\n<p>&nbsp;<\/p>\n<p>&nbsp;<\/p>\n<p>Vous \u00eates surpris\u00a0? Un peu quand m\u00eame. Je vous annon\u00e7ais un article que vous ne pouviez pas vous imaginer.\u00a0 Vous avez pr\u00e9vu des r\u00e9v\u00e9lations politiques, des d\u00e9nonciations\u00a0 tapageuses. Du &hellip;<\/p>\n","protected":false},"author":1,"featured_media":0,"comment_status":"open","ping_status":"open","sticky":false,"template":"","format":"standard","meta":{"footnotes":""},"categories":[1],"tags":[],"class_list":["post-7457","post","type-post","status-publish","format-standard","hentry","category-accueil"],"_links":{"self":[{"href":"https:\/\/www.lecarrefourdesopinions.ca\/index.php?rest_route=\/wp\/v2\/posts\/7457","targetHints":{"allow":["GET"]}}],"collection":[{"href":"https:\/\/www.lecarrefourdesopinions.ca\/index.php?rest_route=\/wp\/v2\/posts"}],"about":[{"href":"https:\/\/www.lecarrefourdesopinions.ca\/index.php?rest_route=\/wp\/v2\/types\/post"}],"author":[{"embeddable":true,"href":"https:\/\/www.lecarrefourdesopinions.ca\/index.php?rest_route=\/wp\/v2\/users\/1"}],"replies":[{"embeddable":true,"href":"https:\/\/www.lecarrefourdesopinions.ca\/index.php?rest_route=%2Fwp%2Fv2%2Fcomments&post=7457"}],"version-history":[{"count":5,"href":"https:\/\/www.lecarrefourdesopinions.ca\/index.php?rest_route=\/wp\/v2\/posts\/7457\/revisions"}],"predecessor-version":[{"id":7488,"href":"https:\/\/www.lecarrefourdesopinions.ca\/index.php?rest_route=\/wp\/v2\/posts\/7457\/revisions\/7488"}],"wp:attachment":[{"href":"https:\/\/www.lecarrefourdesopinions.ca\/index.php?rest_route=%2Fwp%2Fv2%2Fmedia&parent=7457"}],"wp:term":[{"taxonomy":"category","embeddable":true,"href":"https:\/\/www.lecarrefourdesopinions.ca\/index.php?rest_route=%2Fwp%2Fv2%2Fcategories&post=7457"},{"taxonomy":"post_tag","embeddable":true,"href":"https:\/\/www.lecarrefourdesopinions.ca\/index.php?rest_route=%2Fwp%2Fv2%2Ftags&post=7457"}],"curies":[{"name":"wp","href":"https:\/\/api.w.org\/{rel}","templated":true}]}}