{"id":7453,"date":"2011-12-27T16:36:47","date_gmt":"2011-12-27T21:36:47","guid":{"rendered":"http:\/\/www.lecarrefourdesopinions.ca\/?p=7453"},"modified":"2011-12-27T16:36:47","modified_gmt":"2011-12-27T21:36:47","slug":"decouvrir-la-nouvelle-place-darmes-de-montreal","status":"publish","type":"post","link":"https:\/\/www.lecarrefourdesopinions.ca\/?p=7453","title":{"rendered":"D\u00e9couvrir la nouvelle Place d&rsquo;Armes de Montr\u00e9al"},"content":{"rendered":"<p><span style=\"color: #3366ff;\"><strong>D\u00e9couvrir la nouvelle Place d&rsquo;Armes de Montr\u00e9al<\/strong><\/span><\/p>\n<p><em> <img loading=\"lazy\" decoding=\"async\" class=\"alignleft size-thumbnail wp-image-7452\" title=\"Photo Yves Alavo\" src=\"http:\/\/www.lecarrefourdesopinions.ca\/wp-content\/uploads\/2011\/12\/Photo-Yves-Alavo-112x107.jpg\" alt=\"\" width=\"112\" height=\"107\" \/> <span style=\"color: #800000;\">Par Yves Alavo <\/span> <\/em><\/p>\n<p><em> <\/em><\/p>\n<p>Vous-\u00eates-vous promenez dans le Vieux-Montr\u00e9al? Il y a depuis quelques semaines du plaisir \u00e0 vivre et vraiment pour tous les sens.\u00a0 Vos yeux vont \u00eatre surpris, une d\u00e9couverte sublime tant les changements sont consid\u00e9rables, l\u2019espace prend d\u00e9sormais une autre proportion, largeur, profondeur, mis en relief des \u00e9l\u00e9ments structuraux, continuit\u00e9 de la Basilique aux immeubles commerciaux ou un d\u00e9coupage architectural neuf surgit.\u00a0 Le mobilier urbain est utile tout en conservant cette touche esth\u00e9tique unique, signature des architectes paysagistes.\u00a0 Le nouvel am\u00e9nagement de la place d&rsquo;Armes facilite et am\u00e9liore la convivialit\u00e9 et l&rsquo;appropriation synergique des volumes, des lignes et cr\u00e9e une nouvelle vertu des lieux.\u00a0 Il assure \u00e0 la place ses fonctions contemporaines tout en pr\u00e9servant l&#8217;empreinte de son identit\u00e9 historique. \u00a0Le d\u00e9ploiement des derniers \u00e9l\u00e9ments d&rsquo;\u00e9clairage a cl\u00f4tur\u00e9 les travaux, nous vous conseillons de vous y rendre aussi la nuit arriv\u00e9e afin de sentir cette magie des lumi\u00e8res, moment d\u2019extase qui vous bascule dans l\u2019univers onirique o\u00f9 se conjuguent les \u00e2mes ainsi que les hauts faits des fondateurs avec les personnages actuels, d\u2019une histoire diff\u00e9rente et encore passionnante.\u00a0 Des \u00e9l\u00e9ments permettant de faire conna\u00eetre l&rsquo;histoire du lieu y seront int\u00e9gr\u00e9s au printemps prochain.<\/p>\n<p>&nbsp;<\/p>\n<p>La responsable de la culture, du patrimoine, du design et de la condition f\u00e9minine au comit\u00e9 ex\u00e9cutif de la Ville de Montr\u00e9al, Mme Helen Fotopulos, a \u00e9t\u00e9 fi\u00e8re d&rsquo;annoncer la fin des travaux d&rsquo;am\u00e9nagement de la place d&rsquo;Armes. D\u00e9but\u00e9s en 2009, ces travaux avaient pour finalit\u00e9 de mettre en valeur les principaux attributs du Vieux-Montr\u00e9al et le caract\u00e8re unique du site.<\/p>\n<p>&nbsp;<\/p>\n<p>\u00ab <em>Je suis heureuse de constater la qualit\u00e9 du travail r\u00e9alis\u00e9 et la beaut\u00e9 des lieux restaur\u00e9s. Je suis persuad\u00e9e de l&rsquo;impact positif qu&rsquo;auront ces travaux d&rsquo;envergure sur l&rsquo;exp\u00e9rience que vivent des centaines de milliers de touristes et passants qui visitent la nouvelle place d&rsquo;Armes. Ce lieu patrimonial est une belle carte de visite et contribue au rayonnement de Montr\u00e9al \u00e0 titre de ville UNESCO de design<\/em> \u00bb, d&rsquo;affirmer Mme Fotopulos.<\/p>\n<p>&nbsp;<\/p>\n<p>&nbsp;<\/p>\n<p><span style=\"text-decoration: underline;\"><span style=\"color: #800000;\"><strong>\u00c0 propos de la place d&rsquo;Arme<\/strong><\/span>s<\/span><\/p>\n<p>&nbsp;<\/p>\n<p><strong>La place d&rsquo;Armes est la principale place publique de Montr\u00e9al<\/strong>. Elle accueille annuellement pr\u00e8s de 5 000 000 de visiteurs. Cette place a une valeur patrimoniale nationale exceptionnelle et pr\u00e9sente un condens\u00e9 de l&rsquo;histoire de l&rsquo;architecture montr\u00e9alaise. Depuis son \u00e9tablissement au XVIIe si\u00e8cle, son histoire est ponctu\u00e9e par l&rsquo;implantation d&rsquo;institutions et de si\u00e8ges sociaux d&rsquo;entreprises dont l\u2019influence est d\u00e9sormais connue et fait partie int\u00e9grante de notre vie.\u00a0 Par ailleurs, les activit\u00e9s, les plus grands moments de notre histoire nationale et internationale ainsi que la majorit\u00e9 des \u00e9v\u00e9nements d&rsquo;importance dont la tenue est significative, ont pour site la Place d\u2019Armes..<\/p>\n<p>&nbsp;<\/p>\n<p>\u00ab <em>J&rsquo;invite les Montr\u00e9alaises et les Montr\u00e9alais \u00e0 venir en grand nombre red\u00e9couvrir la place d&rsquo;Armes et \u00e0 s&rsquo;impr\u00e9gner du dynamisme particulier du Vieux-Montr\u00e9al. \u00c0 l&rsquo;approche des F\u00eates, j&rsquo;encourage vivement mes concitoyens \u00e0 profiter de ce d\u00e9cor enchanteur pour y effectuer des achats locaux aupr\u00e8s des commer\u00e7ants du secteur<\/em> \u00bb, de conclure Mme Fotopulos.<\/p>\n<p>&nbsp;<\/p>\n<p>&nbsp;<\/p>\n<p>&nbsp;<\/p>\n<p>&nbsp;<\/p>\n<p>&nbsp;<\/p>\n<p>Rappelons que ce projet a \u00e9t\u00e9 rendu possible gr\u00e2ce \u00e0 l&rsquo;appui financier du gouvernement provincial qui a assum\u00e9 95 % des co\u00fbts de l&rsquo;investissement par l&rsquo;interm\u00e9diaire du minist\u00e8re de la Culture, des Communications et de la Condition f\u00e9minine du Qu\u00e9bec (Entente sur le d\u00e9veloppement culturel de Montr\u00e9al) et du minist\u00e8re des Affaires municipales, des R\u00e9gions et de l&rsquo;Occupation du territoire (MAMROT).<\/p>\n<p>&nbsp;<\/p>\n<p>Le r\u00e9am\u00e9nagement de la place d&rsquo;Armes aura un impact positif sur la qualit\u00e9 de vie des citoyens et des travailleurs du quartier.\u00a0 Il <img loading=\"lazy\" decoding=\"async\" class=\"alignleft size-medium wp-image-7454\" title=\"Placedarmes_Yves\" src=\"http:\/\/www.lecarrefourdesopinions.ca\/wp-content\/uploads\/2011\/12\/Placedarmes_Yves-200x300.jpg\" alt=\"\" width=\"200\" height=\"300\" srcset=\"https:\/\/www.lecarrefourdesopinions.ca\/wp-content\/uploads\/2011\/12\/Placedarmes_Yves-200x300.jpg 200w, https:\/\/www.lecarrefourdesopinions.ca\/wp-content\/uploads\/2011\/12\/Placedarmes_Yves-682x1024.jpg 682w, https:\/\/www.lecarrefourdesopinions.ca\/wp-content\/uploads\/2011\/12\/Placedarmes_Yves-400x600.jpg 400w, https:\/\/www.lecarrefourdesopinions.ca\/wp-content\/uploads\/2011\/12\/Placedarmes_Yves.jpg 1584w\" sizes=\"auto, (max-width: 200px) 100vw, 200px\" \/>permettra d&rsquo;am\u00e9liorer la qualit\u00e9 de l&rsquo;exp\u00e9rience de visite des nombreux touristes qui fr\u00e9quentent la place d&rsquo;Armes et contribuera au rayonnement de Montr\u00e9al comme lieu de destination. \u00a0Le r\u00e9am\u00e9nagement de la place permet de confirmer le r\u00f4le de Montr\u00e9al en tant que propri\u00e9taire et gestionnaire du patrimoine commun et comme ville de design de l&rsquo;UNESCO.<\/p>\n<p>&nbsp;<\/p>\n<p>Les cr\u00e9ateurs sont Robert Desjardins et Luu-Thuy Nguyen, architectes paysagistes de la Direction des Grands parcs et du verdissement de la Ville de Montr\u00e9al.\u00a0 Nous esp\u00e9rons pouvoir vous les pr\u00e9senter dans des chroniques futures.\u00a0 Ils sont membres des \u00e9quipes que dirige Monsieur Mario Cicioli.\u00a0 <strong><em>La Direction des grands parcs et du verdissement<\/em><\/strong> a pour mission de mettre en valeur et de rendre accessible le patrimoine naturel et culturel des grands parcs, par une gestion int\u00e9gr\u00e9e pour les parcs-nature et par une gestion concert\u00e9e pour les parcs urbains et m\u00e9tropolitains.<\/p>\n<p>&nbsp;<\/p>\n<p>La Direction con\u00e7oit et r\u00e9alise des projets d&rsquo;am\u00e9nagement pour am\u00e9liorer ce r\u00e9seau des grands parcs et certaines places publiques.\u00a0 Elle veille \u00e0 la protection des milieux naturels et, plus largement, \u00e0 la promotion du verdissement et de la biodiversit\u00e9 en ville.<\/p>\n<p>&nbsp;<\/p>\n<p>La personne qui depuis l\u2019automne en assure la direction et le leadership, est M. Mario Cicioli.\u00a0 Un homme de d\u00e9fis dont la pr\u00e9sence au sein de l&rsquo;\u00e9quipe du <strong>Service du d\u00e9veloppement et des op\u00e9rations<\/strong> se poursuit, cette fois, avec des responsabilit\u00e9s suppl\u00e9mentaires.\u00a0 Il saura mettre tous ses talents au service des citoyens Montr\u00e9alais, dans le cadre de ce mandat\u00a0 plus vaste. \u00a0Titulaire d\u2019une ma\u00eetrise en administration des affaires de l\u2019Universit\u00e9 de Sherbrooke, M. Cicioli a agi en tant que directeur g\u00e9n\u00e9ral adjoint des Mus\u00e9ums nature de Montr\u00e9al, de 2008 \u00e0 2010.\u00a0 Il a \u0153uvr\u00e9 au sein de ce service durant plus de dix ans. En mai 2010, M. Cicioli \u00e9tait nomm\u00e9 adjoint \u00e0 la directrice g\u00e9n\u00e9rale associ\u00e9e et responsable du Bureau du Mont\u2013Royal.\u00a0 La Direction g\u00e9n\u00e9rale des Grands parcs et du verdissement est d\u00e9sormais son point d\u2019appui pour contribuer directement \u00e0 la qualit\u00e9 de vie de tous et surtout offrir un cadre indispensable au d\u00e9veloppement culturel et aux investissements \u00e9conomiques.\u00a0 De cette mani\u00e8re, il est vraiment le premier responsable de la vitalit\u00e9 et du dynamisme socio-culturel et surtout \u00e9conomique de Montr\u00e9al.<\/p>\n<p><img loading=\"lazy\" decoding=\"async\" class=\"aligncenter size-full wp-image-7455\" title=\"Montreal B\" src=\"http:\/\/www.lecarrefourdesopinions.ca\/wp-content\/uploads\/2011\/12\/Montreal-B2.jpg\" alt=\"\" width=\"437\" height=\"625\" srcset=\"https:\/\/www.lecarrefourdesopinions.ca\/wp-content\/uploads\/2011\/12\/Montreal-B2.jpg 437w, https:\/\/www.lecarrefourdesopinions.ca\/wp-content\/uploads\/2011\/12\/Montreal-B2-209x300.jpg 209w, https:\/\/www.lecarrefourdesopinions.ca\/wp-content\/uploads\/2011\/12\/Montreal-B2-400x572.jpg 400w\" sizes=\"auto, (max-width: 437px) 100vw, 437px\" \/><\/p>\n<p>&nbsp;<\/p>\n<p>&nbsp;<\/p>\n<p>&nbsp;<\/p>\n<script type=\"text\/javascript\">\n\nvar addthis_config = {\"data_track_clickback\":false,\"data_track_addressbar\":false,\"data_track_textcopy\":false};\n<\/script><script type=\"text\/javascript\" src=\"\/\/s7.addthis.com\/js\/250\/addthis_widget.js#pubid=f084fdfbcefba74c78dfad3bbc873ffd\"><\/script>","protected":false},"excerpt":{"rendered":"<p><span style=\"color: #3366ff;\">D\u00e9couvrir la nouvelle Place d&rsquo;Armes de Montr\u00e9al<\/span><\/p>\n<p>  <span style=\"color: #800000;\">Par Yves Alavo <\/span> <\/p>\n<\/p>\n<p>Vous-\u00eates-vous promenez dans le Vieux-Montr\u00e9al? Il y a depuis quelques semaines du plaisir \u00e0 vivre et vraiment pour tous les sens.\u00a0 Vos yeux vont \u00eatre surpris, une &hellip;<\/p>\n","protected":false},"author":1,"featured_media":0,"comment_status":"open","ping_status":"open","sticky":false,"template":"","format":"standard","meta":{"footnotes":""},"categories":[1],"tags":[],"class_list":["post-7453","post","type-post","status-publish","format-standard","hentry","category-accueil"],"_links":{"self":[{"href":"https:\/\/www.lecarrefourdesopinions.ca\/index.php?rest_route=\/wp\/v2\/posts\/7453","targetHints":{"allow":["GET"]}}],"collection":[{"href":"https:\/\/www.lecarrefourdesopinions.ca\/index.php?rest_route=\/wp\/v2\/posts"}],"about":[{"href":"https:\/\/www.lecarrefourdesopinions.ca\/index.php?rest_route=\/wp\/v2\/types\/post"}],"author":[{"embeddable":true,"href":"https:\/\/www.lecarrefourdesopinions.ca\/index.php?rest_route=\/wp\/v2\/users\/1"}],"replies":[{"embeddable":true,"href":"https:\/\/www.lecarrefourdesopinions.ca\/index.php?rest_route=%2Fwp%2Fv2%2Fcomments&post=7453"}],"version-history":[{"count":2,"href":"https:\/\/www.lecarrefourdesopinions.ca\/index.php?rest_route=\/wp\/v2\/posts\/7453\/revisions"}],"predecessor-version":[{"id":7493,"href":"https:\/\/www.lecarrefourdesopinions.ca\/index.php?rest_route=\/wp\/v2\/posts\/7453\/revisions\/7493"}],"wp:attachment":[{"href":"https:\/\/www.lecarrefourdesopinions.ca\/index.php?rest_route=%2Fwp%2Fv2%2Fmedia&parent=7453"}],"wp:term":[{"taxonomy":"category","embeddable":true,"href":"https:\/\/www.lecarrefourdesopinions.ca\/index.php?rest_route=%2Fwp%2Fv2%2Fcategories&post=7453"},{"taxonomy":"post_tag","embeddable":true,"href":"https:\/\/www.lecarrefourdesopinions.ca\/index.php?rest_route=%2Fwp%2Fv2%2Ftags&post=7453"}],"curies":[{"name":"wp","href":"https:\/\/api.w.org\/{rel}","templated":true}]}}