{"id":7449,"date":"2011-12-27T16:36:29","date_gmt":"2011-12-27T21:36:29","guid":{"rendered":"http:\/\/www.lecarrefourdesopinions.ca\/?p=7449"},"modified":"2011-12-27T16:36:29","modified_gmt":"2011-12-27T21:36:29","slug":"apres-la-caq-la-csp","status":"publish","type":"post","link":"https:\/\/www.lecarrefourdesopinions.ca\/?p=7449","title":{"rendered":"Apr\u00e8s la CAQ la CSP"},"content":{"rendered":"<p><span style=\"color: #3366ff;\"><strong>Apr\u00e8s la CAQ la CSP<\/strong><\/span><\/p>\n<p><span style=\"color: #800000;\"><em>Par Paul Cliche\u00a0\u00a0\u00a0\u00a0\u00a0\u00a0\u00a0\u00a0\u00a0\u00a0\u00a0\u00a0\u00a0\u00a0 <img decoding=\"async\" class=\"alignleft size-full wp-image-7450\" title=\"Photo Paul Cliche\" src=\"http:\/\/www.lecarrefourdesopinions.ca\/wp-content\/uploads\/2011\/12\/Photo-Paul-Cliche.bmp\" alt=\"\" \/><br \/><\/em><\/span><\/p>\n<p><strong>Apr\u00e8s la CAQ (Coalition avenir du Qu\u00e9bec), la vie politique qu\u00e9b\u00e9coise pourrait s\u2019enrichir bient\u00f4t d\u2019un nouveau parti et d\u2019un nouvel acronyme, la CSP pour Coalition des SansParti. C\u2019est ce que nous apprend une d\u00e9p\u00eache de presse, quelque peu sid\u00e9rante, annon\u00e7ant qu\u2019un groupe mis sur pied il y a quelques mois a entrepris de se faire reconna\u00eetre comme parti autoris\u00e9 aupr\u00e8s du Directeur g\u00e9n\u00e9ral des \u00e9lections. Faute d\u2019\u00eatre li\u00e9 \u00e0 un parti un candidat a bien peu de droits face \u00e0 loi et aux m\u00e9dias, estiment les instigateurs de la coalition qui a publi\u00e9 le Manifeste des SansParti en septembre dernier.<\/strong><\/p>\n<p>&nbsp;<\/p>\n<p>On peut d\u2019ailleurs lire dans ce document que la coalition, qui entend pr\u00e9senter 125 candidats aux prochaines \u00e9lections, veut \u00abjouer sur le terrain des partis politiques sans en devenir un\u00bb. N\u2019y a t\u2019il pas l\u00e0 une contradiction flagrante?\u00a0 Peut-on militer contre l\u2019existence des partis tout en \u00e9tant membre d\u2019un? Les sans parti ne d\u00e9sirent-il pas l\u2019argent et l\u2019argent du beurre en voulant profiter des avantages d\u2019un r\u00e9gime politique et d\u2019un syst\u00e8me \u00e9lectoral, qui font reposer l\u2019exercice de notre d\u00e9mocratie de repr\u00e9sentation sur l\u2019existence de partis, sans en assumer les d\u00e9savantages?<\/p>\n<p>&nbsp;<\/p>\n<p>Personnellement, je consid\u00e8re les partis comme un mal n\u00e9cessaire dont il faut corriger les travers le plus possible. Ce qui est loin d\u2019\u00eatre le cas de fa\u00e7on imm\u00e9moriale, je l\u2019avoue. Je ne con\u00e7ois toutefois pas que dans un pays aussi populeux et une soci\u00e9t\u00e9 diversifi\u00e9e comme la n\u00f4tre on puisse exercer le pouvoir de fa\u00e7on efficace sans le concours de telles formations. On n\u2019est pas dans un r\u00e9gime de d\u00e9mocratie directe malgr\u00e9 le souhait de quelques nostalgiques. Mais je suis bien d\u2019accord avec l\u2019attitude de Ren\u00e9 L\u00e9vesque qui \u00e9tait tr\u00e8s critique \u00e0\u00a0 l\u2019endroit de l\u2019institution des partis et qui aurait volontiers appos\u00e9 une date de p\u00e9remption sur l\u2019existence du Parti qu\u00e9b\u00e9cois pour qu\u2019il ne s\u2019incruste pas outre mesure dans le paysage politique.<\/p>\n<p>&nbsp;<\/p>\n<script type=\"text\/javascript\">\n\nvar addthis_config = {\"data_track_clickback\":false,\"data_track_addressbar\":false,\"data_track_textcopy\":false};\n<\/script><script type=\"text\/javascript\" src=\"\/\/s7.addthis.com\/js\/250\/addthis_widget.js#pubid=f084fdfbcefba74c78dfad3bbc873ffd\"><\/script>","protected":false},"excerpt":{"rendered":"<p><span style=\"color: #3366ff;\">Apr\u00e8s la CAQ la CSP<\/span><\/p>\n<p><span style=\"color: #800000;\">Par Paul Cliche\u00a0\u00a0\u00a0\u00a0\u00a0\u00a0\u00a0\u00a0\u00a0\u00a0\u00a0\u00a0\u00a0\u00a0 <\/span><\/p>\n<p>Apr\u00e8s la CAQ (Coalition avenir du Qu\u00e9bec), la vie politique qu\u00e9b\u00e9coise pourrait s\u2019enrichir bient\u00f4t d\u2019un nouveau parti et d\u2019un nouvel acronyme, la CSP pour Coalition des SansParti. C\u2019est ce &hellip;<\/p>\n","protected":false},"author":1,"featured_media":0,"comment_status":"open","ping_status":"open","sticky":false,"template":"","format":"standard","meta":{"footnotes":""},"categories":[1],"tags":[],"class_list":["post-7449","post","type-post","status-publish","format-standard","hentry","category-accueil"],"_links":{"self":[{"href":"https:\/\/www.lecarrefourdesopinions.ca\/index.php?rest_route=\/wp\/v2\/posts\/7449","targetHints":{"allow":["GET"]}}],"collection":[{"href":"https:\/\/www.lecarrefourdesopinions.ca\/index.php?rest_route=\/wp\/v2\/posts"}],"about":[{"href":"https:\/\/www.lecarrefourdesopinions.ca\/index.php?rest_route=\/wp\/v2\/types\/post"}],"author":[{"embeddable":true,"href":"https:\/\/www.lecarrefourdesopinions.ca\/index.php?rest_route=\/wp\/v2\/users\/1"}],"replies":[{"embeddable":true,"href":"https:\/\/www.lecarrefourdesopinions.ca\/index.php?rest_route=%2Fwp%2Fv2%2Fcomments&post=7449"}],"version-history":[{"count":2,"href":"https:\/\/www.lecarrefourdesopinions.ca\/index.php?rest_route=\/wp\/v2\/posts\/7449\/revisions"}],"predecessor-version":[{"id":7492,"href":"https:\/\/www.lecarrefourdesopinions.ca\/index.php?rest_route=\/wp\/v2\/posts\/7449\/revisions\/7492"}],"wp:attachment":[{"href":"https:\/\/www.lecarrefourdesopinions.ca\/index.php?rest_route=%2Fwp%2Fv2%2Fmedia&parent=7449"}],"wp:term":[{"taxonomy":"category","embeddable":true,"href":"https:\/\/www.lecarrefourdesopinions.ca\/index.php?rest_route=%2Fwp%2Fv2%2Fcategories&post=7449"},{"taxonomy":"post_tag","embeddable":true,"href":"https:\/\/www.lecarrefourdesopinions.ca\/index.php?rest_route=%2Fwp%2Fv2%2Ftags&post=7449"}],"curies":[{"name":"wp","href":"https:\/\/api.w.org\/{rel}","templated":true}]}}