{"id":7435,"date":"2011-12-20T23:07:42","date_gmt":"2011-12-21T04:07:42","guid":{"rendered":"http:\/\/www.lecarrefourdesopinions.ca\/?p=7435"},"modified":"2011-12-20T23:07:42","modified_gmt":"2011-12-21T04:07:42","slug":"les-meilleurs-voeux-du-carrefour-des-opinions-a-ses-lecteurs","status":"publish","type":"post","link":"https:\/\/www.lecarrefourdesopinions.ca\/?p=7435","title":{"rendered":"LES MEILLEURS VOEUX DU CARREFOUR DES OPINIONS \u00c0 SES LECTEURS"},"content":{"rendered":"<h3 style=\"text-align: left;\"><span style=\"color: #ffffff;\">.<\/span><\/h3>\n<p><span style=\"color: #ffffff;\">.<img loading=\"lazy\" decoding=\"async\" class=\"alignright size-full wp-image-7442\" title=\"couronne de No\u00ebl\" src=\"http:\/\/www.lecarrefourdesopinions.ca\/wp-content\/uploads\/2011\/12\/couronne-de-No\u00ebl5.jpg\" alt=\"\" width=\"302\" height=\"279\" srcset=\"https:\/\/www.lecarrefourdesopinions.ca\/wp-content\/uploads\/2011\/12\/couronne-de-No\u00ebl5.jpg 302w, https:\/\/www.lecarrefourdesopinions.ca\/wp-content\/uploads\/2011\/12\/couronne-de-No\u00ebl5-300x277.jpg 300w\" sizes=\"auto, (max-width: 302px) 100vw, 302px\" \/><\/span><\/p>\n<p><span style=\"color: #ffffff;\">.<\/span><\/p>\n<p><span style=\"color: #ffffff;\">.<\/span><\/p>\n<p><span style=\"color: #ffffff;\">.<\/span><\/p>\n<p><span style=\"color: #ffffff;\"><br \/><\/span><\/p>\n<h3 style=\"text-align: center;\"><strong><em>Les cloches sonnent, et les chants r\u00e9sonnent, c\u2019est No\u00ebl.<\/em><\/strong><\/h3>\n<p>&nbsp;<\/p>\n<p><strong><em>\u00c0 l\u2019occasion de ces F\u00eates, notre c\u0153ur se remplit de d\u00e9sirs et de r\u00eaves qui colorent notre vie et lui enl\u00e8vent toute monotonie. <\/em><\/strong><\/p>\n<p>&nbsp;<\/p>\n<p><strong><em>Partageons cette joie et ces r\u00eaves avec ceux qui en sont d\u00e9munis. <\/em><\/strong><\/p>\n<p>&nbsp;<\/p>\n<p><strong><em>Car No\u00ebl est une p\u00e9riode de partage et d\u2019amiti\u00e9. <\/em><\/strong><\/p>\n<p>&nbsp;<\/p>\n<p><strong><em>C\u2019est en donnant qu\u2019on re\u00e7oit le plus\u00a0 et qu\u2019on s\u2019enrichit. <\/em><\/strong><\/p>\n<p>&nbsp;<\/p>\n<p><strong><em>Rappelons- nous que le riche a beaucoup \u00e0 manger, mais que le pauvre a beaucoup d\u2019app\u00e9tit. <\/em><\/strong><\/p>\n<p>&nbsp;<\/p>\n<p><strong><em>Que la paix et la joie de No\u00ebl vous remplissent le c\u0153ur de bonheur et de s\u00e9r\u00e9nit\u00e9 pour la Nouvelle Ann\u00e9e. <\/em><\/strong><\/p>\n<p>&nbsp;<\/p>\n<p><strong><em>Et puisse la magie des F\u00eates faire retrouver \u00e0 chaque habitant de la Terre, la gr\u00e2ce, la v\u00e9rit\u00e9, l\u2019amour universel et la paix. <\/em><\/strong><\/p>\n<p>&nbsp;<\/p>\n<p><strong><em>Que la Nouvelle Ann\u00e9e 2012, soit \u00e0 l\u2019enseigne du succ\u00e8s, propice \u00e0 la d\u00e9couverte de la joie int\u00e9rieure. <\/em><\/strong><\/p>\n<h2 style=\"text-align: center;\"><span style=\"color: #ffffff;\">.<\/span><\/h2>\n<p><span style=\"color: #ffffff;\">.<\/span><\/p>\n<p><span style=\"color: #ffffff;\"><br \/><\/span><\/p>\n<h2 style=\"text-align: center;\"><strong><span style=\"color: #ff0000;\"><em>Joyeux No\u00ebl et Bonne Ann\u00e9e 2012 de la part de tous les membres du Comit\u00e9 Administratif et de l\u2019\u00c9quipe de la r\u00e9daction. <\/em><\/span><\/strong><\/h2>\n<p>&nbsp;<\/p>\n<p><strong><em>Abel Claude Arslanian <\/em><\/strong><\/p>\n<p><strong> <\/strong><\/p>\n<p><strong><em>Pr\u00e9sident Du Comit\u00e9 administratif <\/em><\/strong><\/p>\n<p><strong> <\/strong><\/p>\n<p><strong><em>Carrefour des opinions <\/em><\/strong><\/p>\n<p>&nbsp;<\/p>\n<p>&nbsp;<\/p>\n<script type=\"text\/javascript\">\n\nvar addthis_config = {\"data_track_clickback\":false,\"data_track_addressbar\":false,\"data_track_textcopy\":false};\n<\/script><script type=\"text\/javascript\" src=\"\/\/s7.addthis.com\/js\/250\/addthis_widget.js#pubid=f084fdfbcefba74c78dfad3bbc873ffd\"><\/script>","protected":false},"excerpt":{"rendered":"<p><span style=\"color: #ffffff;\">.<\/span><\/p>\n<p><span style=\"color: #ffffff;\">.<\/span><\/p>\n<p><span style=\"color: #ffffff;\">.<\/span><\/p>\n<p><span style=\"color: #ffffff;\">.<\/span><\/p>\n<p><span style=\"color: #ffffff;\">.<\/span><\/p>\n<p><span style=\"color: #ffffff;\"><\/span><\/p>\n<p>Les cloches sonnent, et les chants r\u00e9sonnent, c\u2019est No\u00ebl.<\/p>\n<p>&nbsp;<\/p>\n<p>\u00c0 l\u2019occasion de ces F\u00eates, notre c\u0153ur se remplit de d\u00e9sirs et de r\u00eaves qui colorent notre vie et lui enl\u00e8vent toute &hellip;<\/p>\n","protected":false},"author":1,"featured_media":0,"comment_status":"open","ping_status":"open","sticky":false,"template":"","format":"standard","meta":{"footnotes":""},"categories":[1],"tags":[],"class_list":["post-7435","post","type-post","status-publish","format-standard","hentry","category-accueil"],"_links":{"self":[{"href":"https:\/\/www.lecarrefourdesopinions.ca\/index.php?rest_route=\/wp\/v2\/posts\/7435","targetHints":{"allow":["GET"]}}],"collection":[{"href":"https:\/\/www.lecarrefourdesopinions.ca\/index.php?rest_route=\/wp\/v2\/posts"}],"about":[{"href":"https:\/\/www.lecarrefourdesopinions.ca\/index.php?rest_route=\/wp\/v2\/types\/post"}],"author":[{"embeddable":true,"href":"https:\/\/www.lecarrefourdesopinions.ca\/index.php?rest_route=\/wp\/v2\/users\/1"}],"replies":[{"embeddable":true,"href":"https:\/\/www.lecarrefourdesopinions.ca\/index.php?rest_route=%2Fwp%2Fv2%2Fcomments&post=7435"}],"version-history":[{"count":5,"href":"https:\/\/www.lecarrefourdesopinions.ca\/index.php?rest_route=\/wp\/v2\/posts\/7435\/revisions"}],"predecessor-version":[{"id":7448,"href":"https:\/\/www.lecarrefourdesopinions.ca\/index.php?rest_route=\/wp\/v2\/posts\/7435\/revisions\/7448"}],"wp:attachment":[{"href":"https:\/\/www.lecarrefourdesopinions.ca\/index.php?rest_route=%2Fwp%2Fv2%2Fmedia&parent=7435"}],"wp:term":[{"taxonomy":"category","embeddable":true,"href":"https:\/\/www.lecarrefourdesopinions.ca\/index.php?rest_route=%2Fwp%2Fv2%2Fcategories&post=7435"},{"taxonomy":"post_tag","embeddable":true,"href":"https:\/\/www.lecarrefourdesopinions.ca\/index.php?rest_route=%2Fwp%2Fv2%2Ftags&post=7435"}],"curies":[{"name":"wp","href":"https:\/\/api.w.org\/{rel}","templated":true}]}}