{"id":7395,"date":"2011-12-27T16:35:42","date_gmt":"2011-12-27T21:35:42","guid":{"rendered":"http:\/\/www.lecarrefourdesopinions.ca\/?p=7395"},"modified":"2011-12-30T13:43:52","modified_gmt":"2011-12-30T18:43:52","slug":"les-mutations-de-la-mondialisation","status":"publish","type":"post","link":"https:\/\/www.lecarrefourdesopinions.ca\/?p=7395","title":{"rendered":"Les mutations de la mondialisation"},"content":{"rendered":"<p><span style=\"color: #3366ff;\">Les mutations de la mondialisation<\/span><\/p>\n<p><strong><img loading=\"lazy\" decoding=\"async\" class=\"alignleft size-thumbnail wp-image-7396\" title=\"Jean Erich\" src=\"http:\/\/www.lecarrefourdesopinions.ca\/wp-content\/uploads\/2011\/12\/Jean-Erich-134x107.jpg\" alt=\"\" width=\"134\" height=\"107\" \/>Jean Erich Ren\u00e9<\/strong><\/p>\n<p><strong> Ing. Agronome<\/strong><\/p>\n<p>&nbsp;<\/p>\n<p>&nbsp;<\/p>\n<p>&nbsp;<\/p>\n<p>&nbsp;<\/p>\n<p>&nbsp;<\/p>\n<p>&nbsp;<\/p>\n<p>&nbsp;<\/p>\n<p>On ne doit pas se laisser figer\u00a0 par\u00a0 la\u00a0 peur d\u2019\u00e9crire<\/p>\n<p>Parmi les immortels vous ne faites que vous inscrire<\/p>\n<p>La\u00a0 r\u00e9surrection\u00a0 du\u00a0 Christ c\u2019est\u00a0 bien\u00a0 son\u00a0 \u00e9vangile<\/p>\n<p>Il en est de m\u00eame des autres tels Hom\u00e8re et Virgile<\/p>\n<p>&nbsp;<\/p>\n<p>&nbsp;<\/p>\n<p style=\"text-align: justify;\">La chute du mur de Berlin le 9 novembre 1989 et l\u2019effondrement de l\u2019Empire Sovi\u00e9tique en d\u00e9cembre 1991 \u00e9taient les signes symptomatiques de l\u2019\u00e9croulement de la R\u00e9publique D\u00e9mocratique Allemande (RDA) et de la d\u00e9liquescence du Socialisme. Par un effet domino, les \u00e9chos se sont r\u00e9percut\u00e9s en Pologne avec l\u2019arriv\u00e9e de Lech Valesa au pouvoir et en Roumanie par la chute sanglante de Chaucesco. Avec le recul du temps on s\u2019est rendu compte que ces secousses politiques d\u00e9coulaient en droite ligne de la dynamique de la Mondialisation \u00e9conomique enclench\u00e9e en 1980 par le tandem Margareth Thatcher au Royaume Uni et Ronald Reagan aux USA. L\u2019onde de choc ne s\u2019est pas arr\u00eat\u00e9e puisqu\u2019au troisi\u00e8me mill\u00e9naire, mine de rien on subit encore les cons\u00e9quences de ses flots. Oyez !<\/p>\n<p style=\"text-align: justify;\">Le Monde Capitaliste s\u2019\u00e9tait affirm\u00e9 en 1850 avec la R\u00e9volution Industrielle marqu\u00e9e par\u00a0:<\/p>\n<ul style=\"text-align: justify;\">\n<li>l\u2019av\u00e8nement du machinisme<\/li>\n<li>l\u2019\u00e9mergence d\u2019une classe ouvri\u00e8re<\/li>\n<li>la perc\u00e9e du socialisme comme Th\u00e9orie critique<\/li>\n<\/ul>\n<p style=\"text-align: justify;\">La Mondialisation repr\u00e9sente la deuxi\u00e8me r\u00e9volution capitaliste, propuls\u00e9e par l\u2019\u00e9conomie virtuelle. Nous entendons par l\u00e0 que la Mondialisation est surtout caract\u00e9ris\u00e9e par des transactions du march\u00e9 financier c\u2019est \u00e0 dire par la transmission d\u2019ordre d\u2019achats et de ventes sans la pr\u00e9sence de biens r\u00e9els. En effet, 95% des \u00e9changes du monde se font actuellement dans les hautes sph\u00e8res de la finance par le jeu des messages \u00e9lectroniques. Un faible pourcentage est d\u00e9di\u00e9 \u00e0 l\u2019\u00e9conomie r\u00e9elle c\u2019est \u00e0 dire aux transferts des biens tangibles.<\/p>\n<p style=\"text-align: justify;\">Le Capitalisme s\u2019affirme dans sa phase financi\u00e8re. Avec la lib\u00e9ralisation du March\u00e9, les flux mon\u00e9taires circulent librement et prennent la <img loading=\"lazy\" decoding=\"async\" class=\"alignleft size-thumbnail wp-image-7400\" title=\"H1\" src=\"http:\/\/www.lecarrefourdesopinions.ca\/wp-content\/uploads\/2011\/12\/H1-134x107.jpg\" alt=\"\" width=\"134\" height=\"107\" \/>voie de l\u2019autoroute de l\u2019informatique o\u00f9 les fronti\u00e8res n\u2019existent pas. Dans l\u2019espace de deux cliques du clavier de son ordinateur on peut acheter et revendre un produit et gagner une plus-value de l\u2019ordre des millions de dollars. Cette absence d\u2019obstacle, pour notre plus grand malheur, est responsable de l\u2019interd\u00e9pendance des \u00e9conomies du\u00a0 monde et du coup, synchronise la simultan\u00e9it\u00e9 de leur d\u00e9ch\u00e9ance. Le Wall Street se transforme en une v\u00e9ritable brasserie de l\u2019\u00e9conomie virtuelle et devient par contre le tombeau de l\u2019\u00c9conomie Mondiale. On reproche aux dirigeants leurs salaires faramineux. Pour exprimer leurs frustrations les manifestants ont fait le pied de grue devant leur \u00e9difice \u00e0 New York.<\/p>\n<p style=\"text-align: justify;\">Sur le plan purement philosophique l\u2019\u00e9conomique tient le politique en respect et le social en laisse. En effet, la mondialisation de l\u2019\u00e9conomie a entrain\u00e9 le r\u00e9tr\u00e9cissement du p\u00e9rim\u00e8tre politique et paup\u00e9ris\u00e9 nos soci\u00e9t\u00e9s. Aujourd\u2019hui, en mati\u00e8re mon\u00e9taire, il est tout \u00e0 fait impossible pour un \u00e9tat de contr\u00f4ler la fluctuation de la demande. Le r\u00f4le de m\u00e9diation des courtiers des March\u00e9s Financiers, entre les r\u00e9sidents et les \u00e9trangers, facilite les flux et les reflux mon\u00e9taires ind\u00e9pendamment du pouvoir politique. On vend et on revend des biens qu\u2019on ne poss\u00e8de pas mat\u00e9riellement, favorisant ainsi la mont\u00e9e des ench\u00e8res. Le pouvoir politique subit indiff\u00e9remment la pression des forces \u00e9conomiques en pr\u00e9sence.\u00a0Les lois du March\u00e9 priment sur la raison politique. Un v\u00e9ritable bras de fer s\u2019engage entre le Public et le Priv\u00e9 avec la pr\u00e9s\u00e9ance de ce dernier.<\/p>\n<p style=\"text-align: justify;\">Certes, une nouvelle architecture politique se dessine au niveau des rapports internationaux. Dans un pass\u00e9 r\u00e9cent l\u2019organigramme pla\u00e7ait en t\u00eate\u00a0:<\/p>\n<ol style=\"text-align: justify;\">\n<li>l\u2019ONU \u00e0 l\u2019\u00e9chelle internationale,<\/li>\n<li>l\u2019\u00c9tat \u00e0 l\u2019\u00e9chelle nationale,<\/li>\n<\/ol>\n<p style=\"text-align: justify;\">3.\u00a0 les entrepreneurs \u00e0 l\u2019\u00e9chelle locale.<\/p>\n<p style=\"text-align: justify;\">\n<p style=\"text-align: justify;\">Avec la mondialisation cette conformation politique n\u2019est plus de mise. 5 institutions ou pour mieux dire 5 Minist\u00e8res contr\u00f4lent la plan\u00e8te Terre. Par ordre d\u2019importance citons\u00a0:<\/p>\n<ol style=\"text-align: justify;\">\n<li>Le FMI ou Fond Mon\u00e9taire International<\/li>\n<li>La Banque Mondiale<\/li>\n<li>L\u2019OCDE ou Organisme de Coop\u00e9ration pour le D\u00e9veloppement \u00c9conomique<\/li>\n<li>L\u2019OMC ou Organisation Mondiale du Commerce<\/li>\n<li>L\u2019OTAN ou Organisation Trait\u00e9 Atlantique Nord au niveau des d\u00e9cisions politiques.<\/li>\n<\/ol>\n<p style=\"text-align: justify;\">Ces institutions internationales dictent\u00a0 les normes \u00e0 suivre dans\u00a0:<\/p>\n<ul style=\"text-align: justify;\">\n<li>Le domaine du commerce international<\/li>\n<li>L\u2019investissement<\/li>\n<li>La s\u00e9curit\u00e9<\/li>\n<\/ul>\n<p style=\"text-align: justify;\">Une deuxi\u00e8me cat\u00e9gorie d\u2019acteurs se jette dans le lit de la mondialisation. Elle est principalement repr\u00e9sent\u00e9e par\u00a0:<\/p>\n<ul style=\"text-align: justify;\">\n<li>les grands groupes financiers<\/li>\n<li>les grands groupes m\u00e9diatiques<\/li>\n<li>les ONG ou Organismes Non Gouvernementaux<\/li>\n<\/ul>\n<p style=\"text-align: justify;\">Gr\u00e2ce\u00a0 \u00e0 la magie de l\u2019information \u00e0 distance, le complot est bien ficel\u00e9 pour orienter les informations sur les flux financiers dans le sens <img loading=\"lazy\" decoding=\"async\" class=\"alignleft size-thumbnail wp-image-7401\" title=\"h2\" src=\"http:\/\/www.lecarrefourdesopinions.ca\/wp-content\/uploads\/2011\/12\/h2-134x107.jpg\" alt=\"\" width=\"134\" height=\"107\" srcset=\"https:\/\/www.lecarrefourdesopinions.ca\/wp-content\/uploads\/2011\/12\/h2-134x107.jpg 134w, https:\/\/www.lecarrefourdesopinions.ca\/wp-content\/uploads\/2011\/12\/h2-300x237.jpg 300w, https:\/\/www.lecarrefourdesopinions.ca\/wp-content\/uploads\/2011\/12\/h2-400x316.jpg 400w, https:\/\/www.lecarrefourdesopinions.ca\/wp-content\/uploads\/2011\/12\/h2.jpg 500w\" sizes=\"auto, (max-width: 134px) 100vw, 134px\" \/>du courant\u00a0 souhait\u00e9 par les Nouveaux Maitres du Monde. Le r\u00e9seau m\u00e9diatique fa\u00e7onne les informations selon un prisme mondialisant. Il convient de nous appesantir davantage sur la pr\u00e9sence des ONG qui pullulent particuli\u00e8rement en Ha\u00efti. Leur pr\u00e9sence n\u2019est pas innocente puisqu\u2019elles repr\u00e9sentent les tentacules de proximit\u00e9, pas les moindres, de cette conformation d\u00e9cal\u00e9e de la Mondialisation. Les ONG sont implant\u00e9es sur le territoire national afin de dupliquer\u00a0:<\/p>\n<ol style=\"text-align: justify;\">\n<li>le gouvernement et ses institutions<\/li>\n<li>inhiber des organismes humanitaires tels que M\u00e9decins sans Fronti\u00e8re, Green Peace etc. qui charrient les sentiments de frustration des citoyens de la plan\u00e8te face aux initiatives \u00e9conomiques mortif\u00e8res des Architectes de la Mondialisation.<\/li>\n<\/ol>\n<p style=\"text-align: justify;\">\n<p style=\"text-align: justify;\">D\u2019ores et d\u00e9j\u00e0 il est ais\u00e9 de comprendre l\u2019origine des 500.000 emplois que vient de promettre le Gouvernement de Michel Martelly \u00e0 la faveur de cette pluie d\u2019investisseurs qui viennent de tomber sur Haiti. Il s\u2019agit d\u2019un projet vieux de deux d\u00e9cennies. Soyons justes et <img loading=\"lazy\" decoding=\"async\" class=\"alignleft size-thumbnail wp-image-7402\" title=\"h3\" src=\"http:\/\/www.lecarrefourdesopinions.ca\/wp-content\/uploads\/2011\/12\/h3-134x107.jpg\" alt=\"\" width=\"134\" height=\"107\" \/>honn\u00eates. Ha\u00efti, petit pays mais grande Nation , en d\u00e9pit de tous les reproches et de toutes les r\u00e9criminations formul\u00e9s contre les Pr\u00e9sidents Jean Bertrand Aristide et Ren\u00e9 Pr\u00e9val, gr\u00e2ce \u00e0 un dernier sursaut nationaliste, ils ont su tenir t\u00eate hors de l\u2019eau, par la ruse, \u00e0 cette tentation vers la d\u00e9rive mondialisante impos\u00e9e par les Forces Internationales.<\/p>\n<p style=\"text-align: justify;\">La souverainet\u00e9 nationale est pi\u00e9tin\u00e9e. La d\u00e9pendance \u00e9conomique d\u2019Ha\u00efti se confirme de plus en plus. Nous sommes r\u00e9duits \u00e0 l\u2019\u00e9tat de paria. Cette nouvelle architecture politique des rapports inter\u00e9tatiques se r\u00e9v\u00e8le vraiment suffocante pour la Nation ha\u00eftienne. \u00ab\u00a0Un Chef <img loading=\"lazy\" decoding=\"async\" class=\"alignleft size-full wp-image-7403\" title=\"h4\" src=\"http:\/\/www.lecarrefourdesopinions.ca\/wp-content\/uploads\/2011\/12\/h4.jpg\" alt=\"\" width=\"298\" height=\"340\" srcset=\"https:\/\/www.lecarrefourdesopinions.ca\/wp-content\/uploads\/2011\/12\/h4.jpg 298w, https:\/\/www.lecarrefourdesopinions.ca\/wp-content\/uploads\/2011\/12\/h4-262x300.jpg 262w\" sizes=\"auto, (max-width: 298px) 100vw, 298px\" \/>d\u2019\u00c9tat qui ne lit pas ne saurait pr\u00e9tendre diriger son peuple.\u00a0\u00bb martelait le Griot Dr Fran\u00e7ois Duvalier. Pour r\u00e9p\u00e9ter une hypoth\u00e8se li\u00e9e au paradigme classique et n\u00e9o-classique\u00a0: \u00ab\u00a0Ce sont les lois \u00e9conomiques qui assurent l\u2019\u00e9quilibre du march\u00e9\u00a0\u00bb Avec la Mondialisation on assiste \u00e0 une mutation \u00e9conomique m\u00e9tastas\u00e9e en\u00a0:<\/p>\n<ol style=\"text-align: justify;\">\n<li>mutation politique<\/li>\n<li>mutation philosophique<\/li>\n<li>mutation culturelle<\/li>\n<\/ol>\n<p style=\"text-align: justify;\">Par une ironie du sort, ce bouleversement du paysage du Monde Contemporain est d\u00e9favorable aussi \u00e0 ses propres g\u00e9niteurs, La Mondialisation est matricide, compte tenu des lacunes \u00e9conomiques enregistr\u00e9es particuli\u00e8rement en Am\u00e9rique et en Europe que sanctionne Standard and Poors\u00a0:<\/p>\n<ul style=\"text-align: justify;\">\n<li>les USA ont perdu un A<\/li>\n<li>six pays de l\u2019Europe sont menac\u00e9s aujourd\u2019hui mardi 6 d\u00e9cembre 2011 de perdre leurs AAA. Citons notamment\u00a0: la France, l\u2019Espagne, l\u2019Allemagne, l\u2019Autriche, la Finlande et le Luxembourg.<\/li>\n<\/ul>\n<p style=\"text-align: justify;\">Que dire des petits pays tels qu\u2019Ha\u00efti plac\u00e9s sous les griffes des grandes puissances qui privil\u00e9gient un type de leadership d\u00e9termin\u00e9 en catapultant au pouvoir, gr\u00e2ce aux medias, le candidat de leurs r\u00eaves pour ex\u00e9cuter leurs saintes volont\u00e9s. Que les Consuls prennent garde, en ex\u00e9cutant les mots d\u2019ordre de leurs patrons pour garder le fauteuil pr\u00e9sidentiel. C\u2019est un crime de l\u00e8se-patrie de soumettre la Nation Ha\u00eftienne aux effets l\u00e9taux des mutations de la Mondialisation.<\/p>\n<p style=\"text-align: justify;\">\n<p style=\"text-align: justify;\">\n<script type=\"text\/javascript\">\n\nvar addthis_config = {\"data_track_clickback\":false,\"data_track_addressbar\":false,\"data_track_textcopy\":false};\n<\/script><script type=\"text\/javascript\" src=\"\/\/s7.addthis.com\/js\/250\/addthis_widget.js#pubid=f084fdfbcefba74c78dfad3bbc873ffd\"><\/script>","protected":false},"excerpt":{"rendered":"<p><span style=\"color: #3366ff;\">Les mutations de la mondialisation<\/span><\/p>\n<p>Jean Erich Ren\u00e9<\/p>\n<p> Ing. Agronome<\/p>\n<p>&nbsp;<\/p>\n<p>&nbsp;<\/p>\n<p>&nbsp;<\/p>\n<p>&nbsp;<\/p>\n<p>&nbsp;<\/p>\n<p>&nbsp;<\/p>\n<p>&nbsp;<\/p>\n<p>On ne doit pas se laisser figer\u00a0 par\u00a0 la\u00a0 peur d\u2019\u00e9crire<\/p>\n<p>Parmi les immortels vous ne faites que vous inscrire&hellip;<\/p>\n","protected":false},"author":1,"featured_media":0,"comment_status":"open","ping_status":"open","sticky":false,"template":"","format":"standard","meta":{"footnotes":""},"categories":[1],"tags":[],"class_list":["post-7395","post","type-post","status-publish","format-standard","hentry","category-accueil"],"_links":{"self":[{"href":"https:\/\/www.lecarrefourdesopinions.ca\/index.php?rest_route=\/wp\/v2\/posts\/7395","targetHints":{"allow":["GET"]}}],"collection":[{"href":"https:\/\/www.lecarrefourdesopinions.ca\/index.php?rest_route=\/wp\/v2\/posts"}],"about":[{"href":"https:\/\/www.lecarrefourdesopinions.ca\/index.php?rest_route=\/wp\/v2\/types\/post"}],"author":[{"embeddable":true,"href":"https:\/\/www.lecarrefourdesopinions.ca\/index.php?rest_route=\/wp\/v2\/users\/1"}],"replies":[{"embeddable":true,"href":"https:\/\/www.lecarrefourdesopinions.ca\/index.php?rest_route=%2Fwp%2Fv2%2Fcomments&post=7395"}],"version-history":[{"count":5,"href":"https:\/\/www.lecarrefourdesopinions.ca\/index.php?rest_route=\/wp\/v2\/posts\/7395\/revisions"}],"predecessor-version":[{"id":7504,"href":"https:\/\/www.lecarrefourdesopinions.ca\/index.php?rest_route=\/wp\/v2\/posts\/7395\/revisions\/7504"}],"wp:attachment":[{"href":"https:\/\/www.lecarrefourdesopinions.ca\/index.php?rest_route=%2Fwp%2Fv2%2Fmedia&parent=7395"}],"wp:term":[{"taxonomy":"category","embeddable":true,"href":"https:\/\/www.lecarrefourdesopinions.ca\/index.php?rest_route=%2Fwp%2Fv2%2Fcategories&post=7395"},{"taxonomy":"post_tag","embeddable":true,"href":"https:\/\/www.lecarrefourdesopinions.ca\/index.php?rest_route=%2Fwp%2Fv2%2Ftags&post=7395"}],"curies":[{"name":"wp","href":"https:\/\/api.w.org\/{rel}","templated":true}]}}