{"id":7378,"date":"2011-12-20T22:34:02","date_gmt":"2011-12-21T03:34:02","guid":{"rendered":"http:\/\/www.lecarrefourdesopinions.ca\/?p=7378"},"modified":"2011-12-20T22:34:02","modified_gmt":"2011-12-21T03:34:02","slug":"c%e2%80%99est-juste-une-question","status":"publish","type":"post","link":"https:\/\/www.lecarrefourdesopinions.ca\/?p=7378","title":{"rendered":"C\u2019est Juste une Question."},"content":{"rendered":"<p><span style=\"color: #3366ff;\"><strong><em>C\u2019est Juste une Question.<\/em><\/strong><\/span><\/p>\n<p><img loading=\"lazy\" decoding=\"async\" class=\"alignleft size-thumbnail wp-image-7379\" title=\"Photo Eric Nogard 4\" src=\"http:\/\/www.lecarrefourdesopinions.ca\/wp-content\/uploads\/2011\/12\/Photo-Eric-Nogard-42-134x107.jpg\" alt=\"\" width=\"134\" height=\"107\" \/> <span style=\"color: #800000;\"><em>Par<strong> <\/strong>\u00c9ric E.G. NOGARD <\/em><\/span><\/p>\n<p>&nbsp;<\/p>\n<p>Exact\u00a0! C\u2019est juste une question\u00a0:<\/p>\n<p>&nbsp;<\/p>\n<p>Comme le sang Fran\u00e7ais, le Sang Am\u00e9ricain n\u2019aurait-il pas aussi coul\u00e9 pour eux.<\/p>\n<p>&nbsp;<\/p>\n<p>Le Sang Am\u00e9ricain n\u2019aurait-il pas \u00e0 flot aussi coul\u00e9 pour ces Convaincus de la N\u00e9gritude Martiniquaise\u2026 pour cette N\u00e9gritude si prompte quand elle est suspect\u00e9e de racisme b\u00eate et primaire, \u00e0 r\u00e9pliquer qu\u2019elle part d\u2019un esprit d\u2019humanisme et d\u2019ouverture, quand elle nous fait l\u2019effet d\u2019un horrible rideau h\u00e9rit\u00e9 du Goulag et de la Sib\u00e9rie du temps des Bolcheviques.<\/p>\n<p>Le Sang Am\u00e9ricain, aurait-il seulement coul\u00e9 pour les n\u00e8gres esclaves Am\u00e9ricains, pendant la Guerre de S\u00e9cession. Aurait-il coul\u00e9 pour l\u2019\u00e9mancipation de cette seule minorit\u00e9.<\/p>\n<p>&nbsp;<\/p>\n<p>A ce qu\u2019il nous semble, ni C\u00e9saire, ce n\u00e8gre fondamental, ni ses fils spirituels, ni les historiens, pas plus que les sociologues Martiniquais ne se sont \u00e0 ce jour laiss\u00e9s tenter par cette question qui devrait pourtant figurer en bonne place dans notre patrimoine g\u00e9n\u00e9tico-culturel.<\/p>\n<p>&nbsp;<\/p>\n<p>&nbsp;<\/p>\n<p>Que tout adepte de la N\u00e9gritude se pose juste cette question\u00a0:<\/p>\n<p>&nbsp;<\/p>\n<p>Quel est au regard de l\u2019Humanisme Universel le sens du Sang vers\u00e9 par la France au cour de sa R\u00e9volution, quel est le sens du sang vers\u00e9 par l\u2019Am\u00e9rique au cours de sa Guerre de S\u00e9cession.<\/p>\n<p>&nbsp;<\/p>\n<p>Compar\u00e9 aux Philosophes Fran\u00e7ais et compar\u00e9 \u00e0 LINCOLN,<\/p>\n<p><img loading=\"lazy\" decoding=\"async\" class=\"alignleft size-medium wp-image-7380\" title=\"AL1 Rue Abraham LINCOLN\" src=\"http:\/\/www.lecarrefourdesopinions.ca\/wp-content\/uploads\/2011\/12\/AL1-Rue-Abraham-LINCOLN-300x225.jpg\" alt=\"\" width=\"300\" height=\"225\" srcset=\"https:\/\/www.lecarrefourdesopinions.ca\/wp-content\/uploads\/2011\/12\/AL1-Rue-Abraham-LINCOLN-300x225.jpg 300w, https:\/\/www.lecarrefourdesopinions.ca\/wp-content\/uploads\/2011\/12\/AL1-Rue-Abraham-LINCOLN-1024x768.jpg 1024w, https:\/\/www.lecarrefourdesopinions.ca\/wp-content\/uploads\/2011\/12\/AL1-Rue-Abraham-LINCOLN-400x300.jpg 400w\" sizes=\"auto, (max-width: 300px) 100vw, 300px\" \/>Compar\u00e9 \u00e0 la France et Compar\u00e9 \u00e0 l\u2019Am\u00e9rique,<\/p>\n<p>&nbsp;<\/p>\n<p>Quelle est la dimension de C\u00e9saire, quelle est celle de la Martinique, \u00e0 l\u2019aune du Sacrifice pour l\u2019\u00e9mancipation des minorit\u00e9s, pour leur \u00e9panouissement comme pour le contenu \u00e0 donner \u00e0 ce Concept qu\u2019est l\u2019Humanisme.<\/p>\n<p>&nbsp;<\/p>\n<p>Concept dont on se gargarise en Martinique, sans qu\u2019on puisse lui donner le moindre sens, le moindre contenu, tellement il semble mieux valoir se remplir les poches de capitaux en jetant \u00e0 boulets rouges l\u2019anath\u00e8me sur le Capitalisme.<\/p>\n<p>&nbsp;<\/p>\n<p>En fait, la haine et l\u2019esprit belliqueux distill\u00e9s par nos bolcheviques born\u00e9s ne nous ont pas laiss\u00e9 le loisir de vivre heureux depuis la fin de la Guerre Mondiale en 1945\u00a0: Notre question nous en dit la raison, pour peu que nous y pensions.<\/p>\n<p>&nbsp;<\/p>\n<p>&nbsp;<\/p>\n<p>A d\u00e9faut de penser, ouvrons seulement les yeux depuis notre descente du bateau-touriste-am\u00e9ricain dont nous souhaitons tant la venue dans notre situation de crise, jusqu\u2019au Coll\u00e8ge Aim\u00e9 C\u00e9saire, en passant par la rue Abraham LINCOLN.<\/p>\n<p>&nbsp;<\/p>\n<p>Un C\u00e9saire qui a \u00e9crit \u00ab\u00a0Le cahier d\u2019un retour au pays natal\u00a0\u00bb, comme \u00ab\u00a0Et les chiens se taisaient\u00a0\u00bb, ce qui est \u00e0 son honneur.<\/p>\n<p>&nbsp;<\/p>\n<p><img loading=\"lazy\" decoding=\"async\" class=\"alignleft size-medium wp-image-7381\" title=\"AL2 Rue Abraham LINCOLN\" src=\"http:\/\/www.lecarrefourdesopinions.ca\/wp-content\/uploads\/2011\/12\/AL2-Rue-Abraham-LINCOLN-300x225.jpg\" alt=\"\" width=\"300\" height=\"225\" srcset=\"https:\/\/www.lecarrefourdesopinions.ca\/wp-content\/uploads\/2011\/12\/AL2-Rue-Abraham-LINCOLN-300x225.jpg 300w, https:\/\/www.lecarrefourdesopinions.ca\/wp-content\/uploads\/2011\/12\/AL2-Rue-Abraham-LINCOLN-1024x768.jpg 1024w, https:\/\/www.lecarrefourdesopinions.ca\/wp-content\/uploads\/2011\/12\/AL2-Rue-Abraham-LINCOLN-400x300.jpg 400w\" sizes=\"auto, (max-width: 300px) 100vw, 300px\" \/>Un LINCOLN qui a plong\u00e9 l\u2019Am\u00e9rique dans une Impitoyable Guerre Civile pour l\u2019\u00e9mancipation des noirs.<\/p>\n<p>&nbsp;<\/p>\n<p>Un LINCOLN qui s\u2019est fait Assassiner pour avoir assum\u00e9 la cause n\u00e8gre.<\/p>\n<p>&nbsp;<\/p>\n<p>Et voila que le N\u00e8gre Fondamental d\u00e9die \u00e0 LINCOLN une rue\u2026 Allez la voir \u00e0 Fort-de-France\u2026 et faites conna\u00eetre votre sentiment, comme sur le Poing Lev\u00e9 au Stade de Dillon.<\/p>\n<p>&nbsp;<\/p>\n<p>&nbsp;<\/p>\n<p>En v\u00e9rit\u00e9, moi Touriste Am\u00e9ricain, au vu de cette rue Abraham LINCOLN, \u00e0 Fort-de-France, Ville Capitale de la Martinique, je lancerais au Chauffeur\u00a0:<\/p>\n<p>&nbsp;<\/p>\n<p>\u201c\u00a0<strong><em>Take me back to the ship!.. At once!<\/em><\/strong> \u201c.<\/p>\n<p>&nbsp;<\/p>\n<p>En v\u00e9rit\u00e9, pour moi Touriste Europ\u00e9en, \u00e0 voir ce Poing Lev\u00e9 au Stade Aliker de Dillon, me demandant si LUTHER KING aurait pu faire en Afrique ce qu\u2019il a pu en Am\u00e9rique.<\/p>\n<p>&nbsp;<\/p>\n<p>Rien qu\u2019\u00e0 consid\u00e9rer ce point lev\u00e9 par un n\u00e8gre Contre le Pays de LINCOLN.<\/p>\n<p>&nbsp;<\/p>\n<p>Ensuite ce Poing imitateur lev\u00e9 contre la France et son Drapeau.<\/p>\n<p>&nbsp;<\/p>\n<p>L\u2019Am\u00e9rique et la France n\u2019auraient-elles pas assez fait pour les Peuples Noirs, pour les ressortissants noirs, pour la diaspora noire.<\/p>\n<p>&nbsp;<\/p>\n<p>Sans que nous effleure la moindre id\u00e9e de d\u00e9fi, de m\u00e9pris, d\u2019outrage ou de provocation \u00e0 l\u2019Afrique ou au plus humble des Africains pour qui, au demeurant, nous avons consid\u00e9ration et respect,<\/p>\n<p>&nbsp;<\/p>\n<p>Quel Pays Africain ou autre Pays du Monde peut pr\u00e9tendre avoir autant fait pour le Monde Noir que l\u2019Am\u00e9rique et la France \u00e0 qui on ose encore, demander r\u00e9paration.<\/p>\n<p>&nbsp;<\/p>\n<p>&nbsp;<\/p>\n<p>D\u00e8s lors, ce Poing Lev\u00e9 de Dillon devrait \u00eatre de la part des Am\u00e9ricains comme de celle des Fran\u00e7ais le Symbole d\u2019un Outrage,<\/p>\n<p>&nbsp;<\/p>\n<p>\u201c\u00a0<strong><em>Just an impeachement for Tourism in Martinica.<\/em><\/strong>\u201d<\/p>\n<p>&nbsp;<\/p>\n<p>&nbsp;<\/p>\n<p><em><span style=\"text-decoration: underline;\">Subsidiairement.<\/span><\/em><\/p>\n<p>&nbsp;<\/p>\n<p>A quelles conclusions serions-nous parvenus si nous mettions en parall\u00e8le\u00a0:<\/p>\n<p>&nbsp;<\/p>\n<p>\u00fc\u00a0\u00a0\u00a0 Notre \u00e9tat d\u2019esprit \u00e0 l\u2019\u00e9gard de nos b\u00e9k\u00e9s et l\u2019\u00e9tat d\u2019esprit des Unionistes et m\u00eame des Conf\u00e9d\u00e9r\u00e9s envers les noirs.<\/p>\n<p><img loading=\"lazy\" decoding=\"async\" class=\"aligncenter size-large wp-image-7382\" title=\"Poing Lev\u00e9\" src=\"http:\/\/www.lecarrefourdesopinions.ca\/wp-content\/uploads\/2011\/12\/Poing-Lev\u00e9-768x1024.jpg\" alt=\"\" width=\"450\" height=\"600\" srcset=\"https:\/\/www.lecarrefourdesopinions.ca\/wp-content\/uploads\/2011\/12\/Poing-Lev\u00e9-768x1024.jpg 768w, https:\/\/www.lecarrefourdesopinions.ca\/wp-content\/uploads\/2011\/12\/Poing-Lev\u00e9-225x300.jpg 225w, https:\/\/www.lecarrefourdesopinions.ca\/wp-content\/uploads\/2011\/12\/Poing-Lev\u00e9-400x533.jpg 400w\" sizes=\"auto, (max-width: 450px) 100vw, 450px\" \/><\/p>\n<p>\u00fc\u00a0\u00a0\u00a0 Notre esprit martiniquais au regard des b\u00e9k\u00e9s et celui des Fran\u00e7ais du Continent \u00e0 l\u2019\u00e9gard de nos Compatriotes de couleur.<\/p>\n<p>&nbsp;<\/p>\n<p>Peut-\u00eatre alors parviendrions-nous \u00e0 prendre la dimension de notre racisme inavou\u00e9 en m\u00eame temps que l\u2019\u00e9tendue des torts peut-\u00eatre irr\u00e9versibles faits par le bolchevisme \u00e0 notre soci\u00e9t\u00e9.<\/p>\n<p>&nbsp;<\/p>\n<p>&nbsp;<\/p>\n<p><em>Comme on le voit, c\u2019\u00e9tait juste une question.<\/em><\/p>\n<p>&nbsp;<\/p>\n<p>Puisse-t-elle un instant nous sugg\u00e9rer une br\u00e8ve introspection avant d\u2019y r\u00e9pondre\u00a0:<\/p>\n<p>&nbsp;<\/p>\n<p>Une br\u00e8ve \u00ab\u00a0autocritique\u00a0\u00bb comme diraient nos L\u00e9nino-Stalinos.<\/p>\n<p>&nbsp;<\/p>\n<script type=\"text\/javascript\">\n\nvar addthis_config = {\"data_track_clickback\":false,\"data_track_addressbar\":false,\"data_track_textcopy\":false};\n<\/script><script type=\"text\/javascript\" src=\"\/\/s7.addthis.com\/js\/250\/addthis_widget.js#pubid=f084fdfbcefba74c78dfad3bbc873ffd\"><\/script>","protected":false},"excerpt":{"rendered":"<p><span style=\"color: #3366ff;\">C\u2019est Juste une Question.<\/span><\/p>\n<p> <span style=\"color: #800000;\">Par \u00c9ric E.G. NOGARD <\/span><\/p>\n<p>&nbsp;<\/p>\n<p>Exact\u00a0! C\u2019est juste une question\u00a0:<\/p>\n<p>&nbsp;<\/p>\n<p>Comme le sang Fran\u00e7ais, le Sang Am\u00e9ricain n\u2019aurait-il pas aussi coul\u00e9 pour eux.<\/p>\n<p>&nbsp;<\/p>\n<p>Le Sang Am\u00e9ricain n\u2019aurait-il pas \u00e0 &hellip;<\/p>\n","protected":false},"author":1,"featured_media":0,"comment_status":"open","ping_status":"open","sticky":false,"template":"","format":"standard","meta":{"footnotes":""},"categories":[1],"tags":[],"class_list":["post-7378","post","type-post","status-publish","format-standard","hentry","category-accueil"],"_links":{"self":[{"href":"https:\/\/www.lecarrefourdesopinions.ca\/index.php?rest_route=\/wp\/v2\/posts\/7378","targetHints":{"allow":["GET"]}}],"collection":[{"href":"https:\/\/www.lecarrefourdesopinions.ca\/index.php?rest_route=\/wp\/v2\/posts"}],"about":[{"href":"https:\/\/www.lecarrefourdesopinions.ca\/index.php?rest_route=\/wp\/v2\/types\/post"}],"author":[{"embeddable":true,"href":"https:\/\/www.lecarrefourdesopinions.ca\/index.php?rest_route=\/wp\/v2\/users\/1"}],"replies":[{"embeddable":true,"href":"https:\/\/www.lecarrefourdesopinions.ca\/index.php?rest_route=%2Fwp%2Fv2%2Fcomments&post=7378"}],"version-history":[{"count":2,"href":"https:\/\/www.lecarrefourdesopinions.ca\/index.php?rest_route=\/wp\/v2\/posts\/7378\/revisions"}],"predecessor-version":[{"id":7419,"href":"https:\/\/www.lecarrefourdesopinions.ca\/index.php?rest_route=\/wp\/v2\/posts\/7378\/revisions\/7419"}],"wp:attachment":[{"href":"https:\/\/www.lecarrefourdesopinions.ca\/index.php?rest_route=%2Fwp%2Fv2%2Fmedia&parent=7378"}],"wp:term":[{"taxonomy":"category","embeddable":true,"href":"https:\/\/www.lecarrefourdesopinions.ca\/index.php?rest_route=%2Fwp%2Fv2%2Fcategories&post=7378"},{"taxonomy":"post_tag","embeddable":true,"href":"https:\/\/www.lecarrefourdesopinions.ca\/index.php?rest_route=%2Fwp%2Fv2%2Ftags&post=7378"}],"curies":[{"name":"wp","href":"https:\/\/api.w.org\/{rel}","templated":true}]}}