{"id":7367,"date":"2011-12-13T20:14:17","date_gmt":"2011-12-14T01:14:17","guid":{"rendered":"http:\/\/www.lecarrefourdesopinions.ca\/?p=7367"},"modified":"2011-12-13T20:14:17","modified_gmt":"2011-12-14T01:14:17","slug":"que-fete-t-on-pendant-noel","status":"publish","type":"post","link":"https:\/\/www.lecarrefourdesopinions.ca\/?p=7367","title":{"rendered":"Que f\u00eate-t-on pendant `No\u00ebl`?"},"content":{"rendered":"<p><span style=\"color: #3366ff;\"><strong>Que f\u00eate-t-on pendant `No\u00ebl`? <\/strong><\/span><\/p>\n<p><span style=\"color: #800000;\"><em> <img loading=\"lazy\" decoding=\"async\" class=\"alignleft size-thumbnail wp-image-7369\" title=\"Alex Cristescu\" src=\"http:\/\/www.lecarrefourdesopinions.ca\/wp-content\/uploads\/2011\/12\/Alex-Cristescu-134x107.jpg\" alt=\"\" width=\"134\" height=\"107\" \/> Par Alex Cristescu<\/em><\/span><\/p>\n<p>&nbsp;<\/p>\n<p>&nbsp;<\/p>\n<p><span style=\"color: #ff0000;\"><em>Une question pos\u00e9e aux politiciens, fonctionnaires, administrateurs publics etc.\u00a0?<\/em><\/span><\/p>\n<p>&nbsp;<\/p>\n<p>Je suis vraiment d\u00e9rout\u00e9. Je ne comprends pas pourquoi on nous donne ce cong\u00e9 `f\u00e9erique`de `No\u00ebl`? \u00c0 quoi cela sert-il outre l\u2019achat de cadeaux? L`\u00e9tat nous paye 2 jours de vacances, c\u2019est beau mais pourquoi les 24-25 d\u00e9cembre?. Les organisations de charit\u00e9 m\u2019envoient des requ\u00eates de dons avec des cartes faisant appel \u00e0 la joie de No\u00ebl. Pourquoi se r\u00e9jouir? J\u2019entends des d\u00e9bats pour ou contre une certaine cr\u00e8che, mais le sapin est OK, l\u2019arbre ne touche pas certaines sensibilit\u00e9s.<\/p>\n<p>En Roumanie nous n\u2019avions pas\u00a0 droit au cong\u00e9 le 25 d\u00e9cembre. On travaillait ce jour-l\u00e0 pour construire le communisme. Bien, j\u2019ai chang\u00e9 de pays. Vers les ann\u00e9es 85, No\u00ebl au Qu\u00e9bec avait un signification diff\u00e9rente de celle d\u2019aujourd\u2019hui. Il y a peu de temps, je voyais des cr\u00e8ches au Vieux Port. C\u2019\u00e9tait cool. Il y avait m\u00eame des personnages qui jouaient des r\u00f4les, un \u00e2ne, un b\u00e9b\u00e9\u2026 Puis depuis 2-3 ans, rien! Comme si cr\u00e8che et b\u00e9b\u00e9 d\u00e9rangeaient des gens. Qui sont ces gens? Pourquoi cet acharnement contre un`b\u00e9b\u00e9 dans la cr\u00e8che`? Par contre j\u2019entends des conversations entourant le `multiculturalisme`, des commissions mises en place pour \u00e9tablir jusqu\u2019o\u00f9 on peut aller avec cette histoire des 24-25 d\u00e9cembre.<\/p>\n<p>Je suis d\u00e9rout\u00e9. Je ne comprends plus rien, probablement qu\u2019il y en a bien d\u2019autres comme moi. Ce f\u00fbt une simple expression de ma d\u00e9route.<\/p>\n<p>&nbsp;<\/p>\n<p><strong>Joyeux No\u00ebl \u00e0 tous.<\/strong><\/p>\n<p><strong><img loading=\"lazy\" decoding=\"async\" class=\"alignleft size-full wp-image-7370\" title=\"Montreal B\" src=\"http:\/\/www.lecarrefourdesopinions.ca\/wp-content\/uploads\/2011\/12\/Montreal-B1.jpg\" alt=\"\" width=\"437\" height=\"625\" srcset=\"https:\/\/www.lecarrefourdesopinions.ca\/wp-content\/uploads\/2011\/12\/Montreal-B1.jpg 437w, https:\/\/www.lecarrefourdesopinions.ca\/wp-content\/uploads\/2011\/12\/Montreal-B1-209x300.jpg 209w, https:\/\/www.lecarrefourdesopinions.ca\/wp-content\/uploads\/2011\/12\/Montreal-B1-400x572.jpg 400w\" sizes=\"auto, (max-width: 437px) 100vw, 437px\" \/><br \/><\/strong><\/p>\n<p>&nbsp;<\/p>\n<p>&nbsp;<\/p>\n<script type=\"text\/javascript\">\n\nvar addthis_config = {\"data_track_clickback\":false,\"data_track_addressbar\":false,\"data_track_textcopy\":false};\n<\/script><script type=\"text\/javascript\" src=\"\/\/s7.addthis.com\/js\/250\/addthis_widget.js#pubid=f084fdfbcefba74c78dfad3bbc873ffd\"><\/script>","protected":false},"excerpt":{"rendered":"<p><span style=\"color: #3366ff;\">Que f\u00eate-t-on pendant `No\u00ebl`? <\/span><\/p>\n<p><span style=\"color: #800000;\">  Par Alex Cristescu<\/span><\/p>\n<p>&nbsp;<\/p>\n<p>&nbsp;<\/p>\n<p><span style=\"color: #ff0000;\">Une question pos\u00e9e aux politiciens, fonctionnaires, administrateurs publics etc.\u00a0?<\/span><\/p>\n<p>&nbsp;<\/p>\n<p>Je suis vraiment d\u00e9rout\u00e9. Je ne comprends pas pourquoi on nous donne ce cong\u00e9 `f\u00e9erique`de `No\u00ebl`? \u00c0 &hellip;<\/p>\n","protected":false},"author":1,"featured_media":0,"comment_status":"open","ping_status":"open","sticky":false,"template":"","format":"standard","meta":{"footnotes":""},"categories":[1],"tags":[],"class_list":["post-7367","post","type-post","status-publish","format-standard","hentry","category-accueil"],"_links":{"self":[{"href":"https:\/\/www.lecarrefourdesopinions.ca\/index.php?rest_route=\/wp\/v2\/posts\/7367","targetHints":{"allow":["GET"]}}],"collection":[{"href":"https:\/\/www.lecarrefourdesopinions.ca\/index.php?rest_route=\/wp\/v2\/posts"}],"about":[{"href":"https:\/\/www.lecarrefourdesopinions.ca\/index.php?rest_route=\/wp\/v2\/types\/post"}],"author":[{"embeddable":true,"href":"https:\/\/www.lecarrefourdesopinions.ca\/index.php?rest_route=\/wp\/v2\/users\/1"}],"replies":[{"embeddable":true,"href":"https:\/\/www.lecarrefourdesopinions.ca\/index.php?rest_route=%2Fwp%2Fv2%2Fcomments&post=7367"}],"version-history":[{"count":2,"href":"https:\/\/www.lecarrefourdesopinions.ca\/index.php?rest_route=\/wp\/v2\/posts\/7367\/revisions"}],"predecessor-version":[{"id":7376,"href":"https:\/\/www.lecarrefourdesopinions.ca\/index.php?rest_route=\/wp\/v2\/posts\/7367\/revisions\/7376"}],"wp:attachment":[{"href":"https:\/\/www.lecarrefourdesopinions.ca\/index.php?rest_route=%2Fwp%2Fv2%2Fmedia&parent=7367"}],"wp:term":[{"taxonomy":"category","embeddable":true,"href":"https:\/\/www.lecarrefourdesopinions.ca\/index.php?rest_route=%2Fwp%2Fv2%2Fcategories&post=7367"},{"taxonomy":"post_tag","embeddable":true,"href":"https:\/\/www.lecarrefourdesopinions.ca\/index.php?rest_route=%2Fwp%2Fv2%2Ftags&post=7367"}],"curies":[{"name":"wp","href":"https:\/\/api.w.org\/{rel}","templated":true}]}}