{"id":7341,"date":"2011-12-20T22:35:04","date_gmt":"2011-12-21T03:35:04","guid":{"rendered":"http:\/\/www.lecarrefourdesopinions.ca\/?p=7341"},"modified":"2011-12-20T22:35:04","modified_gmt":"2011-12-21T03:35:04","slug":"peccadille-et-trahison","status":"publish","type":"post","link":"https:\/\/www.lecarrefourdesopinions.ca\/?p=7341","title":{"rendered":"Peccadille et Trahison."},"content":{"rendered":"<p><strong><em> <\/em><\/strong><\/p>\n<p><span style=\"color: #3366ff;\"><strong><em>Peccadille et Trahison.<\/em><\/strong><\/span><\/p>\n<p><img loading=\"lazy\" decoding=\"async\" class=\"alignleft size-thumbnail wp-image-7342\" title=\"Photo Eric Nogard 4\" src=\"http:\/\/www.lecarrefourdesopinions.ca\/wp-content\/uploads\/2011\/12\/Photo-Eric-Nogard-41-134x107.jpg\" alt=\"\" width=\"134\" height=\"107\" \/> <em><span style=\"color: #800000;\"> Par<strong> <\/strong>\u00c9ric E.G. NOGARD\u00a0 \u00a0 \u00a0 \u00a0 \u00a0 \u00a0 \u00a0 \u00a0 \u00a0\u00a0 \u00a0\u00a0\u00a0\u00a0\u00a0\u00a0\u00a0\u00a0\u00a0\u00a0\u00a0\u00a0\u00a0\u00a0 <br \/><\/span><\/em><\/p>\n<p>&nbsp;<\/p>\n<p>Selon les Dires, POIRON \u00e9tait gar\u00e7on boucher dans son village.<\/p>\n<p>&nbsp;<\/p>\n<p>Engag\u00e9 militaire, et \u00e0 force de ramer, Dieu sait de combien de mani\u00e8res, il acc\u00e9da au grade de Sergent Chef et fut promu sous-officier Adjudant de Compagnie, autrement dit, il fut nomm\u00e9 terreur des bleus.<\/p>\n<p>&nbsp;<\/p>\n<p>Nul ne pouvait lui reprocher d\u2019avoir vol\u00e9 sa citation.<\/p>\n<p><img loading=\"lazy\" decoding=\"async\" class=\"alignleft size-medium wp-image-7343\" title=\"D1 ANCIENNE  CASERNE BALATA\" src=\"http:\/\/www.lecarrefourdesopinions.ca\/wp-content\/uploads\/2011\/12\/D1-ANCIENNE-CASERNE-BALATA-300x225.jpg\" alt=\"\" width=\"300\" height=\"225\" srcset=\"https:\/\/www.lecarrefourdesopinions.ca\/wp-content\/uploads\/2011\/12\/D1-ANCIENNE-CASERNE-BALATA-300x225.jpg 300w, https:\/\/www.lecarrefourdesopinions.ca\/wp-content\/uploads\/2011\/12\/D1-ANCIENNE-CASERNE-BALATA-1024x768.jpg 1024w, https:\/\/www.lecarrefourdesopinions.ca\/wp-content\/uploads\/2011\/12\/D1-ANCIENNE-CASERNE-BALATA-400x300.jpg 400w, https:\/\/www.lecarrefourdesopinions.ca\/wp-content\/uploads\/2011\/12\/D1-ANCIENNE-CASERNE-BALATA.jpg 1600w\" sizes=\"auto, (max-width: 300px) 100vw, 300px\" \/><\/p>\n<p>A voir comment il \u00e9tirait \u00e0 la fois sa mandibule inf\u00e9rieure et son \u00e9pith\u00e9lium facial pour se donner l\u2019air d\u2019un lion.<\/p>\n<p>&nbsp;<\/p>\n<p>A voir comme il portait ses pattes de devant, en les bougeant coudes \u00e9cart\u00e9s et \u00e9paules imitant dans leur balancement le d\u00e9hanchement des boxeurs de cat\u00e9gorie poids lourds\u00a0 du genre Joe LOUIS des USA, Champion du Monde, ou de Jules CHARRON, de la Trinit\u00e9 (ville de la Martinique), Champion de la Cara\u00efbe, on comprenait tout de ce petit homme qui dans sa morphologie ressemblait \u00e0 ces crabes des sables \u2013 il y a tant d\u2019esp\u00e8ces de crabes \u2013 et \u00e0 rien d\u2019autre, de carcasse comme de cervelle.<\/p>\n<p>&nbsp;<\/p>\n<p>En un mot, une valeur intrins\u00e8que des plus dubitatives.<\/p>\n<p>&nbsp;<\/p>\n<p>En revanche, sa valeur ajout\u00e9e \u00e9tait consid\u00e9rable et tenait \u00e0 la fois aux \u00e9paulettes qu\u2019il portait et au Calot qui lui couvrait le chef\u00a0: il <img loading=\"lazy\" decoding=\"async\" class=\"alignright size-medium wp-image-7344\" title=\"D2 ANCIENNE CASERNE BALATA\" src=\"http:\/\/www.lecarrefourdesopinions.ca\/wp-content\/uploads\/2011\/12\/D2-ANCIENNE-CASERNE-BALATA-300x225.jpg\" alt=\"\" width=\"300\" height=\"225\" srcset=\"https:\/\/www.lecarrefourdesopinions.ca\/wp-content\/uploads\/2011\/12\/D2-ANCIENNE-CASERNE-BALATA-300x225.jpg 300w, https:\/\/www.lecarrefourdesopinions.ca\/wp-content\/uploads\/2011\/12\/D2-ANCIENNE-CASERNE-BALATA-1024x768.jpg 1024w, https:\/\/www.lecarrefourdesopinions.ca\/wp-content\/uploads\/2011\/12\/D2-ANCIENNE-CASERNE-BALATA-400x300.jpg 400w, https:\/\/www.lecarrefourdesopinions.ca\/wp-content\/uploads\/2011\/12\/D2-ANCIENNE-CASERNE-BALATA.jpg 1600w\" sizes=\"auto, (max-width: 300px) 100vw, 300px\" \/>repr\u00e9sentait la discipline, cette Force Principale des Arm\u00e9es, selon le Code Militaire fran\u00e7ais encore en vigueur aujourd\u2019hui.<\/p>\n<p>&nbsp;<\/p>\n<p>&nbsp;<\/p>\n<p>Tout ceci, pour vous parler de MARIMOUTOU, un jeune indien du Morne-Rouge, proche voisin de la Montagne Pel\u00e9e.<\/p>\n<p>&nbsp;<\/p>\n<p>Les ann\u00e9es 1950 venaient d\u2019\u00e9clore et FANON s\u2019illustrait, sans que la moindre id\u00e9e nous effleure de porter sur lui le moindre jugement de valeur, le c\u00f4t\u00e9 contemporain des faits \u00e9tant seul ce qui compte \u00e0 nos yeux.<\/p>\n<p>&nbsp;<\/p>\n<p>Il n\u2019est pas superflu de noter qu\u2019en ce que nous comptons dire, sur le fondement de ce qui nous a \u00e9t\u00e9 rapport\u00e9, au lieu de poser la main sur la Bible ou de la lever pour dire je le Jure, nous serions redevable \u00e0 toute personne qui pourrait infirmer ou Confirmer nos all\u00e9gations qui ont valeur en somme, d\u2019invitation \u00e0 la recherche de la v\u00e9rit\u00e9 en vue de la r\u00e9habilitation d\u2019un petit soldat qui le m\u00e9rite selon nous.<\/p>\n<p>&nbsp;<\/p>\n<p>&nbsp;<\/p>\n<p>Nous avons dit MARIMOUTOU, jeune indien du Morne-Rouge, n\u00e9 en 1929, incorpor\u00e9 comme fantassin en 1950 et affect\u00e9 au Camp Militaire de Balata, dans les Hauteurs de Fort-de-France, sur les pentes des Pitons du Carbet.<\/p>\n<p>&nbsp;<\/p>\n<p>MARIMOUTOU \u00e9tait une \u00e2me vierge, un poulain sauvage, comme qui dirait.<\/p>\n<p>&nbsp;<\/p>\n<p>Savait-il lire et \u00e9crire, nous ne le jurerions pas.<\/p>\n<p>&nbsp;<\/p>\n<p>N\u00e9anmoins, \u00e0 nous Couper les mains, \u00e0 nous mettre la t\u00eate sur le billot, MARIMOUTOU \u00e9tait un charmant compagnon impr\u00e9gn\u00e9 de principes de loyaut\u00e9 et de fiert\u00e9 li\u00e9s \u00e0 sa race et plus propres \u00e0 la ligne droite qu\u2019aux sinuosit\u00e9s que r\u00e9clament ou qui caract\u00e9risent <img loading=\"lazy\" decoding=\"async\" class=\"alignleft size-medium wp-image-7345\" title=\"D3 ANCIENNE CASERNE BALATA\" src=\"http:\/\/www.lecarrefourdesopinions.ca\/wp-content\/uploads\/2011\/12\/D3-ANCIENNE-CASERNE-BALATA-300x225.jpg\" alt=\"\" width=\"300\" height=\"225\" srcset=\"https:\/\/www.lecarrefourdesopinions.ca\/wp-content\/uploads\/2011\/12\/D3-ANCIENNE-CASERNE-BALATA-300x225.jpg 300w, https:\/\/www.lecarrefourdesopinions.ca\/wp-content\/uploads\/2011\/12\/D3-ANCIENNE-CASERNE-BALATA-1024x768.jpg 1024w, https:\/\/www.lecarrefourdesopinions.ca\/wp-content\/uploads\/2011\/12\/D3-ANCIENNE-CASERNE-BALATA-400x300.jpg 400w, https:\/\/www.lecarrefourdesopinions.ca\/wp-content\/uploads\/2011\/12\/D3-ANCIENNE-CASERNE-BALATA.jpg 1600w\" sizes=\"auto, (max-width: 300px) 100vw, 300px\" \/>certaines soci\u00e9t\u00e9s humaines.<\/p>\n<p>&nbsp;<\/p>\n<p>MARIMOUTOU \u00e9tait Droit, Fier et Simple.<\/p>\n<p>&nbsp;<\/p>\n<p>&nbsp;<\/p>\n<p>En sa qualit\u00e9 de \u00ab\u00a0Bleu\u00a0\u00bb, autrement dit de jeune recrue, il fut command\u00e9 \u00e0\u00a0 MARIMOUTOU d\u2019effectuer certaines corv\u00e9es comme ramasser des crottes de chats ou de chiens et il lui fut ordonn\u00e9 un jour de Couper son Catogan, une m\u00e8che de cheveux qui, selon lui, lui portait bonheur \u2013 peut-\u00eatre aupr\u00e8s des filles \u2013 \u00e0 son \u00e2ge il y tenait.<\/p>\n<p>&nbsp;<\/p>\n<p>Il ne voulu pas s\u2019y soumettre, quand d\u2019autres se soumettaient aux contraintes de l\u2019Adjudant de Compagnie qui les for\u00e7ait, pour la moindre peccadille, \u00e0 coucher en prison, sur du sable, par terre, dans une cellule comparable \u00e0 un van \u00e0 chevaux et surtout pas plus grande.<\/p>\n<p>&nbsp;<\/p>\n<p>Selon un t\u00e9moignage, pour y dormir, il fallait se so\u00fbler \u00e0 mort, gr\u00e2ce au bidon de Rhum gliss\u00e9 par le trou d\u2019\u00e9vacuation, par un copain du Contingent au C\u0153ur Compatissant.<\/p>\n<p>&nbsp;<\/p>\n<p>Et, savez-vous que, de d\u00e9sagr\u00e9ments en d\u00e9sagr\u00e9ments \u00e0 partir de ce peu que nous prenons pour moins que rien, nonobstant ce que nous nous croyons autoris\u00e9s \u00e0 penser de sa hi\u00e9rarchie, MARIMOUTOU serait pass\u00e9 en Cour Martiale et malmen\u00e9 tant et si bien qu\u2019il en serait mort&#8230; au nom de la Discipline, cette Force Principale des Arm\u00e9es.<\/p>\n<p>&nbsp;<\/p>\n<p>On en souffrit et on en souffre encore\u2026 d\u2019indignation pour le cas et de sympathie pour le petit soldat.<\/p>\n<p>&nbsp;<\/p>\n<p>&nbsp;<\/p>\n<p>En tout cas, si les faits relat\u00e9s \u00e9taient av\u00e9r\u00e9s, \u00e0 choisir entre R\u00e9habiliter FANON et la R\u00e9habilitation de MARIMOUTOU, notre choix absolu irait \u00e0 MARIMOUTOU immol\u00e9 sur l\u2019autel de la discipline, cette Force Principale Des Arm\u00e9es que nous ne contestons pas, mais dont la Cour Martiale peut se montrer si dure pour une peccadille d\u00e9nonc\u00e9e par un POIRON.<\/p>\n<p>&nbsp;<\/p>\n<p>&nbsp;<\/p>\n<p>Et en tout cas, \u00e9tant fait observer notre R\u00e9serve tant que cette affaire a gard\u00e9 son Caract\u00e8re Priv\u00e9.<\/p>\n<p>&nbsp;<\/p>\n<p>Que la Martinique devenue Ind\u00e9pendante obtienne les Cendres de FANON, en fasse un Retour en Triomphe, c\u2019est son affaire.<\/p>\n<p>&nbsp;<\/p>\n<p>En revanche, \u00e0 notre avis, dans toute la mesure o\u00f9 la Propagande Publique et Tapageuse faite pour r\u00e9habiliter FANON ne nous \u00e9pargne pas, tant que la Martinique sera Fran\u00e7aise, le Cas FANON au regard de la GUERRE d\u2019ALG\u0116RIE devrait \u00eatre soumis \u00e0 l\u2019appr\u00e9ciation d\u2019un TRIBUNAL qu\u2019il soit Civil ou qu\u2019il soit Militaire.<\/p>\n<p>&nbsp;<\/p>\n<p>&nbsp;<\/p>\n<script type=\"text\/javascript\">\n\nvar addthis_config = {\"data_track_clickback\":false,\"data_track_addressbar\":false,\"data_track_textcopy\":false};\n<\/script><script type=\"text\/javascript\" src=\"\/\/s7.addthis.com\/js\/250\/addthis_widget.js#pubid=f084fdfbcefba74c78dfad3bbc873ffd\"><\/script>","protected":false},"excerpt":{"rendered":"<\/p>\n<p><span style=\"color: #3366ff;\">Peccadille et Trahison.<\/span><\/p>\n<p> <span style=\"color: #800000;\"> Par \u00c9ric E.G. NOGARD\u00a0 \u00a0 \u00a0 \u00a0 \u00a0 \u00a0 \u00a0 \u00a0 \u00a0\u00a0 \u00a0\u00a0\u00a0\u00a0\u00a0\u00a0\u00a0\u00a0\u00a0\u00a0\u00a0\u00a0\u00a0\u00a0 <\/span><\/p>\n<p>&nbsp;<\/p>\n<p>Selon les Dires, POIRON \u00e9tait gar\u00e7on boucher dans son village.<\/p>\n<p>&nbsp;<\/p>\n<p>Engag\u00e9 militaire, et \u00e0 force de ramer, Dieu sait de combien de mani\u00e8res, il acc\u00e9da au grade de &hellip;<\/p>\n","protected":false},"author":1,"featured_media":0,"comment_status":"open","ping_status":"open","sticky":false,"template":"","format":"standard","meta":{"footnotes":""},"categories":[1],"tags":[],"class_list":["post-7341","post","type-post","status-publish","format-standard","hentry","category-accueil"],"_links":{"self":[{"href":"https:\/\/www.lecarrefourdesopinions.ca\/index.php?rest_route=\/wp\/v2\/posts\/7341","targetHints":{"allow":["GET"]}}],"collection":[{"href":"https:\/\/www.lecarrefourdesopinions.ca\/index.php?rest_route=\/wp\/v2\/posts"}],"about":[{"href":"https:\/\/www.lecarrefourdesopinions.ca\/index.php?rest_route=\/wp\/v2\/types\/post"}],"author":[{"embeddable":true,"href":"https:\/\/www.lecarrefourdesopinions.ca\/index.php?rest_route=\/wp\/v2\/users\/1"}],"replies":[{"embeddable":true,"href":"https:\/\/www.lecarrefourdesopinions.ca\/index.php?rest_route=%2Fwp%2Fv2%2Fcomments&post=7341"}],"version-history":[{"count":2,"href":"https:\/\/www.lecarrefourdesopinions.ca\/index.php?rest_route=\/wp\/v2\/posts\/7341\/revisions"}],"predecessor-version":[{"id":7423,"href":"https:\/\/www.lecarrefourdesopinions.ca\/index.php?rest_route=\/wp\/v2\/posts\/7341\/revisions\/7423"}],"wp:attachment":[{"href":"https:\/\/www.lecarrefourdesopinions.ca\/index.php?rest_route=%2Fwp%2Fv2%2Fmedia&parent=7341"}],"wp:term":[{"taxonomy":"category","embeddable":true,"href":"https:\/\/www.lecarrefourdesopinions.ca\/index.php?rest_route=%2Fwp%2Fv2%2Fcategories&post=7341"},{"taxonomy":"post_tag","embeddable":true,"href":"https:\/\/www.lecarrefourdesopinions.ca\/index.php?rest_route=%2Fwp%2Fv2%2Ftags&post=7341"}],"curies":[{"name":"wp","href":"https:\/\/api.w.org\/{rel}","templated":true}]}}