{"id":7042,"date":"2011-12-13T20:14:36","date_gmt":"2011-12-14T01:14:36","guid":{"rendered":"http:\/\/www.lecarrefourdesopinions.ca\/?p=7042"},"modified":"2011-12-13T20:14:36","modified_gmt":"2011-12-14T01:14:36","slug":"fragilite-humaine-8d-les-forces-speciales-contre-les-ennemis-speciaux","status":"publish","type":"post","link":"https:\/\/www.lecarrefourdesopinions.ca\/?p=7042","title":{"rendered":"Fragilit\u00e9 humaine  8d) Les forces sp\u00e9ciales contre les ennemis sp\u00e9ciaux"},"content":{"rendered":"<p><span style=\"color: #3366ff;\"><strong>Fragilit\u00e9 humaine\u00a0 8d) Les forces sp\u00e9ciales contre les ennemis sp\u00e9ciaux<\/strong><\/span><\/p>\n<p><em> <img loading=\"lazy\" decoding=\"async\" class=\"alignleft size-thumbnail wp-image-7041\" title=\"photo Michel Frankland 2\" src=\"http:\/\/www.lecarrefourdesopinions.ca\/wp-content\/uploads\/2011\/11\/photo-Michel-Frankland-23-134x107.jpg\" alt=\"\" width=\"134\" height=\"107\" \/> <span style=\"color: #800000;\"> Par Michel Frankland\u00a0\u00a0\u00a0\u00a0\u00a0\u00a0\u00a0\u00a0\u00a0\u00a0\u00a0\u00a0\u00a0\u00a0\u00a0\u00a0 <br \/><\/span><\/em><\/p>\n<p>J\u2019avais, il y a quelques mois, \u00e9mis l\u2019id\u00e9e que les forces sp\u00e9ciales \u00e9taient une n\u00e9cessit\u00e9. Ma\u00a0 formulation impliquait que si ces forces sp\u00e9ciales n\u2019existaient pas, il faudrait les cr\u00e9er. De fil en aiguille, par la distorsion coutumi\u00e8re \u00e0 la transmission humaine, on me faisait dire qu\u2019il fallait mettre sur pied une petite arm\u00e9e pour tuer les criminels. On m\u2019a presque agoni d\u2019injures.<\/p>\n<p>Je ne parlais que de la r\u00e9alit\u00e9. Allez sur <em>Wikip\u00e9dia<\/em>, \u00e0 \u00ab Liste des forces sp\u00e9ciales\u00bb.\u00a0 Je n\u2019ai compt\u00e9 que celles des pays industriels occidentaux. Je me suis arr\u00eat\u00e9 \u00e0 100. Il y en avait encore. La preuve de leur vocation \u00abmarginale\u00bb se manifeste dans leur description.\u00a0 Partons du plus connu de nous.\u00a0 Consid\u00e9rez le vague de la description du Groupe Tactique d\u2019Intervention <a href=\"#_ftn1\">[1]<\/a>,subdivision de la GRC. Ce sont des membres \u00abhautement form\u00e9s qui ont la capacit\u00e9 d\u2019utiliser des armes sp\u00e9cialis\u00e9es, de l\u2019\u00e9quipement et des tactiques afin de r\u00e9soudre des situations \u00e0 risque \u00e9lev\u00e9. La nature potentiellement violente et souvent dynamique de ces situations exige une r\u00e9ponse tactique hautement int\u00e9gr\u00e9e et coordonn\u00e9e.\u00bb<\/p>\n<p>De m\u00eame, si vous v\u00e9rifiez la vocation de groupes allemands tels que le Kommando Spezialkr\u00e4fte ou le Spezial Einsatz Kommando, pour ne mentionner que ceux-l\u00e0, vous vous butez \u00e0 des descriptions qui \u00e9vitent les pr\u00e9cisions. Vous trouverez la m\u00eame orientation \u00abg\u00e9n\u00e9rale\u00bb de la Su\u00e8de \u00e0 la Finlande, en passant par la Bulgarie ou la France. Les orientations g\u00e9n\u00e9rales apparaissent souvent assez clairement, mais les moyens, les m\u00e9thodes d\u2019action\u2026<\/p>\n<p>Par exemple, ce moyen ne fera jamais l\u2019objet d\u2019une publication. Un ami, originaire d\u2019un autre pays industriel, me confiait qu\u2019il a \u00e9t\u00e9 t\u00e9moin, bien qu\u2019indirectement, d\u2019une entente sous le manteau. Un membre d\u2019une de ces organisations a pour mission de rencontrer une famille influente de la p\u00e8gre. Celle-ci accepte le march\u00e9\u00a0: elle supprime tel terroriste ; dans environ deux semaines, un membre influent de cette famille sera \u00e9largi. Ses 11 ans de prison \u00e0 terminer ? De l\u2019air.\u00a0 Tout le monde est content. Sauf les journalistes, qui n\u2019ont rien su.<\/p>\n<p>Un autre \u00e9l\u00e9ment m\u00e9rite consid\u00e9ration.\u00a0 Il s\u2019agit des regroupements oeuvrant dans le m\u00eame sens. Par exemple, le SCRS<a href=\"#_ftn2\">[2]<\/a> canadien n\u2019est m\u00eame pas mentionn\u00e9 dans les forces sp\u00e9ciales. Et, plus g\u00e9n\u00e9ralement, les syst\u00e8mes ayant trait \u00e0 l\u2019espionnage ne sont pas tous mentionn\u00e9s dans la nomenclature de Wikip\u00e9dia. La d\u00e9finition du SCRS m\u2019appara\u00eet claire et d\u00e9taill\u00e9e ; ce sont, encore ici, les m\u00e9thodes qu\u2019on garde sous silence. \u00c9videmment, tactique oblige. Il demeure d\u2019exp\u00e9rience collective, que pour ces actions marginales,\u00a0 le bon sens populaire ne s\u2019enfarge pas en cela dans les fleurs du tapis.<\/p>\n<p>Qu\u2019on bute un salaud, le peuple ne fait pas de crise cardiaque ; il s\u2019inqui\u00e8te cependant des autorit\u00e9s qui d\u00e9finiront le salaud. Et si c\u2019\u00e9tait simplement un ennemi politique ? En d\u00e9mocratie, ce crime odieux\u00a0 est moins pensable. Tous ces organismes d\u00e9pendent du minist\u00e8re de l\u2019int\u00e9rieur ou de celui de la d\u00e9fense. Et un ministre sait fort bien que s\u2019il permettait un crime politique, quelqu\u2019un, quelque part, parlerait. Sym\u00e9triquement, les groupes sp\u00e9ciaux d\u2019intervention savent pertinemment que l\u2019action\u00a0 antid\u00e9mocratique a toutes les chances de r\u00e9veiller quelque remords, et ils seront sous le verrou.<\/p>\n<p>N\u2019emp\u00eache, les deux Kennedy et Martin Luther King ont \u00e9t\u00e9 assassin\u00e9s. Et les rumeurs reliant ces crimes aux \u00abforces sp\u00e9ciales\u00bb n\u2019ont cess\u00e9 d\u2019\u00eatre appuy\u00e9es par des personnes de gros calibre.<\/p>\n<p>Au total, cependant, ces d\u00e9viations antid\u00e9mocratiques sont rares.<\/p>\n<p>Le vrai probl\u00e8me se situe \u00e0 deux niveaux. D\u2019une part,. Au niveau politique. N\u2019avons-nous pas \u00e9prouv\u00e9 collectivement la pr\u00e9sence de \u00abb\u00e2tons dans les roues\u00bb provenant de nos \u00e9lus ? Je n\u2019insiste pas, tout le monde comprend. <\/p>\n<p> L\u2019autre probl\u00e8me s\u2019av\u00e8re souvent source de moindre efficacit\u00e9\u00a0: la m\u00e9fiance entre les\u00a0 corps policiers. Bien s\u00fbr, le bon sens \u00e0 l\u2019occasion, pr\u00e9vaut.\u00a0 L\u2019op\u00e9ration Marteau, r\u00e9unissant des corps policiers diff\u00e9rents, en constitue un exemple accessible. Mais, r\u00e9action humaine compr\u00e9hensible autant que regrettable,\u00a0 cet exc\u00e8s d\u2019esprit de corps continue de diminuer un rendement qui pourrait mettre sous les barreaux des criminels qui courent encore.<\/p>\n<p>Voil\u00e0 qui cl\u00f4t cette s\u00e9rie de 11 articles sur la fragilit\u00e9 humaine. Elle s\u2019av\u00e8re constance, profonde et vari\u00e9e.\u00a0 Les \u00e9motions,\u00a0 l\u2019augmentation exponentielle de l\u2019information et la carence adaptative d\u2019un certain nombre t\u00e9moigne abondamment de cette fragilit\u00e9. Ajoutez \u00e0 cela la malhonn\u00eatet\u00e9 de certains politiciens, et le tableau\u00a0 est complet.<\/p>\n<p>Il y a heureusement des individus responsables, courageux et efficaces qui nous donnent encore le go\u00fbt de sourire. Je les salue bien bas.<\/p>\n<p>Le prochain article aura pour sujet\u2026 Je vous le donne en mille\u2026Vous verrez!<\/p>\n<p><strong>Michel Frankland<\/strong><br \/> site de bridge jug\u00e9 incontournable par les experts<br \/> <a href=\"http:\/\/pages.videotron.ca\/lepeuple\/\"><strong>http:\/\/pages.videotron.ca\/lepeuple\/<\/strong><\/a><\/p>\n<p>____________________________________________________________<\/p>\n<p><strong>Christine Schwab<\/strong><br \/> psychologue comp\u00e9tente et extr\u00eamement honn\u00eate avec ses clients<br \/> (pas de prolongation inutile de traitement)<br \/> <a href=\"http:\/\/www.cschwab.net\/\"><strong>www.cschwab.net<\/strong><\/a><\/p>\n<p>____________________________________________________________<\/p>\n<p><strong>Henri Cohen<\/strong><br \/> Un expert en pollution domestique et industrielle,<br \/> <a href=\"http:\/\/www.coblair.com\/\"><strong>www.coblair.com<\/strong><\/a><\/p>\n<p>&nbsp;<\/p>\n<p>&nbsp;<\/p>\n<hr size=\"1\" \/>\n<p><a href=\"#_ftnref1\">[1]<\/a> <a href=\"http:\/\/www.rcmp-grc.gc.ca\/ert-gti\/index-fra.htm\">http:\/\/www.rcmp-grc.gc.ca\/ert-gti\/index-fra.htm<\/a><\/p>\n<p><a href=\"#_ftnref2\">[2]<\/a> <a href=\"http:\/\/www.csis-scrs.gc.ca\/bts\/rlfcss-fra.asp\">http:\/\/www.csis-scrs.gc.ca\/bts\/rlfcss-fra.asp<\/a>. Service canadien du renseignement de s\u00e9curit\u00e9<\/p>\n<script type=\"text\/javascript\">\n\nvar addthis_config = {\"data_track_clickback\":false,\"data_track_addressbar\":false,\"data_track_textcopy\":false};\n<\/script><script type=\"text\/javascript\" src=\"\/\/s7.addthis.com\/js\/250\/addthis_widget.js#pubid=f084fdfbcefba74c78dfad3bbc873ffd\"><\/script>","protected":false},"excerpt":{"rendered":"<p><span style=\"color: #3366ff;\">Fragilit\u00e9 humaine\u00a0 8d) Les forces sp\u00e9ciales contre les ennemis sp\u00e9ciaux<\/span><\/p>\n<p>  <span style=\"color: #800000;\"> Par Michel Frankland\u00a0\u00a0\u00a0\u00a0\u00a0\u00a0\u00a0\u00a0\u00a0\u00a0\u00a0\u00a0\u00a0\u00a0\u00a0\u00a0 <\/span><\/p>\n<p>J\u2019avais, il y a quelques mois, \u00e9mis l\u2019id\u00e9e que les forces sp\u00e9ciales \u00e9taient une n\u00e9cessit\u00e9. Ma\u00a0 formulation impliquait que si ces forces sp\u00e9ciales n\u2019existaient &hellip;<\/p>\n","protected":false},"author":1,"featured_media":0,"comment_status":"open","ping_status":"open","sticky":false,"template":"","format":"standard","meta":{"footnotes":""},"categories":[1],"tags":[],"class_list":["post-7042","post","type-post","status-publish","format-standard","hentry","category-accueil"],"_links":{"self":[{"href":"https:\/\/www.lecarrefourdesopinions.ca\/index.php?rest_route=\/wp\/v2\/posts\/7042","targetHints":{"allow":["GET"]}}],"collection":[{"href":"https:\/\/www.lecarrefourdesopinions.ca\/index.php?rest_route=\/wp\/v2\/posts"}],"about":[{"href":"https:\/\/www.lecarrefourdesopinions.ca\/index.php?rest_route=\/wp\/v2\/types\/post"}],"author":[{"embeddable":true,"href":"https:\/\/www.lecarrefourdesopinions.ca\/index.php?rest_route=\/wp\/v2\/users\/1"}],"replies":[{"embeddable":true,"href":"https:\/\/www.lecarrefourdesopinions.ca\/index.php?rest_route=%2Fwp%2Fv2%2Fcomments&post=7042"}],"version-history":[{"count":2,"href":"https:\/\/www.lecarrefourdesopinions.ca\/index.php?rest_route=\/wp\/v2\/posts\/7042\/revisions"}],"predecessor-version":[{"id":7377,"href":"https:\/\/www.lecarrefourdesopinions.ca\/index.php?rest_route=\/wp\/v2\/posts\/7042\/revisions\/7377"}],"wp:attachment":[{"href":"https:\/\/www.lecarrefourdesopinions.ca\/index.php?rest_route=%2Fwp%2Fv2%2Fmedia&parent=7042"}],"wp:term":[{"taxonomy":"category","embeddable":true,"href":"https:\/\/www.lecarrefourdesopinions.ca\/index.php?rest_route=%2Fwp%2Fv2%2Fcategories&post=7042"},{"taxonomy":"post_tag","embeddable":true,"href":"https:\/\/www.lecarrefourdesopinions.ca\/index.php?rest_route=%2Fwp%2Fv2%2Ftags&post=7042"}],"curies":[{"name":"wp","href":"https:\/\/api.w.org\/{rel}","templated":true}]}}