{"id":6840,"date":"2011-12-20T22:34:40","date_gmt":"2011-12-21T03:34:40","guid":{"rendered":"http:\/\/www.lecarrefourdesopinions.ca\/?p=6840"},"modified":"2011-12-20T22:34:40","modified_gmt":"2011-12-21T03:34:40","slug":"demander-a-la-terre-de-faire-marche-arriere","status":"publish","type":"post","link":"https:\/\/www.lecarrefourdesopinions.ca\/?p=6840","title":{"rendered":"Demander \u00e0 la Terre de faire Marche-Arri\u00e8re."},"content":{"rendered":"<p><strong><em><span style=\"color: #3366ff;\">Demander \u00e0 la Terre de faire Marche-Arri\u00e8re.<\/span> <\/em><\/strong><\/p>\n<p><img loading=\"lazy\" decoding=\"async\" class=\"alignleft size-thumbnail wp-image-6841\" title=\"Photo Eric Nogard 4\" src=\"http:\/\/www.lecarrefourdesopinions.ca\/wp-content\/uploads\/2011\/09\/Photo-Eric-Nogard-43-134x107.jpg\" alt=\"\" width=\"134\" height=\"107\" \/> <span style=\"color: #800000;\"><em> Par<strong> <\/strong>\u00c9ric E.G. NOGARD <\/em><\/span><\/p>\n<p>&nbsp;<\/p>\n<p>Si la Terre pouvait parler, aucun doute qu\u2019elle se contenterait d\u2019une question qui nous conduirait certainement \u00e0 l\u2019accuser de Folie.<\/p>\n<p>&nbsp;<\/p>\n<p>C\u2019est pourquoi il vaut mieux qu\u2019elle se taise m\u00eame si nous faisons tant et si bien, qu\u2019elle ne puisse r\u00e9primer parfois un Tremblement qui, au lieu de la Panique, devrait nous faire comprendre.<\/p>\n<p>&nbsp;<\/p>\n<p>Nous faire comprendre \u2013 et personne ne s\u2019y trompe \u2013 que nous trichons grossi\u00e8rement en mati\u00e8re de Culture.<\/p>\n<p>&nbsp;<\/p>\n<p>Qu\u2019en mati\u00e8re de Culture, nous n\u2019osons pas avouer la moindre de nos arri\u00e8res pens\u00e9es, tellement nous savons que nous nous mentons \u00e0 nous-m\u00eames.<\/p>\n<p>&nbsp;<\/p>\n<p>Le propre de la Culture est-il d\u2019\u00eatre ou r\u00e9trograde, ou statique.<\/p>\n<p>&nbsp;<\/p>\n<p><span style=\"color: #800000;\"> <\/span><\/p>\n<p><span style=\"color: #800000;\"><strong><em>La Culture n\u2019est pas r\u00e9trograde, en tout cas, la notre ne doit pas l\u2019\u00eatre.<\/em><\/strong><\/span><\/p>\n<p>&nbsp;<\/p>\n<p>S\u2019il en \u00e9tait ainsi, nous en serions \u00e0 manger avec les doigts, nous en serions aussi \u00e0 faire entendre PIAP-PIAP de la bouche, comme le cochon, en montrant notre satisfaction en mangeant de manger.<\/p>\n<p>&nbsp;<\/p>\n<p>S\u2019il en \u00e9tait ainsi, nous en serions \u00e0 l\u00e9cher notre assiette, \u00e0 porter la langue au fond de notre Coui, \u00e0 porter le boubou pour cacher notre sexe\u2026<\/p>\n<p>&nbsp;<\/p>\n<p>Notre Culture, n\u2019est-ce pas aussi cela\u2026 Voulons-nous y revenir.<\/p>\n<p>&nbsp;<\/p>\n<p>Certainement Non, car, le propre de notre Culture n\u2019est pas d\u2019\u00eatre r\u00e9trograde.<\/p>\n<p>&nbsp;<\/p>\n<p><span style=\"color: #800000;\"> <\/span><\/p>\n<p><span style=\"color: #800000;\"> <\/span><\/p>\n<p><span style=\"color: #800000;\"><strong><em>La Culture n\u2019est pas Statique or, la notre ne s\u2019efforce-t-elle pas de l\u2019\u00eatre.<\/em><\/strong><\/span><\/p>\n<p>&nbsp;<\/p>\n<p>Un Boum-Boum \u00e0 interdire le sommeil toute la nuit\u2026<\/p>\n<p>&nbsp;<\/p>\n<p>Le rat des champs a son tambour et le fait r\u00e9sonner, le rat des villes a le sien et le fait tonitruer Boum-Boum\u2026\u00a0 Boum-Boum\u2026<\/p>\n<p>&nbsp;<\/p>\n<p>Perdue la notion de bruit et tapage nocturne, perdue la notion de tranquillit\u00e9 publique\u00a0: que de jour, que de nuit\u2026 Boum-Boum\u2026 Boum-Boum\u2026<\/p>\n<p>&nbsp;<\/p>\n<p>Fi de ce qu\u2019en pensent les Scientifiques Sp\u00e9cialistes de l\u2019Oreille.<\/p>\n<p>Fi de ce qu\u2019en souffrent les b\u00e9b\u00e9s, les vieillards, les malades\u2026 Boum-Boum\u2026 Boum-Boum\u2026<\/p>\n<p>&nbsp;<\/p>\n<p>A tel point qu\u2019on a tous le tympan devenu d\u00e8s le berceau plus dur que la semelle d\u2019un soulier neuf.<\/p>\n<p>&nbsp;<\/p>\n<p>On fait du Boum-Boum\u2026 notre culture d\u2019hier, d\u2019aujourd\u2019hui, de demain\u2026 toujours et ce, depuis la Nuit des Temps\u2026\u00a0 Boum-Boum\u2026 Boum-Boum, c\u2019est notre Culture.<\/p>\n<p>&nbsp;<\/p>\n<p>Une culture statique, une culture fossilis\u00e9e, une culture aveugle et sourde, en tout cas assez pour que nous ne nous rendions pas compte que nous sommes tous des demi-sourds du fait de notre culture du Boum-Boum\u2026<\/p>\n<p>&nbsp;<\/p>\n<p><span style=\"color: #800000;\"> <\/span><\/p>\n<p><span style=\"color: #800000;\"> <\/span><\/p>\n<p><span style=\"color: #800000;\"><strong><em>La Preuve\u00a0? Le Prouver\u00a0? Docere comme l\u2019e\u00fbt dit Cic\u00e9ron\u00a0?<\/em><\/strong><\/span><\/p>\n<p>&nbsp;<\/p>\n<p>Le propre du sourd est de parler haut car pour lui, vous ne pouvez l\u2019entendre que s\u2019il s\u2019entend lui-m\u00eame.<\/p>\n<p>&nbsp;<\/p>\n<p>Or, que constatons-nous\u00a0? Que dans toute assembl\u00e9e o\u00f9 il y a deux Martiniquais\u2026 on n\u2019entend plus qu\u2019eux.<\/p>\n<p>&nbsp;<\/p>\n<p>Or, que constate-t-on\u00a0? Que m\u00eame une mouche dans son vol se fait entendre, dans une assembl\u00e9e o\u00f9 il n\u2019y-a pas de Martiniquais.<\/p>\n<p>&nbsp;<\/p>\n<p>Or enfin, qu\u2019observe-t-on\u00a0? Que dans une salle pleine de Martiniquais, plus personne ne s\u2019entend, tellement \u00e7a vocif\u00e8re.<\/p>\n<p>&nbsp;<\/p>\n<p>&nbsp;<\/p>\n<p>Ceci soit dit sans le moindre m\u00e9pris, c\u2019est une affaire de Sant\u00e9 Publique bas\u00e9e sur un constat.<\/p>\n<p>&nbsp;<\/p>\n<p>Une Sant\u00e9 Publique mise \u00e0 mal par un int\u00e9grisme qui se d\u00e9veloppe au pr\u00e9texte de l\u2019Amour de sa Culture.<\/p>\n<p>&nbsp;<\/p>\n<p>&nbsp;<\/p>\n<p><span style=\"color: #800000;\"> <\/span><\/p>\n<p><span style=\"color: #800000;\"><strong><em>D\u2019ailleurs, il est douteux que le bruit intempestif, irr\u00e9pressible et b\u00eate soit de la Culture de l\u2019Africain.<\/em><\/strong><\/span><\/p>\n<p>&nbsp;<\/p>\n<p>La Culture de l\u2019Africain serait plut\u00f4t le Silence\u2026 \u00e9tant bien admis que sa S\u00e9curit\u00e9 serait bien compromise sans le Silence.<\/p>\n<p>&nbsp;<\/p>\n<p>Le Tambour, le son du Tambour, OUI, pour des appels d\u2019Urgence \u00e0 longue distance, aussi Cod\u00e9 que le Morse et non un vulgaire bruit-bruit.<\/p>\n<p>&nbsp;<\/p>\n<p>&nbsp;<\/p>\n<p>Et, bien avant le t\u00e9l\u00e9phone cellulaire, la Culture Africaine ne s\u2019est certainement pas fossilis\u00e9e sur le tambour devenu affaire Folklorique en attendant d\u2019\u00eatre rendu, comme la Pierre de Taille, \u00e0 l\u2019Arch\u00e9ologie.<\/p>\n<p>&nbsp;<\/p>\n<p>En tout cas, le Boum-Boum Martiniquais n\u2019est pas le Tambour Africain, pas plus que ne l\u2019est le \u00ab\u00a0<strong>Tac-pi-tac-Pi-tac-tac<\/strong> \u00bb du c\u00e9l\u00e8bre Ti-Boua.<\/p>\n<p>&nbsp;<\/p>\n<p>Que le Martiniquais soit statique et r\u00e9trograde si le c\u0153ur lui en dit, c\u2019est son affaire\u2026<\/p>\n<p>&nbsp;<\/p>\n<p>Que pour son bon plaisir il veuille que la Terre s\u2019arr\u00eate de tourner ou fasse Marche Arri\u00e8re\u2026 La Terre serait-elle Folle.<\/p>\n<p>&nbsp;<\/p>\n<p>&nbsp;<\/p>\n<p><span style=\"color: #800000;\"><strong><em><span style=\"text-decoration: underline;\">Lexique Martiniquais\u00a0:<\/span><\/em><\/strong><\/span><\/p>\n<p>&nbsp;<\/p>\n<ul>\n<li><span style=\"color: #800000;\"><strong><em>Coui<\/em><\/strong><\/span>, calebasse vid\u00e9e de sa pulpe pour servir d\u2019ustensile de m\u00e9nage, plat, assiette, bol, etc.<\/li>\n<\/ul>\n<p>&nbsp;<\/p>\n<ul>\n<li><span style=\"color: #800000;\"><strong><em>Ti-Boua<\/em><\/strong><\/span>, instrument de percussion \u00e0 partir du bambou et de b\u00e2tonnets de bois de goyavier. Il \u00e9met un bruit \u00e0 faire exploser la cervelle.<\/li>\n<li><img loading=\"lazy\" decoding=\"async\" class=\"alignleft size-full wp-image-6843\" title=\"Voyages_VolmarBC\" src=\"http:\/\/www.lecarrefourdesopinions.ca\/wp-content\/uploads\/2011\/09\/Voyages_VolmarBC3.jpg\" alt=\"\" width=\"853\" height=\"568\" srcset=\"https:\/\/www.lecarrefourdesopinions.ca\/wp-content\/uploads\/2011\/09\/Voyages_VolmarBC3.jpg 853w, https:\/\/www.lecarrefourdesopinions.ca\/wp-content\/uploads\/2011\/09\/Voyages_VolmarBC3-300x199.jpg 300w, https:\/\/www.lecarrefourdesopinions.ca\/wp-content\/uploads\/2011\/09\/Voyages_VolmarBC3-400x266.jpg 400w\" sizes=\"auto, (max-width: 853px) 100vw, 853px\" \/><\/li>\n<\/ul>\n<script type=\"text\/javascript\">\n\nvar addthis_config = {\"data_track_clickback\":false,\"data_track_addressbar\":false,\"data_track_textcopy\":false};\n<\/script><script type=\"text\/javascript\" src=\"\/\/s7.addthis.com\/js\/250\/addthis_widget.js#pubid=f084fdfbcefba74c78dfad3bbc873ffd\"><\/script>","protected":false},"excerpt":{"rendered":"<p><span style=\"color: #3366ff;\">Demander \u00e0 la Terre de faire Marche-Arri\u00e8re.<\/span> <\/p>\n<p> <span style=\"color: #800000;\"> Par \u00c9ric E.G. NOGARD <\/span><\/p>\n<p>&nbsp;<\/p>\n<p>Si la Terre pouvait parler, aucun doute qu\u2019elle se contenterait d\u2019une question qui nous conduirait certainement \u00e0 l\u2019accuser de Folie.<\/p>\n<p>&nbsp;<\/p>\n<p>C\u2019est pourquoi il vaut &hellip;<\/p>\n","protected":false},"author":1,"featured_media":0,"comment_status":"open","ping_status":"open","sticky":false,"template":"","format":"standard","meta":{"footnotes":""},"categories":[1],"tags":[],"class_list":["post-6840","post","type-post","status-publish","format-standard","hentry","category-accueil"],"_links":{"self":[{"href":"https:\/\/www.lecarrefourdesopinions.ca\/index.php?rest_route=\/wp\/v2\/posts\/6840","targetHints":{"allow":["GET"]}}],"collection":[{"href":"https:\/\/www.lecarrefourdesopinions.ca\/index.php?rest_route=\/wp\/v2\/posts"}],"about":[{"href":"https:\/\/www.lecarrefourdesopinions.ca\/index.php?rest_route=\/wp\/v2\/types\/post"}],"author":[{"embeddable":true,"href":"https:\/\/www.lecarrefourdesopinions.ca\/index.php?rest_route=\/wp\/v2\/users\/1"}],"replies":[{"embeddable":true,"href":"https:\/\/www.lecarrefourdesopinions.ca\/index.php?rest_route=%2Fwp%2Fv2%2Fcomments&post=6840"}],"version-history":[{"count":3,"href":"https:\/\/www.lecarrefourdesopinions.ca\/index.php?rest_route=\/wp\/v2\/posts\/6840\/revisions"}],"predecessor-version":[{"id":7422,"href":"https:\/\/www.lecarrefourdesopinions.ca\/index.php?rest_route=\/wp\/v2\/posts\/6840\/revisions\/7422"}],"wp:attachment":[{"href":"https:\/\/www.lecarrefourdesopinions.ca\/index.php?rest_route=%2Fwp%2Fv2%2Fmedia&parent=6840"}],"wp:term":[{"taxonomy":"category","embeddable":true,"href":"https:\/\/www.lecarrefourdesopinions.ca\/index.php?rest_route=%2Fwp%2Fv2%2Fcategories&post=6840"},{"taxonomy":"post_tag","embeddable":true,"href":"https:\/\/www.lecarrefourdesopinions.ca\/index.php?rest_route=%2Fwp%2Fv2%2Ftags&post=6840"}],"curies":[{"name":"wp","href":"https:\/\/api.w.org\/{rel}","templated":true}]}}