{"id":11416,"date":"2015-03-29T18:03:38","date_gmt":"2015-03-29T22:03:38","guid":{"rendered":"http:\/\/www.lecarrefourdesopinions.ca\/?p=11416"},"modified":"2015-03-29T18:05:17","modified_gmt":"2015-03-29T22:05:17","slug":"pas-la-moindre-exception-a-notre-compassion","status":"publish","type":"post","link":"https:\/\/www.lecarrefourdesopinions.ca\/?p=11416","title":{"rendered":"Pas la moindre Exception \u00e0 notre Compassion."},"content":{"rendered":"<p align=\"CENTER\"><span style=\"color: #000099;\"><span><em><strong>Pas la moindre Exception \u00e0 notre Compassion<\/strong><\/em><\/span><\/span><span style=\"color: #000099;\"><span style=\"font-size: x-large;\"><em><strong>.<\/strong><\/em><\/span><\/span><\/p>\n<p align=\"CENTER\">\n<p align=\"CENTER\"><span style=\"color: #000099;\"><span><strong>=====<\/strong><\/span><\/span><\/p>\n<p align=\"JUSTIFY\"><span style=\"color: #632423;\"><span style=\"font-family: 'Comic Sans MS', cursive;\"><span style=\"font-size: large;\"><em><strong>Pas la moindre Exception \u00e0 notre Compassion<\/strong><\/em><\/span><\/span><\/span><span style=\"color: #632423;\"><span style=\"font-family: 'Comic Sans MS', cursive;\"><span style=\"font-size: large;\">.<\/span><\/span><\/span><\/p>\n<p align=\"JUSTIFY\">\n<p align=\"JUSTIFY\"><span style=\"color: #632423;\"><span style=\"font-family: 'Comic Sans MS', cursive;\"><span style=\"font-size: large;\">Car, si brillants ou si charmants soient-ils, le D\u00e9pressif, le Bipolaire, ne sont-ils pas de nos jours aussi exclus Que le pestif\u00e9r\u00e9 des temps moyen\u00e2geux. <\/span><\/span><\/span><\/p>\n<p align=\"JUSTIFY\"><img loading=\"lazy\" decoding=\"async\" class=\"alignnone size-thumbnail wp-image-10800\" title=\"Eric\" src=\"http:\/\/www.lecarrefourdesopinions.ca\/wp-content\/uploads\/2014\/06\/Eric1-134x107.jpg\" alt=\"\" width=\"134\" height=\"107\" \/><\/p>\n<p align=\"JUSTIFY\"><span style=\"color: #632423;\"><span style=\"font-family: 'Comic Sans MS', cursive;\"><span style=\"font-size: large;\">\u00c9ric E.G. NOGARD<\/span><\/span><\/span><\/p>\n<p align=\"JUSTIFY\"><span style=\"color: #c00000;\"><span style=\"font-size: large;\"><em>Le petit Chroniqueur<\/em><\/span><\/span><span style=\"color: #c00000;\"><span style=\"font-size: large;\">.<\/span><\/span><\/p>\n<p>&nbsp;<\/p>\n<p>&nbsp;<\/p>\n<p align=\"CENTER\"><span style=\"font-size: large;\">*** *** ***<\/span><\/p>\n<p align=\"CENTER\">\n<p align=\"JUSTIFY\">\n<p align=\"JUSTIFY\">\u00a0 \u00a0 \u00a0 \u00a0 \u00a0 \u00a0 \u00a0 \u00a0 \u00a0 \u00a0 \u00a0 \u00a0 \u00a0 \u00a0 \u00a0 \u00a0 \u00a0 \u00a0 \u00a0 \u00a0 \u00a0<img loading=\"lazy\" decoding=\"async\" class=\"alignnone size-medium wp-image-11417\" title=\"F1 Un Drame insoutenable est en train\" src=\"http:\/\/www.lecarrefourdesopinions.ca\/wp-content\/uploads\/2015\/03\/F1-Un-Drame-insoutenable-est-en-train-300x98.jpg\" alt=\"\" width=\"300\" height=\"98\" srcset=\"https:\/\/www.lecarrefourdesopinions.ca\/wp-content\/uploads\/2015\/03\/F1-Un-Drame-insoutenable-est-en-train-300x98.jpg 300w, https:\/\/www.lecarrefourdesopinions.ca\/wp-content\/uploads\/2015\/03\/F1-Un-Drame-insoutenable-est-en-train-400x131.jpg 400w, https:\/\/www.lecarrefourdesopinions.ca\/wp-content\/uploads\/2015\/03\/F1-Un-Drame-insoutenable-est-en-train.jpg 666w\" sizes=\"auto, (max-width: 300px) 100vw, 300px\" \/><\/p>\n<p align=\"JUSTIFY\">\u00a0 \u00a0 \u00a0 \u00a0 \u00a0 \u00a0 \u00a0 \u00a0 \u00a0 \u00a0 \u00a0 \u00a0 \u00a0 \u00a0 \u00a0 \u00a0 \u00a0 \u00a0 \u00a0 \u00a0 \u00a0<span style=\"font-size: large;\"><strong>F1\u00a0:<\/strong><\/span><span style=\"color: #c00000;\"><span style=\"font-size: large;\"><em>Un Drame insoutenable est en train.<\/em><\/span><\/span><\/p>\n<p align=\"JUSTIFY\"><span style=\"font-family: 'Comic Sans MS', cursive;\"><span style=\"font-size: large;\">Un drame des plus inou\u00efs vient de frapper l\u2019Allemagne en faisant 150 morts dans le Crash sur les Alpes fran\u00e7aises d\u2019un A320 de la <\/span><\/span><span style=\"font-family: 'Comic Sans MS', cursive;\"><span style=\"font-size: large;\"><em>Germanwings<\/em><\/span><\/span><span style=\"font-family: 'Comic Sans MS', cursive;\"><span style=\"font-size: large;\">, filiale de la <\/span><\/span><span style=\"font-family: 'Comic Sans MS', cursive;\"><span style=\"font-size: large;\"><em>Lufthensa,<\/em><\/span><\/span><span style=\"font-family: 'Comic Sans MS', cursive;\"><span style=\"font-size: large;\"> sur la route Barcelone (Espagne) \u2013 D\u00fcsseldorf (Allemagne), deux pays de l\u2019Union Europ\u00e9enne dont la France est partie int\u00e9grante<\/span><\/span><span style=\"font-size: large;\">.<\/span><\/p>\n<p align=\"JUSTIFY\">\n<p align=\"JUSTIFY\"><span style=\"font-size: large;\">Un drame des plus inou\u00efs dont nous avons tous ressenti le choc dans toute sa violence, \u00e0 Martinique Province Fran\u00e7aise d\u2019Am\u00e9rique.<\/span><\/p>\n<p align=\"JUSTIFY\">\n<p align=\"JUSTIFY\"><span style=\"font-size: large;\">Et, \u00e0 Martinique Province Fran\u00e7aise d\u2019Am\u00e9rique, notre consternation est assez grande pour que nous exprimions publiquement notre Compassion pour les Victimes de l\u2019horrible accident, pour leurs proches comme pour le Peuple Allemand, pour l\u2019Allemagne et pour sa Chanceli\u00e8re Madame Angela MERKEL.<\/span><\/p>\n<p align=\"JUSTIFY\">\n<p align=\"JUSTIFY\"><span style=\"font-size: large;\"><em><strong>Une Compassion des plus profondes.<\/strong><\/em><\/span><\/p>\n<p align=\"JUSTIFY\"><span style=\"font-size: large;\"><em><strong>Une Compassion sans la moindre Exception.<\/strong><\/em><\/span><\/p>\n<p align=\"JUSTIFY\"><span style=\"font-size: large;\"><em><strong>Une Compassion qui, si grande soit-elle, n\u2019exclut pas un regret<\/strong><\/em><\/span><span style=\"font-size: large;\">.<\/span><\/p>\n<p align=\"JUSTIFY\">\n<p align=\"JUSTIFY\">\n<p align=\"JUSTIFY\"><span style=\"font-family: 'Comic Sans MS', cursive;\"><span style=\"font-size: large;\"><em>Une Compassion Profonde<\/em><\/span><\/span><span style=\"font-size: large;\">.<\/span><\/p>\n<p align=\"JUSTIFY\">\n<ul>\n<li>\n<p align=\"JUSTIFY\"><span style=\"font-size: large;\"><em><strong>OUI<\/strong><\/em><\/span><span style=\"font-size: large;\">. Une profonde compassion, une compassion des plus profondes.<\/span><\/p>\n<\/li>\n<\/ul>\n<p align=\"JUSTIFY\">\n<p align=\"JUSTIFY\"><span style=\"font-size: large;\">Comment ne pas compatir aux cons\u00e9quences inou\u00efes d\u2019un drame aussi inimaginable aussi inconcevable.<\/span><\/p>\n<p align=\"JUSTIFY\">\n<p align=\"JUSTIFY\"><span style=\"font-size: large;\">Cent Cinquante victimes, \u00e9quipage et passagers, dans le Crash de ce vol dantesque dont on ne revient pas, tellement la cause est bouleversante.<\/span><\/p>\n<p align=\"JUSTIFY\">\n<p align=\"JUSTIFY\"><span style=\"font-size: large;\">Le Crash de l\u2019a\u00e9ronef rel\u00e8verait de la volont\u00e9 d\u00e9lib\u00e9r\u00e9e d\u2019un jeune Co-Pilote laiss\u00e9 seul dans le cockpit.<\/span><\/p>\n<p align=\"JUSTIFY\">\n<p align=\"JUSTIFY\"><span style=\"font-size: large;\"><em><strong>Peut-on agir sciemment en l\u2019absence de ses moyens mentaux<\/strong><\/em><\/span><span style=\"font-size: large;\">.<\/span><\/p>\n<p align=\"JUSTIFY\">\n<p align=\"JUSTIFY\">\n<p align=\"JUSTIFY\"><span style=\"font-family: 'Comic Sans MS', cursive;\"><span style=\"font-size: large;\"><em>Une Compassion sans la moindre Exception<\/em><\/span><\/span><span style=\"font-size: large;\">.<\/span><\/p>\n<p align=\"JUSTIFY\">\n<ul>\n<li>\n<p align=\"JUSTIFY\"><span style=\"font-size: large;\"><em><strong>OUI<\/strong><\/em><\/span><span style=\"font-size: large;\">. Une Compassion sans la moindre Exception ni la moindre Exclusive, dans la mesure o\u00f9 est totale notre Conviction de la Non-Culpabilit\u00e9 du Jeune Co-Pilote dans ce Drame dont il n\u2019est pas la Cause, au sens psychique du terme.<\/span><\/p>\n<\/li>\n<\/ul>\n<p align=\"JUSTIFY\">\n<p align=\"JUSTIFY\"><span style=\"font-size: large;\">Un Jeune-Homme de Vingt Huit ans dont, d\u2019entr\u00e9e de Jeu, les m\u00e9rites et qualit\u00e9s ont fait autorit\u00e9 en quelque sorte.<\/span><\/p>\n<p align=\"JUSTIFY\">\n<p align=\"JUSTIFY\"><span style=\"font-size: large;\">Ne l\u2019a-t-on pas donn\u00e9 pour charmant, de bonne compagnie, aimant sa profession et heureux d\u2019y consacrer le meilleur de lui-m\u00eame et d\u2019y laisser son nom aur\u00e9ol\u00e9 de gloire comme tant d\u2019autres se le sont promis avant lui.<\/span><\/p>\n<p align=\"JUSTIFY\">\n<p align=\"JUSTIFY\"><span style=\"font-size: large;\">Et en ceci, qui peut pr\u00e9tendre \u00e0 l\u2019inexactitude de ce portrait du jeune pilote.<\/span><\/p>\n<p align=\"JUSTIFY\">\n<p align=\"JUSTIFY\"><span style=\"font-size: large;\">Qui n\u2019aimerait voir brosser de lui un semblable portrait.<\/span><\/p>\n<p align=\"JUSTIFY\">\n<p align=\"JUSTIFY\"><span style=\"font-size: large;\">Et puis crac\u00a0!..<\/span><\/p>\n<p align=\"JUSTIFY\">\n<p align=\"JUSTIFY\"><span style=\"font-size: large;\"><em><strong>Ne le donne-t-on pas aujourd\u2019hui, sur le fondement de r\u00e9v\u00e9lations d\u2019enqu\u00eates, pour un psychopathe d\u00e9pist\u00e9, trait\u00e9, suivi, ayant pleinement satisfait aux Tests de recrutement professionnel\u2026 en situation d\u2019arr\u00eat le jour du drame, pour \u00e9tat d\u00e9pressif s\u00e9rieux<\/strong><\/em><\/span><span style=\"font-size: large;\">.<\/span><\/p>\n<p align=\"JUSTIFY\">\u00a0 \u00a0 \u00a0 \u00a0 \u00a0 \u00a0 \u00a0 \u00a0 \u00a0 \u00a0 \u00a0 \u00a0 \u00a0 \u00a0 \u00a0 \u00a0\u00a0<img loading=\"lazy\" decoding=\"async\" class=\"alignnone size-medium wp-image-11418\" title=\"F2 Sans conteste, un bon gars._. mais fragile !\" src=\"http:\/\/www.lecarrefourdesopinions.ca\/wp-content\/uploads\/2015\/03\/F2-Sans-conteste-un-bon-gars._.-mais-fragile--300x103.jpg\" alt=\"\" width=\"300\" height=\"103\" srcset=\"https:\/\/www.lecarrefourdesopinions.ca\/wp-content\/uploads\/2015\/03\/F2-Sans-conteste-un-bon-gars._.-mais-fragile--300x103.jpg 300w, https:\/\/www.lecarrefourdesopinions.ca\/wp-content\/uploads\/2015\/03\/F2-Sans-conteste-un-bon-gars._.-mais-fragile--400x137.jpg 400w, https:\/\/www.lecarrefourdesopinions.ca\/wp-content\/uploads\/2015\/03\/F2-Sans-conteste-un-bon-gars._.-mais-fragile-.jpg 630w\" sizes=\"auto, (max-width: 300px) 100vw, 300px\" \/><\/p>\n<p align=\"JUSTIFY\">\u00a0 \u00a0 \u00a0 \u00a0 \u00a0 \u00a0 \u00a0 \u00a0 \u00a0 \u00a0 \u00a0 \u00a0<span style=\"font-size: large;\"><strong>F2\u00a0:<\/strong><\/span><span style=\"color: #c00000;\"><span style=\"font-size: large;\"><em>Sans Conteste, un bon gars\u2026 mais fragile\u00a0!..<\/em><\/span><\/span><\/p>\n<p align=\"JUSTIFY\"><span style=\"font-family: 'Comic Sans MS', cursive;\"><span style=\"font-size: large;\"><em>En somme, un Bipolaire\u00a0? Un D\u00e9pressif\u00a0? En tout cas un Sujet \u00e0 des Troubles d\u2019Humeur qui, sans conteste l\u2019ont fragilis\u00e9.<\/em><\/span><\/span><\/p>\n<p align=\"JUSTIFY\">\n<p align=\"JUSTIFY\"><span style=\"font-size: large;\">Donc, un sujet qui, comme la mer pouvons-nous dire, se caract\u00e9rise par des p\u00e9riodes de calme plat et de temp\u00eate \u00ab\u00a0sous le crane\u00a0\u00bb, qui peut rugir soudain, pour autant qu\u2019une cause soudaine le veuille\u2026 et l\u2019y d\u00e9termine.<\/span><\/p>\n<p align=\"JUSTIFY\">\n<p align=\"JUSTIFY\"><span style=\"font-size: large;\">Et dans le cas qui nous occupe, un arr\u00eat de travail dont nul ne peut insinuer qu\u2019il ne soit un arr\u00eat sans appel, la perte de toute chance de <\/span><span style=\"font-family: Arial, sans-serif;\"><span style=\"font-size: large;\"><em>fly a plane once more<\/em><\/span><\/span><span style=\"font-size: large;\">.<\/span><\/p>\n<p align=\"JUSTIFY\">\n<p align=\"JUSTIFY\"><span style=\"font-size: large;\"><em><strong>Autant dire un arr\u00eat de mort pour le jeune Andr\u00e9as LUBITZ<\/strong><\/em><\/span><span style=\"font-size: large;\">.<\/span><\/p>\n<p align=\"JUSTIFY\">\n<p align=\"JUSTIFY\">\n<p align=\"JUSTIFY\"><span style=\"font-family: 'Comic Sans MS', cursive;\"><span style=\"font-size: large;\">Comment r\u00e9clamer \u00e0 un Bipolaire, \u00e0 un D\u00e9pressif ou autre Troubl\u00e9 Mental de r\u00e9sister \u00e0 semblable choc au demeurant insupportable pour les cerveaux les mieux \u00e9quilibr\u00e9s<\/span><\/span><span style=\"font-size: large;\">.<\/span><\/p>\n<p align=\"JUSTIFY\">\n<p align=\"JUSTIFY\"><span style=\"font-size: large;\">Alors, \u00e0 Martinique Province Fran\u00e7aise d\u2019Am\u00e9rique, nous avons une part \u00e9gale de compassion pour <\/span><span style=\"font-size: large;\">Andreas G. LUBITZ et ses parents que pour les autres victimes dans ce drame o\u00f9 nous voyons un Malheur immense et pas la moindre honte nulle part, surtout pas \u00e0 MONTABAUR\u00a0!<\/span><\/p>\n<p align=\"JUSTIFY\">\n<ul>\n<li>\n<p align=\"JUSTIFY\"><span style=\"font-size: large;\">Une compassion qui n\u2019exclut pas un regret.<\/span><\/p>\n<\/li>\n<\/ul>\n<p align=\"JUSTIFY\">\n<p align=\"JUSTIFY\"><span style=\"font-size: large;\">Un regret assez insupportable au demeurant.<\/span><\/p>\n<p align=\"JUSTIFY\">\n<p align=\"JUSTIFY\"><span style=\"font-size: large;\">Un regret tenant au fait que le drame qui nous opprime ne semble, eu \u00e9gard \u00e0 l\u2019\u00e9volution du d\u00e9bat qu\u2019il suscite, relever que de Comp\u00e9tences Juridiques, A\u00e9ronautiques, d\u2019Affaires et d\u2019Assurances, plut\u00f4t que des Sp\u00e9cialistes de ce qui fait le C\u0153ur du Probl\u00e8me\u00a0: <\/span><\/p>\n<p align=\"JUSTIFY\">\n<p align=\"JUSTIFY\"><span style=\"font-size: large;\"><em>Le patient pris du Trouble Mental, face \u00e0 la perte de son emploi et \u00e0 l\u2019\u00e9vanouissement de ses r\u00eaves les plus chers.<\/em><\/span><\/p>\n<p align=\"JUSTIFY\">\n<p align=\"JUSTIFY\"><span style=\"font-size: large;\"><em>Surtout quand il est intelligent, instruit et sensible<\/em><\/span><span style=\"font-size: large;\">.<\/span><\/p>\n<p align=\"JUSTIFY\">\n<p align=\"JUSTIFY\"><span style=\"font-size: large;\">Le Regret que les Psychiatres n\u2019y prennent une plus large part, et les parents qui \u00ab\u00a0vivent\u00a0\u00bb ce trouble \u00e0 travers l\u2019un des leurs, tout aussi bien.<\/span><\/p>\n<p align=\"JUSTIFY\">\n<p align=\"JUSTIFY\"><span style=\"font-size: large;\"><em><strong>Que vous sortiez de l\u2019ombre et preniez part au d\u00e9bat, Vous les Sp\u00e9cialistes des Troubles Neuro-Psychiatriques<\/strong><\/em><\/span><span style=\"font-family: 'Comic Sans MS', cursive;\"><span style=\"font-size: large;\">.<\/span><\/span><\/p>\n<p align=\"JUSTIFY\">\n<p align=\"JUSTIFY\">\n<p align=\"JUSTIFY\"><span style=\"font-family: 'Comic Sans MS', cursive;\"><span style=\"font-size: large;\">Car dans ce d\u00e9bat, peut-\u00eatre n\u2019y-a-t-il pas que des morts \u00e0 pleurer, m\u00eame si aux morts et \u00e0 ceux qui les ont aim\u00e9s vont toute notre sympathie et notre Compassion la plus profonde<\/span><\/span><span style=\"font-size: large;\">.<\/span><\/p>\n<p align=\"JUSTIFY\">\n<p align=\"JUSTIFY\"><span style=\"font-family: 'Comic Sans MS', cursive;\"><span style=\"font-size: large;\">Il y a les vivants qui souffrent de Troubles Mentaux, et que, ni leurs qualit\u00e9s morales, ni leurs m\u00e9rites intellectuels ne semblent trouver gr\u00e2ce au regard de l\u2019Emploi comme aupr\u00e8s de la commis\u00e9ration sociale, au pr\u00e9texte qu\u2019ils sont incurables.<\/span><\/span><\/p>\n<p align=\"JUSTIFY\">\n<p align=\"JUSTIFY\"><span style=\"font-family: 'Comic Sans MS', cursive;\"><span style=\"font-size: large;\">Plaise \u00e0 Dieu que leurs intimes nous approuvent en Ceci<\/span><\/span><span style=\"font-size: large;\">.<\/span><\/p>\n<p align=\"JUSTIFY\">\n<p align=\"JUSTIFY\"><span style=\"font-size: large;\">\u00c9ric E.G. NOGARD<\/span><\/p>\n<p align=\"JUSTIFY\">\n<p align=\"JUSTIFY\">\n<p align=\"JUSTIFY\">\n<p align=\"CENTER\"><span style=\"font-size: large;\">*** *** ***<\/span><\/p>\n<p align=\"CENTER\">\n<p>&nbsp;<\/p>\n<p><span style=\"color: #ff0000;\"><span style=\"font-size: large;\"><strong>Nota : <\/strong><\/span><\/span><span style=\"color: #000000;\"><span style=\"font-size: large;\">Nous ne traitons que de Faits et de Noms rendus Publics.<\/span><\/span><\/p>\n<p>&nbsp;<\/p>\n<p align=\"CENTER\"><span style=\"color: #000000;\"><span style=\"font-size: large;\">***\u00a0<\/span><\/span><\/p>\n<p align=\"CENTER\"><span style=\"color: #632423;\"><span>Avis de vente de M\u00e9moire.<\/span><\/span><\/p>\n<p align=\"JUSTIFY\"><span style=\"color: #003366;\"><span style=\"font-family: Arial, sans-serif;\">Demandez le M\u00e9moire de \u00ab\u00a0<\/span><\/span><span style=\"color: #003366;\"><span style=\"font-family: Arial, sans-serif;\"><em>Martinique Province Fran\u00e7aise d\u2019Am\u00e9rique<\/em><\/span><\/span><span style=\"color: #003366;\"><span style=\"font-family: Arial, sans-serif;\">\u00a0\u00bb au Front National Fran\u00e7ais.<\/span><\/span><\/p>\n<p align=\"JUSTIFY\">\n<p align=\"JUSTIFY\"><span style=\"color: #003366;\"><span style=\"font-family: Arial, sans-serif;\">Eu \u00e9gard \u00e0 l\u2019Ind\u00e9pendance et \u00e0 la Justesse de son analyse, il vaut pour tout Parti du Spectre Politique Fran\u00e7ais<\/span><\/span><span style=\"color: #003366;\">.<\/span><\/p>\n<p align=\"JUSTIFY\">\n<p align=\"JUSTIFY\"><span style=\"color: #003366;\">Il est au prix de Vingt Cinq Euros Net (25,00 \u20acuros Net). Port gratuit par courrier postal ordinaire. Port forfaitaire de 7,50 \u20acuros par courrier recommand\u00e9 suivi. R\u00e8glement par tout moyen de paiement \u00e0 l\u2019ordre d\u2019\u00c9ric E.G. NOGARD.<\/span><\/p>\n<p align=\"JUSTIFY\">\n<p align=\"CENTER\"><span style=\"color: #ff0000;\"><span><strong>Ne Peut \u00eatre reproduit &#8211; m\u00eame partiellement &#8211; sans l\u2019autorisation de l\u2019Auteur.<\/strong><\/span><\/span><\/p>\n<p>&nbsp;<\/p>\n<p align=\"JUSTIFY\">\n<p align=\"JUSTIFY\"><span style=\"text-decoration: underline;\"><strong>Liens Sugg\u00e9r\u00e9s\u00a0:<\/strong><\/span><\/p>\n<p align=\"JUSTIFY\">\n<ul>\n<li>\n<p align=\"JUSTIFY\"><span style=\"color: #0000ff;\"><span style=\"text-decoration: underline;\"><a href=\"http:\/\/www.lecarrefourdesopinions.ca\/\" target=\"_blank\"><span style=\"color: #800080;\">http:\/\/www.lecarrefourdesopinions.ca<\/span><\/a><\/span><\/span><\/p>\n<\/li>\n<li>\n<p align=\"JUSTIFY\"><span style=\"color: #0000ff;\"><span style=\"text-decoration: underline;\"><a href=\"http:\/\/www.lescrutateur.com\/\">http:\/\/www.l<\/a><\/span><\/span><\/p>\n<\/li>\n<\/ul>\n<script type=\"text\/javascript\">\n\nvar addthis_config = {\"data_track_clickback\":false,\"data_track_addressbar\":false,\"data_track_textcopy\":false};\n<\/script><script type=\"text\/javascript\" src=\"\/\/s7.addthis.com\/js\/250\/addthis_widget.js#pubid=f084fdfbcefba74c78dfad3bbc873ffd\"><\/script>","protected":false},"excerpt":{"rendered":"<p align=\"CENTER\"><span style=\"color: #000099;\"><span>Pas la moindre Exception \u00e0 notre Compassion<\/span><\/span><span style=\"color: #000099;\"><span style=\"font-size: x-large;\">.<\/span><\/span><\/p>\n<p align=\"CENTER\">\n<p align=\"CENTER\"><span style=\"color: #000099;\"><span>=====<\/span><\/span><\/p>\n<p align=\"JUSTIFY\"><span style=\"color: #632423;\"><span style=\"font-family: 'Comic Sans MS', cursive;\"><span style=\"font-size: large;\">Pas la moindre Exception \u00e0 notre Compassion<\/span><\/span><\/span><span style=\"color: #632423;\"><span style=\"font-family: 'Comic Sans MS', cursive;\"><span style=\"font-size: large;\">.<\/span><\/span><\/span><\/p>\n<p align=\"JUSTIFY\">\n<p align=\"JUSTIFY\"><span style=\"color: #632423;\"><span style=\"font-family: 'Comic Sans MS', cursive;\"><span style=\"font-size: large;\">Car, si brillants ou si charmants soient-ils, le D\u00e9pressif, le Bipolaire, ne sont-ils pas de nos jours aussi exclus Que <\/span><\/span><\/span>&hellip;<\/p>\n","protected":false},"author":1,"featured_media":0,"comment_status":"open","ping_status":"open","sticky":false,"template":"","format":"standard","meta":{"footnotes":""},"categories":[1],"tags":[],"class_list":["post-11416","post","type-post","status-publish","format-standard","hentry","category-accueil"],"_links":{"self":[{"href":"https:\/\/www.lecarrefourdesopinions.ca\/index.php?rest_route=\/wp\/v2\/posts\/11416","targetHints":{"allow":["GET"]}}],"collection":[{"href":"https:\/\/www.lecarrefourdesopinions.ca\/index.php?rest_route=\/wp\/v2\/posts"}],"about":[{"href":"https:\/\/www.lecarrefourdesopinions.ca\/index.php?rest_route=\/wp\/v2\/types\/post"}],"author":[{"embeddable":true,"href":"https:\/\/www.lecarrefourdesopinions.ca\/index.php?rest_route=\/wp\/v2\/users\/1"}],"replies":[{"embeddable":true,"href":"https:\/\/www.lecarrefourdesopinions.ca\/index.php?rest_route=%2Fwp%2Fv2%2Fcomments&post=11416"}],"version-history":[{"count":3,"href":"https:\/\/www.lecarrefourdesopinions.ca\/index.php?rest_route=\/wp\/v2\/posts\/11416\/revisions"}],"predecessor-version":[{"id":11421,"href":"https:\/\/www.lecarrefourdesopinions.ca\/index.php?rest_route=\/wp\/v2\/posts\/11416\/revisions\/11421"}],"wp:attachment":[{"href":"https:\/\/www.lecarrefourdesopinions.ca\/index.php?rest_route=%2Fwp%2Fv2%2Fmedia&parent=11416"}],"wp:term":[{"taxonomy":"category","embeddable":true,"href":"https:\/\/www.lecarrefourdesopinions.ca\/index.php?rest_route=%2Fwp%2Fv2%2Fcategories&post=11416"},{"taxonomy":"post_tag","embeddable":true,"href":"https:\/\/www.lecarrefourdesopinions.ca\/index.php?rest_route=%2Fwp%2Fv2%2Ftags&post=11416"}],"curies":[{"name":"wp","href":"https:\/\/api.w.org\/{rel}","templated":true}]}}