{"id":11405,"date":"2015-04-02T15:51:48","date_gmt":"2015-04-02T19:51:48","guid":{"rendered":"http:\/\/www.lecarrefourdesopinions.ca\/?p=11405"},"modified":"2015-04-02T15:51:48","modified_gmt":"2015-04-02T19:51:48","slug":"ne-confondons-pas-les-pedales","status":"publish","type":"post","link":"https:\/\/www.lecarrefourdesopinions.ca\/?p=11405","title":{"rendered":"Ne confondons pas les p\u00e9dales."},"content":{"rendered":"<p align=\"CENTER\"><span style=\"color: #000099;\"><span><em><strong>Ne confondons pas les p\u00e9dales<\/strong><\/em><\/span><\/span><span style=\"color: #000099;\"><span style=\"font-size: x-large;\"><em><strong>.<\/strong><\/em><\/span><\/span><\/p>\n<p align=\"CENTER\"><strong style=\"color: #000099;\">=====<\/strong><\/p>\n<p align=\"JUSTIFY\">\u00a0<img loading=\"lazy\" decoding=\"async\" class=\"alignleft size-thumbnail wp-image-10919\" title=\"Eric\" src=\"http:\/\/www.lecarrefourdesopinions.ca\/wp-content\/uploads\/2014\/09\/Eric-134x107.jpg\" alt=\"\" width=\"134\" height=\"107\" \/><\/p>\n<p align=\"JUSTIFY\">\n<p align=\"JUSTIFY\">\n<p align=\"JUSTIFY\">\n<p align=\"JUSTIFY\"><span style=\"color: #632423;\"><span style=\"font-family: 'Comic Sans MS', cursive;\"><span style=\"font-size: large;\">\u00c9ric E.G. NOGARD<\/span><\/span><\/span><\/p>\n<p align=\"JUSTIFY\"><span style=\"color: #c00000;\"><span style=\"font-size: large;\"><em>Le petit Chroniqueur<\/em><\/span><\/span><span style=\"color: #c00000;\"><span style=\"font-size: large;\">.<\/span><\/span><\/p>\n<p style=\"text-align: center;\">\u00a0<span style=\"font-size: large;\">*** *** ***<\/span><\/p>\n<p align=\"JUSTIFY\"><span style=\"font-family: 'Arial Rounded MT Bold', sans-serif;\"><span style=\"font-size: large;\"><em>D\u00e9value-t-on sa monnaie par bon plaisir et de ga\u00eet\u00e9 de c\u0153ur\u00a0?<\/em><\/span><\/span><\/p>\n<p align=\"JUSTIFY\">\n<p align=\"JUSTIFY\"><span style=\"font-family: 'Comic Sans MS', cursive;\"><span style=\"font-size: large;\">Nous en sommes assez sceptiques \u00e0 Martinique Province Fran\u00e7aise d\u2019Am\u00e9rique, nous qui sommes port\u00e9s \u00e0 y voir le jet de l\u2019\u00e9ponge sur le <\/span><\/span><span style=\"font-family: Arial, sans-serif;\"><span style=\"font-size: large;\"><em>ring<\/em><\/span><\/span><span style=\"font-family: 'Comic Sans MS', cursive;\"><span style=\"font-size: large;\">, au cours d\u2019un <\/span><\/span><span style=\"font-family: Arial, sans-serif;\"><span style=\"font-size: large;\"><em>round<\/em><\/span><\/span><span style=\"font-family: 'Comic Sans MS', cursive;\"><span style=\"font-size: large;\"> qu\u2019on ne peut plus soutenir.<\/span><\/span><\/p>\n<p align=\"JUSTIFY\">\n<p align=\"JUSTIFY\">\n<p align=\"JUSTIFY\"><span style=\"font-family: 'Arial Rounded MT Bold', sans-serif;\"><span style=\"font-size: large;\"><em>D\u00e9value-t-on sa monnaie sous pr\u00e9texte de booster ou de doper sa comp\u00e9titivit\u00e9 \u00e9conomique\u00a0?<\/em><\/span><\/span><\/p>\n<p align=\"JUSTIFY\">\n<p align=\"JUSTIFY\"><span style=\"font-family: 'Comic Sans MS', cursive;\"><span style=\"font-size: large;\">Nous sommes enclins \u00e0 en douter, tent\u00e9s que nous sommes d\u2019y voir, non pas un<\/span><\/span><span style=\"font-family: Arial, sans-serif;\"><span style=\"font-size: large;\"><em>dropping somewhere<\/em><\/span><\/span><span style=\"font-size: large;\">, <\/span><span style=\"font-family: 'Comic Sans MS', cursive;\"><span style=\"font-size: large;\">non pas un largage quelque part, mais l\u2019homologation d\u2019un d\u00e9clin \u00e9conomique que t\u00e9moigne sa propre monnaie face aux autres.<\/span><\/span><\/p>\n<p align=\"JUSTIFY\">\n<p align=\"CENTER\"><img loading=\"lazy\" decoding=\"async\" class=\"alignnone size-thumbnail wp-image-11406\" title=\"business worries with graph\" src=\"http:\/\/www.lecarrefourdesopinions.ca\/wp-content\/uploads\/2015\/03\/F1-Monnaie-en-chute-migraine-\u00e9conomique-134x107.jpg\" alt=\"\" width=\"134\" height=\"107\" \/><\/p>\n<p align=\"CENTER\"><span style=\"font-size: large;\"><strong>F1\u00a0:<\/strong><\/span><span style=\"color: #c00000;\"><span style=\"font-size: large;\"><em>Monnaie en chute, migraine \u00e9conomique.<\/em><\/span><\/span><\/p>\n<p align=\"JUSTIFY\">\n<p align=\"JUSTIFY\"><span style=\"font-family: 'Comic Sans MS', cursive;\"><span style=\"font-size: large;\">D\u00e9valuer sa monnaie n\u2019est ni<\/span><\/span><span style=\"font-family: Arial, sans-serif;\"><span style=\"font-size: large;\"><em>booster<\/em><\/span><\/span><span style=\"font-size: large;\">, <\/span><span style=\"font-family: 'Comic Sans MS', cursive;\"><span style=\"font-size: large;\">ni doper, ni<\/span><\/span><span style=\"font-size: large;\"> \u00ab\u00a0<\/span><span style=\"font-family: Arial, sans-serif;\"><span style=\"font-size: large;\"><em>dropper<\/em><\/span><\/span><span style=\"font-size: large;\">\u00a0\u00bb <\/span><span style=\"font-family: 'Comic Sans MS', cursive;\"><span style=\"font-size: large;\">son \u00e9conomie, c\u2019est homologuer sa rel\u00e9gation \u00e0 l\u2019arri\u00e8re plan, tout simplement<\/span><\/span><span style=\"font-size: large;\">. <\/span><\/p>\n<p align=\"JUSTIFY\">\n<p align=\"JUSTIFY\"><span style=\"font-size: large;\">Et, \u00e0 moins d\u2019y voir clair et de le faire comprendre \u00e0 ses administr\u00e9s, leur montrant du m\u00eame coup, en quoi blesse le b\u00e2t, on se condamne soi-m\u00eame \u00e0 d\u00e9valuer encore et encore\u2026 jusqu\u2019\u00e0 la consomption, quitte \u00e0 ce que nos experts en \u00e9conomie nous contredisent l\u00e0-dessus, avec l\u2019appui des Syndicats, ces Naufrageurs qui s\u2019ignorent.<\/span><\/p>\n<p align=\"JUSTIFY\">\n<p align=\"JUSTIFY\">\n<p align=\"JUSTIFY\"><span style=\"font-family: 'Comic Sans MS', cursive;\"><span style=\"font-size: large;\">Qu\u2019on nous \u00e9coute en ceci, et remontons jusqu\u2019au Conflit de 1939-1945 qui nous opposa \u00e0 l\u2019Allemagne<\/span><\/span><span style=\"font-size: large;\">.<\/span><\/p>\n<p align=\"JUSTIFY\">\n<ul>\n<li>\n<p align=\"JUSTIFY\"><span style=\"font-size: large;\"><em><strong>Quelle Nation Europ\u00e9enne, de cette Guerre dite Mondiale, a \u00e9t\u00e9 davantage extermin\u00e9e que l\u2019Allemagne<\/strong><\/em><\/span><span style=\"font-size: large;\"> et priv\u00e9e de toutes ses possessions <\/span><span style=\"font-family: Arial, sans-serif;\"><span style=\"font-size: large;\"><em>intra <\/em><\/span><\/span><span style=\"font-size: large;\">ou <\/span><span style=\"font-family: Arial, sans-serif;\"><span style=\"font-size: large;\"><em>extra muros<\/em><\/span><\/span><span style=\"font-size: large;\">, Humaines et Mat\u00e9rielles. <\/span><\/p>\n<\/li>\n<\/ul>\n<p align=\"JUSTIFY\">\n<p align=\"JUSTIFY\"><span style=\"font-size: large;\"><em><strong>En tout cas, ce n\u2019est pas la France<\/strong><\/em><\/span><span style=\"font-size: large;\"> dont la Capitale Paris a \u00e9t\u00e9 \u00e9pargn\u00e9e d\u2019un bombardement qui l\u2019e\u00fbt volatilis\u00e9e et dispers\u00e9e aux quatre vents.<\/span><\/p>\n<p align=\"JUSTIFY\">\u00a0 \u00a0 \u00a0 \u00a0 \u00a0 \u00a0 \u00a0 \u00a0 \u00a0 \u00a0 \u00a0 \u00a0 \u00a0 \u00a0 \u00a0 \u00a0 \u00a0 \u00a0 \u00a0 \u00a0 \u00a0 \u00a0 \u00a0 \u00a0 \u00a0 \u00a0 \u00a0 \u00a0<img loading=\"lazy\" decoding=\"async\" class=\"alignnone size-thumbnail wp-image-11407\" title=\"F2 1 1945 Arc de Triomphe\" src=\"http:\/\/www.lecarrefourdesopinions.ca\/wp-content\/uploads\/2015\/03\/F2-1-1945-Arc-de-Triomphe-134x107.jpg\" alt=\"\" width=\"134\" height=\"107\" \/>\u00a0 \u00a0 \u00a0 \u00a0 \u00a0<img loading=\"lazy\" decoding=\"async\" class=\"alignnone size-thumbnail wp-image-11412\" title=\"Berlin \/ Brandenburger Tor 1945\" src=\"http:\/\/www.lecarrefourdesopinions.ca\/wp-content\/uploads\/2015\/03\/F2-2-Porte-de-Brandebourg1-134x107.jpg\" alt=\"\" width=\"134\" height=\"107\" \/><\/p>\n<p align=\"JUSTIFY\">\n<p align=\"CENTER\"><span style=\"font-size: large;\"><strong>F2\u00a0:<\/strong><\/span><span style=\"color: #c00000;\"><span style=\"font-size: large;\"><em><strong>1945\u00a0:<\/strong><\/em><\/span><\/span><span style=\"color: #c00000;\"><span style=\"font-size: large;\"><em> Arc de Triomphe \u2013 Porte de Brandebourg.<\/em><\/span><\/span><\/p>\n<p align=\"JUSTIFY\">\n<ul>\n<li>\n<p align=\"JUSTIFY\"><span style=\"font-size: large;\"><em><strong>Quelle Nation Europ\u00e9enne, dans cette Guerre dont certains croient devoir cultiver le souvenir, a davantage que la France re\u00e7u le soutien de ses alli\u00e9s<\/strong><\/em><\/span><span style=\"font-size: large;\">.<\/span><\/p>\n<\/li>\n<\/ul>\n<p align=\"JUSTIFY\">\n<p align=\"JUSTIFY\"><span style=\"font-size: large;\"><em><strong>En tout cas, ce n\u2019est pas l\u2019Allemagne<\/strong><\/em><\/span><span style=\"font-size: large;\"> qui s\u2019est vue lamin\u00e9e, d\u00e9mantel\u00e9e, sans l\u2019ombre d\u2019un Plan MASHALL effac\u00e9 des m\u00e9moires de ceux peut-\u00eatre qui davantage en on profit\u00e9.<\/span><\/p>\n<p align=\"JUSTIFY\">\n<p align=\"JUSTIFY\">\n<p align=\"JUSTIFY\"><span style=\"font-family: 'Comic Sans MS', cursive;\"><span style=\"font-size: large;\"><em><strong>Et depuis, et comment<\/strong><\/em><\/span><\/span><span style=\"font-size: large;\">.<\/span><\/p>\n<p align=\"JUSTIFY\">\n<ul>\n<li>\n<p align=\"JUSTIFY\"><span style=\"font-size: large;\"><em><strong>Une Allemagne qui n\u2019a cess\u00e9 de se relever tel le Ph\u00e9nix de ses Cendres<\/strong><\/em><\/span><span style=\"font-size: large;\">, de r\u00e9\u00e9valuer son Marck toujours plus fort, toujours plus fiable, toujours plus demand\u00e9 quand ses machines tournent et tournent \u00e0 la force des bras et des cerveaux, tous les bras et tous les cerveaux d\u2019Outre-Rhin.<\/span><\/p>\n<\/li>\n<\/ul>\n<p align=\"JUSTIFY\">\n<p align=\"JUSTIFY\">\n<p align=\"CENTER\"><img loading=\"lazy\" decoding=\"async\" class=\"alignnone size-medium wp-image-11410\" title=\"Allemange\" src=\"http:\/\/www.lecarrefourdesopinions.ca\/wp-content\/uploads\/2015\/03\/Allemange-300x182.png\" alt=\"\" width=\"300\" height=\"182\" srcset=\"https:\/\/www.lecarrefourdesopinions.ca\/wp-content\/uploads\/2015\/03\/Allemange-300x182.png 300w, https:\/\/www.lecarrefourdesopinions.ca\/wp-content\/uploads\/2015\/03\/Allemange-400x243.png 400w, https:\/\/www.lecarrefourdesopinions.ca\/wp-content\/uploads\/2015\/03\/Allemange.png 441w\" sizes=\"auto, (max-width: 300px) 100vw, 300px\" \/><\/p>\n<p align=\"CENTER\"><span style=\"font-size: large;\"><strong>F3\u00a0:<\/strong><\/span><span style=\"color: #c00000;\"><span style=\"font-size: large;\"><em>Radiographie d\u2019une dynamique et son symbole.<\/em><\/span><\/span><\/p>\n<p align=\"JUSTIFY\"><span style=\"font-size: large;\"><em><strong>Un Marck qui monte<\/strong><\/em><\/span><span style=\"font-size: large;\">\u2026 qui monte, port\u00e9 par une \u00e9conomie laborieuse, sans besoin de relance, qui conquiert des march\u00e9s, qui s\u2019\u00e9panouit sur le discret plancher de la demande publique.<\/span><\/p>\n<p align=\"JUSTIFY\">\n<p align=\"JUSTIFY\"><span style=\"font-size: large;\"><em><strong>Un Citoyen Allemand assur\u00e9 de l\u2019emploi, dont l\u2019\u00e9pargne d\u2019elle-m\u00eame prend du poids tout comme le salaire<\/strong><\/em><\/span><span style=\"font-size: large;\">, sans besoin de quelqu\u2019autre levier que la r\u00e9\u00e9valuation de sa monnaie par la fiabilit\u00e9 de son industrie, de son \u00e9conomie.<\/span><\/p>\n<p align=\"JUSTIFY\">\n<p align=\"JUSTIFY\">\n<ul>\n<li>\n<p align=\"JUSTIFY\"><span style=\"font-size: large;\"><em><strong>Une France en revanche dont le Franc chute et chute<\/strong><\/em><\/span><span style=\"font-size: large;\">, comptant sur ses nouvelles mamelles, les Cigales et puis les Syndicats toujours inassouvis, au grand bonheur de \u00ab\u00a0<\/span><span style=\"font-family: Arial, sans-serif;\"><span style=\"font-size: large;\"><em>doucineurs<\/em><\/span><\/span><span style=\"font-size: large;\">\u00a0\u00bb venus et venant de partout pour la relance d\u2019une \u00e9conomie qui ferme in\u00e9luctablement ses entreprises, qui prodigue du ch\u00f4mage faute de pouvoir s\u2019ouvrir \u00e0 l\u2019emploi, qui philosophe sur l\u2019Humanisme et s\u2019en remet \u00e0 qui pour \u00ab\u00a0d\u00e9finir l\u2019\u00e9ducation de nos enfants\u00a0\u00bb\u00a0!..<\/span><\/p>\n<\/li>\n<\/ul>\n<p align=\"JUSTIFY\">\n<p align=\"CENTER\"><img loading=\"lazy\" decoding=\"async\" class=\"alignnone size-thumbnail wp-image-11409\" title=\"Educ 2\" src=\"http:\/\/www.lecarrefourdesopinions.ca\/wp-content\/uploads\/2015\/03\/Educ-2-134x107.png\" alt=\"\" width=\"134\" height=\"107\" \/><\/p>\n<p align=\"CENTER\"><span style=\"font-size: large;\"><strong>F4\u00a0:<\/strong><\/span><span style=\"color: #c00000;\"><span style=\"font-size: large;\"><em>Pour d\u00e9finir l\u2019\u00e9ducation de nos enfants\u00a0?<\/em><\/span><\/span><\/p>\n<p align=\"CENTER\"><span style=\"color: #c00000;\"><span style=\"font-size: large;\"><em><strong>Autant \u00e9lire la F.M. au S.U.\u00a0!<\/strong><\/em><\/span><\/span><\/p>\n<p align=\"JUSTIFY\"><span style=\"font-family: 'Comic Sans MS', cursive;\"><span style=\"font-size: large;\"><em><strong>D\u2019Or qu\u2019il \u00e9tait, le Franc est pass\u00e9 \u00e0 l\u2019Argent, au Nickel, au Cupro, \u00e0 l\u2019Aluminium, sans relance pour autant de notre \u00c9conomie<\/strong><\/em><\/span><\/span><span style=\"font-size: large;\">.<\/span><\/p>\n<p align=\"JUSTIFY\">\n<p align=\"JUSTIFY\"><span style=\"font-size: large;\">De Lourd comme De-Gaulle l\u2019a voulu, il s\u2019est effrit\u00e9 pour \u00eatre sous Tonton plus l\u00e9ger qu\u2019une plume sans relance pour autant de notre \u00e9conomie.<\/span><\/p>\n<p align=\"JUSTIFY\">\n<p align=\"JUSTIFY\"><span style=\"font-family: 'Comic Sans MS', cursive;\"><span style=\"font-size: large;\">Et nous voil\u00e0 r\u00e9duits \u00e0 vendre nos armements pour en louer au besoin, quitte \u00e0 payer en monnaie de singe<\/span><\/span><span style=\"font-size: large;\">.<\/span><\/p>\n<p align=\"JUSTIFY\">\n<p align=\"JUSTIFY\"><span style=\"font-size: large;\"><em><strong>Et le Fran\u00e7ais qui ne s\u2019arr\u00eate pas de s\u2019appauvrir<\/strong><\/em><\/span><span style=\"font-size: large;\"> jusqu\u2019\u00e0 la d\u00e8che, jusqu\u2019\u00e0 mendier, jusqu\u2019\u00e0 fouiller dans les poubelles.<\/span><\/p>\n<p align=\"CENTER\"><img loading=\"lazy\" decoding=\"async\" class=\"alignnone size-thumbnail wp-image-11408\" title=\"F6 et nos poubelles aussi   Nos restos du coeur sont en rupture de stock\" src=\"http:\/\/www.lecarrefourdesopinions.ca\/wp-content\/uploads\/2015\/03\/F6-et-nos-poubelles-aussi-Nos-restos-du-coeur-sont-en-rupture-de-stock-134x107.jpg\" alt=\"\" width=\"134\" height=\"107\" \/><\/p>\n<p align=\"CENTER\"><span style=\"font-size: large;\"><strong>F6\u00a0:<\/strong><\/span><span style=\"color: #c00000;\"><span style=\"font-size: large;\"><em>\u2026 et nos poubelles aussi.<\/em><\/span><\/span><\/p>\n<p align=\"CENTER\"><span style=\"color: #c00000;\"><span style=\"font-size: large;\"><em><strong>Nos Restos du C\u0153ur sont en rupture de stock.<\/strong><\/em><\/span><\/span><\/p>\n<p align=\"CENTER\">\n<p align=\"JUSTIFY\"><span style=\"font-family: 'Comic Sans MS', cursive;\"><span style=\"font-size: large;\"><em><strong>Peut-\u00eatre qu\u2019en \u00c9conomie, nous trompons-nous de p\u00e9dales<\/strong><\/em><\/span><\/span><span style=\"font-family: 'Comic Sans MS', cursive;\"><span style=\"font-size: large;\">.<\/span><\/span><\/p>\n<p align=\"JUSTIFY\">\n<p align=\"JUSTIFY\"><span style=\"font-family: 'Comic Sans MS', cursive;\"><span style=\"font-size: large;\">Peut-\u00eatre voulons-nous trop embrasser pour bien \u00e9treindre.<\/span><\/span><\/p>\n<p align=\"JUSTIFY\">\n<p align=\"JUSTIFY\"><span style=\"font-family: 'Comic Sans MS', cursive;\"><span style=\"font-size: large;\">Peut-\u00eatre nous \u00e9teignons-nous \u00e0 vouloir aviver le feu des autres.<\/span><\/span><\/p>\n<p align=\"JUSTIFY\">\n<p align=\"JUSTIFY\"><span style=\"font-family: 'Comic Sans MS', cursive;\"><span style=\"font-size: large;\">Peut-\u00eatre avons-nous trop d\u2019experts en \u00e9conomie.<\/span><\/span><\/p>\n<p align=\"JUSTIFY\">\n<p align=\"JUSTIFY\"><span style=\"font-family: 'Comic Sans MS', cursive;\"><span style=\"font-size: large;\">Peut-\u00eatre enfin devrions-nous nous en remettre au Travail, \u00e0 la famille, \u00e0 la Patrie,<\/span><\/span><\/p>\n<p align=\"JUSTIFY\">\n<p align=\"JUSTIFY\"><span style=\"font-family: 'Comic Sans MS', cursive;\"><span style=\"font-size: large;\">Par la Gr\u00e2ce de Dieu.<\/span><\/span><\/p>\n<p align=\"JUSTIFY\">\n<p align=\"CENTER\"><span style=\"font-size: large;\">*** *** ***<\/span><\/p>\n<p>&nbsp;<\/p>\n<p><span style=\"color: #ff0000;\"><span style=\"font-size: large;\"><strong>Nota : <\/strong><\/span><\/span><span style=\"color: #000000;\"><span style=\"font-size: large;\">Nous ne traitons que de Faits et de Noms rendus Publics.<\/span><\/span><\/p>\n<p align=\"CENTER\">\n<p align=\"CENTER\"><span style=\"color: #000000;\"><span style=\"font-size: large;\">*** *** ***<\/span><\/span><\/p>\n<p align=\"JUSTIFY\"><span style=\"font-size: large;\"><strong>N.B.:<\/strong><\/span><span style=\"font-size: large;\"> &#8211; <\/span><span style=\"color: #c00000;\"><span style=\"font-family: 'Comic Sans MS', cursive;\"><span style=\"font-size: large;\">Nous Recommandons instamment et syst\u00e9matiquement l\u2019ouverture de la (ou des) pi\u00e8ce(s) jointe(s) \u00e0 l\u2019e-mail, sous format Pdf, <\/span><\/span><\/span><span style=\"color: #c00000;\"><span style=\"font-family: 'Comic Sans MS', cursive;\"><span style=\"font-size: large;\"><span style=\"text-decoration: underline;\">les illustrations y sont incluses<\/span><\/span><\/span><\/span><span style=\"color: #c00000;\"><span style=\"font-family: 'Comic Sans MS', cursive;\"><span style=\"font-size: large;\">.<\/span><\/span><\/span><\/p>\n<p align=\"CENTER\"><span style=\"font-size: large;\"><strong>*** *** ***<\/strong><\/span><\/p>\n<p align=\"CENTER\"><span style=\"color: #632423;\"><span>Avis de vente de M\u00e9moire.<\/span><\/span><\/p>\n<p align=\"JUSTIFY\"><strong><span style=\"color: #003366;\"><span style=\"font-family: Arial, sans-serif;\">Demandez le M\u00e9moire de \u00ab\u00a0<\/span><\/span><span style=\"color: #003366;\"><span style=\"font-family: Arial, sans-serif;\"><em>Martinique Province Fran\u00e7aise d\u2019Am\u00e9rique<\/em><\/span><\/span><span style=\"color: #003366;\"><span style=\"font-family: Arial, sans-serif;\">\u00a0\u00bb au Front National Fran\u00e7ais.<\/span><\/span><\/strong><\/p>\n<p align=\"JUSTIFY\"><strong>\u00a0<\/strong><\/p>\n<p align=\"JUSTIFY\"><strong><span style=\"color: #003366;\"><span style=\"font-family: Arial, sans-serif;\">Eu \u00e9gard \u00e0 l\u2019Ind\u00e9pendance et \u00e0 la Justesse de son analyse, il vaut pour tout Parti du Spectre Politique Fran\u00e7ais<\/span><\/span><span style=\"color: #003366;\">.<\/span><\/strong><\/p>\n<p align=\"JUSTIFY\"><strong>\u00a0<\/strong><\/p>\n<p align=\"JUSTIFY\"><strong><span style=\"color: #003366;\">Il est au prix de Vingt Cinq Euros Net (25,00 \u20acuros Net). Port gratuit par courrier postal ordinaire. Port forfaitaire de 7,50 \u20acuros par courrier recommand\u00e9 suivi. R\u00e8glement par tout moyen de paiement \u00e0 l\u2019ordre d\u2019\u00c9ric E.G. NOGARD.<\/span><\/strong><\/p>\n<p align=\"JUSTIFY\"><strong>\u00a0<\/strong><\/p>\n<p align=\"CENTER\"><strong><span style=\"color: #ff0000;\">Ne Peut \u00eatre reproduit &#8211; m\u00eame partiellement &#8211; sans l\u2019autorisation de l\u2019Auteur.<\/span><\/strong><\/p>\n<p><strong>\u00a0<\/strong><\/p>\n<script type=\"text\/javascript\">\n\nvar addthis_config = {\"data_track_clickback\":false,\"data_track_addressbar\":false,\"data_track_textcopy\":false};\n<\/script><script type=\"text\/javascript\" src=\"\/\/s7.addthis.com\/js\/250\/addthis_widget.js#pubid=f084fdfbcefba74c78dfad3bbc873ffd\"><\/script>","protected":false},"excerpt":{"rendered":"<p align=\"CENTER\"><span style=\"color: #000099;\"><span>Ne confondons pas les p\u00e9dales<\/span><\/span><span style=\"color: #000099;\"><span style=\"font-size: x-large;\">.<\/span><\/span><\/p>\n<p align=\"CENTER\">=====<\/p>\n<p align=\"JUSTIFY\">\u00a0<\/p>\n<p align=\"JUSTIFY\">\n<p align=\"JUSTIFY\">\n<p align=\"JUSTIFY\">\n<p align=\"JUSTIFY\"><span style=\"color: #632423;\"><span style=\"font-family: 'Comic Sans MS', cursive;\"><span style=\"font-size: large;\">\u00c9ric E.G. NOGARD<\/span><\/span><\/span><\/p>\n<p align=\"JUSTIFY\"><span style=\"color: #c00000;\"><span style=\"font-size: large;\">Le petit Chroniqueur<\/span><\/span><span style=\"color: #c00000;\"><span style=\"font-size: large;\">.<\/span><\/span><\/p>\n<p style=\"text-align: center;\">\u00a0<span style=\"font-size: large;\">*** *** ***<\/span><\/p>\n<p align=\"JUSTIFY\"><span style=\"font-family: 'Arial Rounded MT Bold', sans-serif;\"><span style=\"font-size: large;\">D\u00e9value-t-on sa monnaie par bon plaisir et de ga\u00eet\u00e9 de c\u0153ur\u00a0?<\/span><\/span><\/p>\n<p align=\"JUSTIFY\">\n<p align=\"JUSTIFY\"><span style=\"font-family: 'Comic Sans MS', cursive;\"><span style=\"font-size: large;\">Nous en sommes assez sceptiques \u00e0 Martinique Province <\/span><\/span>&hellip;<\/p>\n","protected":false},"author":1,"featured_media":0,"comment_status":"open","ping_status":"open","sticky":false,"template":"","format":"standard","meta":{"footnotes":""},"categories":[1],"tags":[],"class_list":["post-11405","post","type-post","status-publish","format-standard","hentry","category-accueil"],"_links":{"self":[{"href":"https:\/\/www.lecarrefourdesopinions.ca\/index.php?rest_route=\/wp\/v2\/posts\/11405","targetHints":{"allow":["GET"]}}],"collection":[{"href":"https:\/\/www.lecarrefourdesopinions.ca\/index.php?rest_route=\/wp\/v2\/posts"}],"about":[{"href":"https:\/\/www.lecarrefourdesopinions.ca\/index.php?rest_route=\/wp\/v2\/types\/post"}],"author":[{"embeddable":true,"href":"https:\/\/www.lecarrefourdesopinions.ca\/index.php?rest_route=\/wp\/v2\/users\/1"}],"replies":[{"embeddable":true,"href":"https:\/\/www.lecarrefourdesopinions.ca\/index.php?rest_route=%2Fwp%2Fv2%2Fcomments&post=11405"}],"version-history":[{"count":4,"href":"https:\/\/www.lecarrefourdesopinions.ca\/index.php?rest_route=\/wp\/v2\/posts\/11405\/revisions"}],"predecessor-version":[{"id":11426,"href":"https:\/\/www.lecarrefourdesopinions.ca\/index.php?rest_route=\/wp\/v2\/posts\/11405\/revisions\/11426"}],"wp:attachment":[{"href":"https:\/\/www.lecarrefourdesopinions.ca\/index.php?rest_route=%2Fwp%2Fv2%2Fmedia&parent=11405"}],"wp:term":[{"taxonomy":"category","embeddable":true,"href":"https:\/\/www.lecarrefourdesopinions.ca\/index.php?rest_route=%2Fwp%2Fv2%2Fcategories&post=11405"},{"taxonomy":"post_tag","embeddable":true,"href":"https:\/\/www.lecarrefourdesopinions.ca\/index.php?rest_route=%2Fwp%2Fv2%2Ftags&post=11405"}],"curies":[{"name":"wp","href":"https:\/\/api.w.org\/{rel}","templated":true}]}}