{"id":11400,"date":"2015-04-02T15:52:25","date_gmt":"2015-04-02T19:52:25","guid":{"rendered":"http:\/\/www.lecarrefourdesopinions.ca\/?p=11400"},"modified":"2015-04-02T15:52:25","modified_gmt":"2015-04-02T19:52:25","slug":"la-nostalgie","status":"publish","type":"post","link":"https:\/\/www.lecarrefourdesopinions.ca\/?p=11400","title":{"rendered":"La nostalgie"},"content":{"rendered":"<p style=\"text-align: center;\"><span style=\"color: #800000;\"><strong>La nostalgie<\/strong><\/span><\/p>\n<p style=\"text-align: left;\"><span style=\"color: #800000;\"><em>par Zen Maz<\/em><\/span><\/p>\n<p style=\"text-align: center;\"><strong>Les temps de notre enfance<\/strong><br \/><strong>Restent grav\u00e9s pour toujours<\/strong><br \/><strong>Le temps de l\u2019adolescence<\/strong><br \/><strong>Projette dans le futur.<\/strong><\/p>\n<p style=\"text-align: center;\"><strong>Le temps des adultes<\/strong><br \/><strong>Le temps de la r\u00e9alit\u00e9<\/strong><br \/><strong>Le temps occultent<\/strong><br \/><strong>Notre&#8230; finalit\u00e9<\/strong><\/p>\n<p style=\"text-align: center;\"><strong>Les r\u00eaves se bousculent<\/strong><br \/><strong>Les chemins sont ardus<\/strong><br \/><strong>Le pr\u00e9sent coule<\/strong><br \/><strong>Dans la r\u00e9alit\u00e9 tordue<\/strong><\/p>\n<p style=\"text-align: center;\"><strong>O\u00f9 sont nos ambitions<\/strong><br \/><strong>Tant longtemps ch\u00e9ries<\/strong><br \/><strong>O\u00f9 sont nos intentions<\/strong><br \/><strong>\u00c0 jamais gu\u00e9ries&#8230;<\/strong><\/p>\n<p style=\"text-align: center;\"><strong>La nostalgie revient<\/strong><br \/><strong>Des projets inachev\u00e9s<\/strong><br \/><strong>La nostalgie retient<\/strong><br \/><strong>Des temps inexp\u00e9riment\u00e9s<\/strong><\/p>\n<script type=\"text\/javascript\">\n\nvar addthis_config = {\"data_track_clickback\":false,\"data_track_addressbar\":false,\"data_track_textcopy\":false};\n<\/script><script type=\"text\/javascript\" src=\"\/\/s7.addthis.com\/js\/250\/addthis_widget.js#pubid=f084fdfbcefba74c78dfad3bbc873ffd\"><\/script>","protected":false},"excerpt":{"rendered":"<p style=\"text-align: center;\"><span style=\"color: #800000;\">La nostalgie<\/span><\/p>\n<p style=\"text-align: left;\"><span style=\"color: #800000;\">par Zen Maz<\/span><\/p>\n<p style=\"text-align: center;\">Les temps de notre enfanceRestent grav\u00e9s pour toujoursLe temps de l\u2019adolescenceProjette dans le futur.<\/p>\n<p style=\"text-align: center;\">Le temps des adultesLe temps de la r\u00e9alit\u00e9Le temps occultentNotre&#8230; finalit\u00e9<\/p>\n<p style=\"text-align: center;\">Les r\u00eaves se bousculentLes chemins sont ardusLe &hellip;<\/p>\n","protected":false},"author":1,"featured_media":0,"comment_status":"open","ping_status":"open","sticky":false,"template":"","format":"standard","meta":{"footnotes":""},"categories":[1],"tags":[],"class_list":["post-11400","post","type-post","status-publish","format-standard","hentry","category-accueil"],"_links":{"self":[{"href":"https:\/\/www.lecarrefourdesopinions.ca\/index.php?rest_route=\/wp\/v2\/posts\/11400","targetHints":{"allow":["GET"]}}],"collection":[{"href":"https:\/\/www.lecarrefourdesopinions.ca\/index.php?rest_route=\/wp\/v2\/posts"}],"about":[{"href":"https:\/\/www.lecarrefourdesopinions.ca\/index.php?rest_route=\/wp\/v2\/types\/post"}],"author":[{"embeddable":true,"href":"https:\/\/www.lecarrefourdesopinions.ca\/index.php?rest_route=\/wp\/v2\/users\/1"}],"replies":[{"embeddable":true,"href":"https:\/\/www.lecarrefourdesopinions.ca\/index.php?rest_route=%2Fwp%2Fv2%2Fcomments&post=11400"}],"version-history":[{"count":3,"href":"https:\/\/www.lecarrefourdesopinions.ca\/index.php?rest_route=\/wp\/v2\/posts\/11400\/revisions"}],"predecessor-version":[{"id":11427,"href":"https:\/\/www.lecarrefourdesopinions.ca\/index.php?rest_route=\/wp\/v2\/posts\/11400\/revisions\/11427"}],"wp:attachment":[{"href":"https:\/\/www.lecarrefourdesopinions.ca\/index.php?rest_route=%2Fwp%2Fv2%2Fmedia&parent=11400"}],"wp:term":[{"taxonomy":"category","embeddable":true,"href":"https:\/\/www.lecarrefourdesopinions.ca\/index.php?rest_route=%2Fwp%2Fv2%2Fcategories&post=11400"},{"taxonomy":"post_tag","embeddable":true,"href":"https:\/\/www.lecarrefourdesopinions.ca\/index.php?rest_route=%2Fwp%2Fv2%2Ftags&post=11400"}],"curies":[{"name":"wp","href":"https:\/\/api.w.org\/{rel}","templated":true}]}}