{"id":11386,"date":"2015-04-02T15:52:48","date_gmt":"2015-04-02T19:52:48","guid":{"rendered":"http:\/\/www.lecarrefourdesopinions.ca\/?p=11386"},"modified":"2015-04-02T15:52:48","modified_gmt":"2015-04-02T19:52:48","slug":"pour-un-virage-energetique-au-quebec","status":"publish","type":"post","link":"https:\/\/www.lecarrefourdesopinions.ca\/?p=11386","title":{"rendered":"Pour un virage \u00e9nerg\u00e9tique au Qu\u00e9bec"},"content":{"rendered":"<p style=\"text-align: center;\">Pour un virage \u00e9nerg\u00e9tique au Qu\u00e9bec<\/p>\n<p><em><span style=\"color: #800000;\">\u00a0<img loading=\"lazy\" decoding=\"async\" class=\"alignnone size-thumbnail wp-image-10846\" title=\"Louise Morand\" src=\"http:\/\/www.lecarrefourdesopinions.ca\/wp-content\/uploads\/2014\/07\/Louise-Morand-134x107.png\" alt=\"\" width=\"134\" height=\"107\" \/> \u00a0 \u00a0 \u00a0 \u00a0 \u00a0<\/span><\/em><\/p>\n<p><em><span style=\"color: #800000;\"> \u00a0 \u00a0 par\u00a0Louise Morand<\/span><\/em><\/p>\n<p style=\"text-align: justify;\">L\u2019avenir de la plan\u00e8te se pr\u00e9cise, bien que nous ne soyons qu\u2019au d\u00e9but de la crise climatique. Cette ann\u00e9e, l\u2019Am\u00e9rique centrale, le Br\u00e9sil, l\u2019Espagne, le Kenya et la Californie ont perdu des grandes parts de leurs r\u00e9coltes \u00e0 cause de s\u00e9cheresses extr\u00eames. Le prix des denr\u00e9es alimentaires a fait un nouveau bond \u00e0 la hausse. Les for\u00eats australiennes br\u00fblent pour le 2<sup>e<\/sup> \u00e9t\u00e9 cons\u00e9cutif. Un autre typhon meurtrier a d\u00e9vast\u00e9 des \u00eeles du Pacifique sud. Plusieurs \u00e9tats am\u00e9ricains manquent d\u2019eau.<\/p>\n<p style=\"text-align: justify;\">\n<p style=\"text-align: justify;\">\n<p style=\"text-align: justify;\">Les sc\u00e9narios de la crise climatique sont connus. Si nous ne parvenons pas \u00e0 limiter la hausse du r\u00e9chauffement global de la plan\u00e8te \u00e0 2 degr\u00e9s Celsius, notre civilisation ainsi qu\u2019une grande partie de la vie sur la Terre seront d\u00e9truites. Selon des estimations prudentes de la part de scientifiques chevronn\u00e9s, experts du climat, au rythme o\u00f9 vont nos \u00e9missions de gaz \u00e0 effets de serre, ce seuil de 2 degr\u00e9s devrait \u00eatre atteint vers 2030<sup><a name=\"sdfootnote1anc\" href=\"#sdfootnote1sym\"><\/a><sup>1<\/sup><\/sup>. Pour les g\u00e9n\u00e9rations de nos enfants et petits-enfants, cela signifie la perspective d\u2019un avenir mis\u00e9rable dans un environnement devenu chaotique et invivable.<\/p>\n<p style=\"text-align: justify;\">\n<p style=\"text-align: justify;\">\n<p style=\"text-align: justify;\">Plusieurs experts, climatologues, \u00e9conomistes, biophysiciens et ing\u00e9nieurs affirment que cette crise climatique peut encore \u00eatre \u00e9vit\u00e9e et que nous poss\u00e9dons toutes les ressources \u00e9nerg\u00e9tiques, technologiques et financi\u00e8res pour \u00e9liminer nos gaz \u00e0 effets de serre. Avec son potentiel d\u2019\u00e9nergie \u00e9olienne et hydro\u00e9lectrique, le Qu\u00e9bec pourrait m\u00eame \u00eatre un leader mondial du virage \u00e9nerg\u00e9tique. Un groupe de 60 universitaires en provenance de toutes les provinces canadiennes a \u00e9labor\u00e9 des strat\u00e9gies pour r\u00e9ussir ce virage radical<sup><a name=\"sdfootnote2anc\" href=\"#sdfootnote2sym\"><\/a><sup>2<\/sup><\/sup>,qui est d\u00e9j\u00e0 \u00e0 notre port\u00e9e.<\/p>\n<p style=\"text-align: justify;\">\n<p style=\"text-align: justify;\">\n<p style=\"text-align: justify;\">L\u2019essayiste et environnementaliste de renomm\u00e9e internationale Naomi Klein a bien raison de dire que nos \u00e9lus gouvernent comme des l\u00e2ches<sup><a name=\"sdfootnote3anc\" href=\"#sdfootnote3sym\"><\/a><sup>3<\/sup><\/sup>. \u00c7a fait plus de 20 ans que des alertes rouges sont lanc\u00e9es sur toutes les tribunes pour souligner l\u2019urgence d\u2019arr\u00eater de produire des gaz \u00e0 effets de serre et nous n\u2019avons m\u00eame pas encore de plan de sortie du p\u00e9trole. Au contraire, en se montrant favorable au projet <span style=\"color: #000000;\">d\u2019Ol\u00e9oduc<\/span> \u00c9nergie Est de TransCanada, le Qu\u00e9bec s\u2019appr\u00eate \u00e0 favoriser les industries p\u00e9troli\u00e8res et gazi\u00e8res les plus polluantes de la plan\u00e8te.<\/p>\n<p style=\"text-align: justify;\">\n<p style=\"text-align: justify;\">\n<p style=\"text-align: justify;\">Ne soyons pas dupes des promesses d\u2019enrichissement que font miroiter les lobbies de l\u2019industrie des hydrocarbures. La crise climatique signifie le saccage de l\u2019\u00e9conomie mondiale. Qu\u00e9b\u00e9cois et qu\u00e9b\u00e9coises de tous horizons, disons haut et fort \u00e0 nos gouvernements que le p\u00e9trole des sables bitumineux, que le gaz et le p\u00e9trole de schiste, et que le p\u00e9trole dans le St-Laurent, \u00e0 Anticosti comme en Gasp\u00e9sie, doivent rester dans le sol. Et que le printemps 2015 soit un tournant d\u00e9cisif vers le grand chantier d\u2019\u00e9lectrification des transports et du chauffage des b\u00e2timents au Qu\u00e9bec!<\/p>\n<p lang=\"fr-CA\">\n<p lang=\"fr-CA\">\n<div id=\"sdfootnote1\">\n<p lang=\"fr-CA\"><span style=\"color: #000000;\"><span style=\"font-family: Calibri, sans-serif;\"><span style=\"font-size: small;\"><a name=\"sdfootnote1sym\" href=\"#sdfootnote1anc\"><\/a>1<span style=\"font-size: small;\"><em>Le seuil critique<\/em><\/span><span style=\"font-size: small;\">. <\/span><span style=\"color: #0000ff;\"><span style=\"text-decoration: underline;\"><a href=\"http:\/\/www.climatechallenge.be\/fr\/des-infos-en-mots-et-en-images\/le-changement-climatique\/les-hommes-et-le-climat\/seuil-critique.aspx\"><span style=\"font-size: small;\">http:\/\/www.climatechallenge.be\/fr\/des-infos-en-mots-et-en-images\/le-changement-climatique\/les-hommes-et-le-climat\/seuil-critique.aspx<\/span><\/a><\/span><\/span><\/span><\/span><\/span><\/p>\n<\/div>\n<div id=\"sdfootnote2\">\n<p lang=\"fr-CA\"><span style=\"color: #000000;\"><span style=\"font-family: Calibri, sans-serif;\"><span style=\"font-size: small;\"><a name=\"sdfootnote2sym\" href=\"#sdfootnote2anc\"><\/a>2<span style=\"font-size: small;\"> Voir \u00ab\u00a0Dialogues pour un Canada vert\u00a0\u00bb \u00e0 <\/span><span style=\"color: #0000ff;\"><span style=\"text-decoration: underline;\"><a href=\"http:\/\/www.sustainablecanadadialogues.ca\/fr\/vert\"><span style=\"font-size: small;\">http:\/\/www.sustainablecanadadialogues.ca\/fr\/vert<\/span><\/a><\/span><\/span><\/span><\/span><\/span><\/p>\n<\/div>\n<div id=\"sdfootnote3\">\n<p lang=\"fr-CA\"><span style=\"color: #000000;\"><span style=\"font-family: Calibri, sans-serif;\"><span style=\"font-size: small;\"><a name=\"sdfootnote3sym\" href=\"#sdfootnote3anc\"><\/a>3<span style=\"font-size: small;\"> Alexandre Shields, \u00ab\u00a0\u00c9nergie Est\u00a0: dire oui est \u201cimmoral\u201d\u00a0\u00bb. <\/span><span style=\"font-size: small;\"><em>Le Devoir<\/em><\/span><span style=\"font-size: small;\">, 16 mars 2015.<\/span><\/span><\/span><\/span><\/p>\n<\/div>\n<script type=\"text\/javascript\">\n\nvar addthis_config = {\"data_track_clickback\":false,\"data_track_addressbar\":false,\"data_track_textcopy\":false};\n<\/script><script type=\"text\/javascript\" src=\"\/\/s7.addthis.com\/js\/250\/addthis_widget.js#pubid=f084fdfbcefba74c78dfad3bbc873ffd\"><\/script>","protected":false},"excerpt":{"rendered":"<p style=\"text-align: center;\">Pour un virage \u00e9nerg\u00e9tique au Qu\u00e9bec<\/p>\n<p><span style=\"color: #800000;\">\u00a0 \u00a0 \u00a0 \u00a0 \u00a0 \u00a0<\/span><\/p>\n<p><span style=\"color: #800000;\"> \u00a0 \u00a0 par\u00a0Louise Morand<\/span><\/p>\n<p style=\"text-align: justify;\">L\u2019avenir de la plan\u00e8te se pr\u00e9cise, bien que nous ne soyons qu\u2019au d\u00e9but de la crise climatique. Cette ann\u00e9e, l\u2019Am\u00e9rique centrale, le Br\u00e9sil, l\u2019Espagne, le Kenya et la &hellip;<\/p>\n","protected":false},"author":1,"featured_media":0,"comment_status":"open","ping_status":"open","sticky":false,"template":"","format":"standard","meta":{"footnotes":""},"categories":[1],"tags":[],"class_list":["post-11386","post","type-post","status-publish","format-standard","hentry","category-accueil"],"_links":{"self":[{"href":"https:\/\/www.lecarrefourdesopinions.ca\/index.php?rest_route=\/wp\/v2\/posts\/11386","targetHints":{"allow":["GET"]}}],"collection":[{"href":"https:\/\/www.lecarrefourdesopinions.ca\/index.php?rest_route=\/wp\/v2\/posts"}],"about":[{"href":"https:\/\/www.lecarrefourdesopinions.ca\/index.php?rest_route=\/wp\/v2\/types\/post"}],"author":[{"embeddable":true,"href":"https:\/\/www.lecarrefourdesopinions.ca\/index.php?rest_route=\/wp\/v2\/users\/1"}],"replies":[{"embeddable":true,"href":"https:\/\/www.lecarrefourdesopinions.ca\/index.php?rest_route=%2Fwp%2Fv2%2Fcomments&post=11386"}],"version-history":[{"count":4,"href":"https:\/\/www.lecarrefourdesopinions.ca\/index.php?rest_route=\/wp\/v2\/posts\/11386\/revisions"}],"predecessor-version":[{"id":11428,"href":"https:\/\/www.lecarrefourdesopinions.ca\/index.php?rest_route=\/wp\/v2\/posts\/11386\/revisions\/11428"}],"wp:attachment":[{"href":"https:\/\/www.lecarrefourdesopinions.ca\/index.php?rest_route=%2Fwp%2Fv2%2Fmedia&parent=11386"}],"wp:term":[{"taxonomy":"category","embeddable":true,"href":"https:\/\/www.lecarrefourdesopinions.ca\/index.php?rest_route=%2Fwp%2Fv2%2Fcategories&post=11386"},{"taxonomy":"post_tag","embeddable":true,"href":"https:\/\/www.lecarrefourdesopinions.ca\/index.php?rest_route=%2Fwp%2Fv2%2Ftags&post=11386"}],"curies":[{"name":"wp","href":"https:\/\/api.w.org\/{rel}","templated":true}]}}